{"id":18190,"date":"2019-11-19T20:00:08","date_gmt":"2019-11-19T20:00:08","guid":{"rendered":"http:\/\/katolicka-gimnazija.hr\/?p=18190"},"modified":"2019-11-19T22:08:19","modified_gmt":"2019-11-19T22:08:19","slug":"20-11-redovita-nastava","status":"publish","type":"post","link":"https:\/\/katolicka-gimnazija.hr\/index.php\/2019\/11\/19\/20-11-redovita-nastava\/","title":{"rendered":"20.11. REDOVITA NASTAVA"},"content":{"rendered":"<p>Po\u0161tovani u\u010denici i roditelji, u srijedu\u00a0 20.11. odr\u017eat \u0107e se redovita nastava u Katoli\u010dkoj gimnaziji.<\/p>\n","protected":false},"excerpt":{"rendered":"<p>Po\u0161tovani u\u010denici i roditelji, u srijedu\u00a0 20.11. odr\u017eat \u0107e se redovita nastava u Katoli\u010dkoj gimnaziji.<\/p>\n","protected":false},"author":1,"featured_media":0,"comment_status":"closed","ping_status":"closed","sticky":false,"template":"","format":"standard","meta":{"footnotes":""},"categories":[3],"tags":[],"class_list":["post-18190","post","type-post","status-publish","format-standard","hentry","category-obavijesti"],"_links":{"self":[{"href":"https:\/\/katolicka-gimnazija.hr\/index.php\/wp-json\/wp\/v2\/posts\/18190","targetHints":{"allow":["GET"]}}],"collection":[{"href":"https:\/\/katolicka-gimnazija.hr\/index.php\/wp-json\/wp\/v2\/posts"}],"about":[{"href":"https:\/\/katolicka-gimnazija.hr\/index.php\/wp-json\/wp\/v2\/types\/post"}],"author":[{"embeddable":true,"href":"https:\/\/katolicka-gimnazija.hr\/index.php\/wp-json\/wp\/v2\/users\/1"}],"replies":[{"embeddable":true,"href":"https:\/\/katolicka-gimnazija.hr\/index.php\/wp-json\/wp\/v2\/comments?post=18190"}],"version-history":[{"count":1,"href":"https:\/\/katolicka-gimnazija.hr\/index.php\/wp-json\/wp\/v2\/posts\/18190\/revisions"}],"predecessor-version":[{"id":18191,"href":"https:\/\/katolicka-gimnazija.hr\/index.php\/wp-json\/wp\/v2\/posts\/18190\/revisions\/18191"}],"wp:attachment":[{"href":"https:\/\/katolicka-gimnazija.hr\/index.php\/wp-json\/wp\/v2\/media?parent=18190"}],"wp:term":[{"taxonomy":"category","embeddable":true,"href":"https:\/\/katolicka-gimnazija.hr\/index.php\/wp-json\/wp\/v2\/categories?post=18190"},{"taxonomy":"post_tag","embeddable":true,"href":"https:\/\/katolicka-gimnazija.hr\/index.php\/wp-json\/wp\/v2\/tags?post=18190"}],"curies":[{"name":"wp","href":"https:\/\/api.w.org\/{rel}","templated":true}]}}