{"id":18348,"date":"2019-11-28T17:00:57","date_gmt":"2019-11-28T17:00:57","guid":{"rendered":"http:\/\/katolicka-gimnazija.hr\/?p=18348"},"modified":"2019-11-28T17:05:46","modified_gmt":"2019-11-28T17:05:46","slug":"28-11-i-2-12-redovita-nastava","status":"publish","type":"post","link":"https:\/\/katolicka-gimnazija.hr\/index.php\/2019\/11\/28\/28-11-i-2-12-redovita-nastava\/","title":{"rendered":"28.11. i 2.12. REDOVITA NASTAVA"},"content":{"rendered":"<p>Po\u0161tovani u\u010denici i roditelji, nastava se u Katoli\u010dkoj gimnaziji nastavlja po redovitom rasporedu.<\/p>\n","protected":false},"excerpt":{"rendered":"<p>Po\u0161tovani u\u010denici i roditelji, nastava se u Katoli\u010dkoj gimnaziji nastavlja po redovitom rasporedu.<\/p>\n","protected":false},"author":2,"featured_media":0,"comment_status":"closed","ping_status":"closed","sticky":false,"template":"","format":"standard","meta":{"footnotes":""},"categories":[3],"tags":[],"class_list":["post-18348","post","type-post","status-publish","format-standard","hentry","category-obavijesti"],"_links":{"self":[{"href":"https:\/\/katolicka-gimnazija.hr\/index.php\/wp-json\/wp\/v2\/posts\/18348","targetHints":{"allow":["GET"]}}],"collection":[{"href":"https:\/\/katolicka-gimnazija.hr\/index.php\/wp-json\/wp\/v2\/posts"}],"about":[{"href":"https:\/\/katolicka-gimnazija.hr\/index.php\/wp-json\/wp\/v2\/types\/post"}],"author":[{"embeddable":true,"href":"https:\/\/katolicka-gimnazija.hr\/index.php\/wp-json\/wp\/v2\/users\/2"}],"replies":[{"embeddable":true,"href":"https:\/\/katolicka-gimnazija.hr\/index.php\/wp-json\/wp\/v2\/comments?post=18348"}],"version-history":[{"count":1,"href":"https:\/\/katolicka-gimnazija.hr\/index.php\/wp-json\/wp\/v2\/posts\/18348\/revisions"}],"predecessor-version":[{"id":18349,"href":"https:\/\/katolicka-gimnazija.hr\/index.php\/wp-json\/wp\/v2\/posts\/18348\/revisions\/18349"}],"wp:attachment":[{"href":"https:\/\/katolicka-gimnazija.hr\/index.php\/wp-json\/wp\/v2\/media?parent=18348"}],"wp:term":[{"taxonomy":"category","embeddable":true,"href":"https:\/\/katolicka-gimnazija.hr\/index.php\/wp-json\/wp\/v2\/categories?post=18348"},{"taxonomy":"post_tag","embeddable":true,"href":"https:\/\/katolicka-gimnazija.hr\/index.php\/wp-json\/wp\/v2\/tags?post=18348"}],"curies":[{"name":"wp","href":"https:\/\/api.w.org\/{rel}","templated":true}]}}