{"id":18412,"date":"2019-12-03T09:26:24","date_gmt":"2019-12-03T09:26:24","guid":{"rendered":"http:\/\/katolicka-gimnazija.hr\/?p=18412"},"modified":"2019-12-03T09:26:24","modified_gmt":"2019-12-03T09:26:24","slug":"sto-je-zapravo-black-friday","status":"publish","type":"post","link":"https:\/\/katolicka-gimnazija.hr\/index.php\/2019\/12\/03\/sto-je-zapravo-black-friday\/","title":{"rendered":"\u0160TO JE (ZAPRAVO) BLACK FRIDAY\u00a0?\u00bf"},"content":{"rendered":"<p>Dan u godini kad ve\u0107ina mladih (a i oni stariji) po svim mogu\u0107im trgovinama i web-stranicama tra\u017ee popuste za stvari koje si ina\u010de ne mogu priu\u0161titi. Black Friday dolazi iz Amerike (u to smo svi sigurni), ali kako je dobio ba\u0161 taj naziv, ne znamo sa sigu<a href=\"http:\/\/katolicka-gimnazija.hr\/wp-content\/uploads\/2019\/12\/Black-Friday-Tvs.jpg\"><img loading=\"lazy\" decoding=\"async\" class=\"size-medium wp-image-18415 alignright\" src=\"http:\/\/katolicka-gimnazija.hr\/wp-content\/uploads\/2019\/12\/Black-Friday-Tvs-300x186.jpg\" alt=\"\" width=\"300\" height=\"186\" srcset=\"https:\/\/katolicka-gimnazija.hr\/wp-content\/uploads\/2019\/12\/Black-Friday-Tvs-300x186.jpg 300w, https:\/\/katolicka-gimnazija.hr\/wp-content\/uploads\/2019\/12\/Black-Friday-Tvs-768x475.jpg 768w, https:\/\/katolicka-gimnazija.hr\/wp-content\/uploads\/2019\/12\/Black-Friday-Tvs-1024x634.jpg 1024w, https:\/\/katolicka-gimnazija.hr\/wp-content\/uploads\/2019\/12\/Black-Friday-Tvs-400x248.jpg 400w\" sizes=\"auto, (max-width: 300px) 100vw, 300px\" \/><\/a>rno\u0161\u0107u.<\/p>\n<p>Black Friday ozna\u010dava \u010detvrti petak u studenom \u2013 dan kada tradicionalno cijene \u201epadaju\u201c. Ovaj je (vrli op. ur.) obi\u010daj potekao iz Amerike gdje se tradicionalno obilje\u017eava dan nakon Dana zahvalnosti. Samo usput, to je onaj praznik koji Amerikanci slave uz puricu. Sigurno ste to vidjeli na filmovima \u2013 Bo\u017ei\u0107 prije Bo\u017ei\u0107a. Ove godine pada na 29. studeni te i slu\u017ebeno obilje\u017eava po\u010detak predblagdanske kupovine (\u201egroznice\u201c).<\/p>\n<p>Nekoliko je teorija kako je uop\u0107e nastao\u00a0 Black Friday ili Crni petak.<\/p>\n<p>Jedna od teorija jest da su trgovci najve\u0107i dio godine poslovali s gubicima, a onda profit ostvarivali isklju\u010divo tijekom blagdanske sezone kupovanja koja bi zapo\u010dela odmah nakon Dana zahvalnosti. Trgovci su u to vrijeme ru\u010dno ispunjavali papire. Za pad upotrebljavali su crvenu tintu, a crnu tintu za blagdanski dio godine koji im je donosio profit. Po toj teoriji upravo je Crni petak dan koji je ozna\u010davao veliki ulazak u dio godine koji je trgovcima nosio dobit.<\/p>\n<p>&nbsp;<\/p>\n<p><a href=\"http:\/\/katolicka-gimnazija.hr\/wp-content\/uploads\/2019\/12\/black-friday.jpg\"><img loading=\"lazy\" decoding=\"async\" class=\"size-medium wp-image-18416 alignright\" src=\"http:\/\/katolicka-gimnazija.hr\/wp-content\/uploads\/2019\/12\/black-friday-300x150.jpg\" alt=\"\" width=\"300\" height=\"150\" srcset=\"https:\/\/katolicka-gimnazija.hr\/wp-content\/uploads\/2019\/12\/black-friday-300x150.jpg 300w, https:\/\/katolicka-gimnazija.hr\/wp-content\/uploads\/2019\/12\/black-friday-768x384.jpg 768w, https:\/\/katolicka-gimnazija.hr\/wp-content\/uploads\/2019\/12\/black-friday-400x200.jpg 400w, https:\/\/katolicka-gimnazija.hr\/wp-content\/uploads\/2019\/12\/black-friday.jpg 900w\" sizes=\"auto, (max-width: 300px) 100vw, 300px\" \/><\/a>Osim tzv. <em>teorije crne tinte<\/em> koja je stara nekoliko desetlje\u0107a navest \u0107emo jo\u0161 koju.<br \/>\nPovjesni\u010darka Nancy Koehn s Harvarda otkrila je da se izraz Black Friday pojavio jo\u0161 1950-tih godina. Mnogi radnici izostajali su s posla dan nakon Dana zahvalnosti zbog navodne ili stvarne bolesti pa su poslodavci taj dan prozvali Crnim petkom.<br \/>\nTre\u0107a je pak teorija da su ga crnim prozvali sami zaposlenici jer je rije\u010d o napornom i duga\u010dkom danu za trgovce koji moraju odraditi velik broj kupaca koji upravo (pazi sad ovo op. ur.) ba\u0161 u \u0161opingu odlu\u010de nadoknaditi to \u0161to su dan ranije Dan zahvalnosti proveli kod ku\u0107e sa svojim obiteljima.<\/p>\n<p>Ta se pak teorija djelomi\u010dno poklapa i s onom iz 1960-ih. Naime, izraz Black Friday pojavio se i 1960-ih kada su policajci iz Philadelphie tako prozvali dan nakon blagdana zbog ogromnih gu\u017evi u prometu i trgovinama.<\/p>\n<p><img loading=\"lazy\" decoding=\"async\" class=\"size-medium wp-image-18413 alignright\" src=\"http:\/\/katolicka-gimnazija.hr\/wp-content\/uploads\/2019\/12\/auction_richd_1861-300x230.jpg\" alt=\"\" width=\"300\" height=\"230\" srcset=\"https:\/\/katolicka-gimnazija.hr\/wp-content\/uploads\/2019\/12\/auction_richd_1861-300x230.jpg 300w, https:\/\/katolicka-gimnazija.hr\/wp-content\/uploads\/2019\/12\/auction_richd_1861-768x588.jpg 768w, https:\/\/katolicka-gimnazija.hr\/wp-content\/uploads\/2019\/12\/auction_richd_1861-1024x784.jpg 1024w, https:\/\/katolicka-gimnazija.hr\/wp-content\/uploads\/2019\/12\/auction_richd_1861-392x300.jpg 392w, https:\/\/katolicka-gimnazija.hr\/wp-content\/uploads\/2019\/12\/auction_richd_1861.jpg 1176w\" sizes=\"auto, (max-width: 300px) 100vw, 300px\" \/>Zadnja i ona najpotresnija teorija jest da su u taj petak poslije Dana zahvalnosti Amerikanci po izuzetno niskim cijenama prodavali robove koji su bili crnci. I taj dan je zbog toga prozvan Black Friday.<\/p>\n<p>Koja god teorija na kraju bila istinita ili potresna u svakom je slu\u010daju rije\u010d o danu koji i danas u cijelom svijetu ozna\u010dava veliki ulazak u razdoblje blagdanske \u0161oping groznice kupovanja.<\/p>\n<p>Pripremila: Magdalena \u010cernu\u0161ak, 2.a<\/p>\n","protected":false},"excerpt":{"rendered":"<p>Dan u godini kad ve\u0107ina mladih (a i oni stariji) po svim mogu\u0107im trgovinama i web-stranicama tra\u017ee popuste za stvari koje si ina\u010de ne mogu priu\u0161titi. Black Friday dolazi iz Amerike (u to smo svi sigurni), ali kako je dobio ba\u0161 taj naziv, ne znamo sa sigurno\u0161\u0107u. Black Friday ozna\u010dava \u010detvrti petak u studenom \u2013 [&hellip;]<\/p>\n","protected":false},"author":1,"featured_media":18414,"comment_status":"closed","ping_status":"closed","sticky":false,"template":"","format":"standard","meta":{"footnotes":""},"categories":[2],"tags":[],"class_list":["post-18412","post","type-post","status-publish","format-standard","has-post-thumbnail","hentry","category-vijesti"],"_links":{"self":[{"href":"https:\/\/katolicka-gimnazija.hr\/index.php\/wp-json\/wp\/v2\/posts\/18412","targetHints":{"allow":["GET"]}}],"collection":[{"href":"https:\/\/katolicka-gimnazija.hr\/index.php\/wp-json\/wp\/v2\/posts"}],"about":[{"href":"https:\/\/katolicka-gimnazija.hr\/index.php\/wp-json\/wp\/v2\/types\/post"}],"author":[{"embeddable":true,"href":"https:\/\/katolicka-gimnazija.hr\/index.php\/wp-json\/wp\/v2\/users\/1"}],"replies":[{"embeddable":true,"href":"https:\/\/katolicka-gimnazija.hr\/index.php\/wp-json\/wp\/v2\/comments?post=18412"}],"version-history":[{"count":2,"href":"https:\/\/katolicka-gimnazija.hr\/index.php\/wp-json\/wp\/v2\/posts\/18412\/revisions"}],"predecessor-version":[{"id":18418,"href":"https:\/\/katolicka-gimnazija.hr\/index.php\/wp-json\/wp\/v2\/posts\/18412\/revisions\/18418"}],"wp:featuredmedia":[{"embeddable":true,"href":"https:\/\/katolicka-gimnazija.hr\/index.php\/wp-json\/wp\/v2\/media\/18414"}],"wp:attachment":[{"href":"https:\/\/katolicka-gimnazija.hr\/index.php\/wp-json\/wp\/v2\/media?parent=18412"}],"wp:term":[{"taxonomy":"category","embeddable":true,"href":"https:\/\/katolicka-gimnazija.hr\/index.php\/wp-json\/wp\/v2\/categories?post=18412"},{"taxonomy":"post_tag","embeddable":true,"href":"https:\/\/katolicka-gimnazija.hr\/index.php\/wp-json\/wp\/v2\/tags?post=18412"}],"curies":[{"name":"wp","href":"https:\/\/api.w.org\/{rel}","templated":true}]}}