{"id":18469,"date":"2019-12-09T08:05:06","date_gmt":"2019-12-09T08:05:06","guid":{"rendered":"http:\/\/katolicka-gimnazija.hr\/?p=18469"},"modified":"2019-12-09T08:05:06","modified_gmt":"2019-12-09T08:05:06","slug":"krugovci-i-gmpz","status":"publish","type":"post","link":"https:\/\/katolicka-gimnazija.hr\/index.php\/2019\/12\/09\/krugovci-i-gmpz\/","title":{"rendered":"KRUGOVCI I GMP\u017d"},"content":{"rendered":"<p>&#8220;Istraga&#8221;, \u010detverodnevna radionica akademske kiparice Tatjane Kostanjevi\u0107 u na\u0161em Muzeju povodom Tjedna Gradskog muzeja Po\u017eega zavr\u0161ila je 5. prosinca s najstarijim polaznicima, \u010dlanovima KRUG-a, odnosno u\u010denicima Gimnazije i Katoli\u010dke gimnazije koje vodi prof. Vera \u0106u\u017ee Abramovi\u0107.<\/p>\n<p>Tekst i foto: GMPZ<\/p>\n<div id='gallery-1' class='gallery galleryid-18469 gallery-columns-3 gallery-size-medium'><figure class='gallery-item'>\n\t\t\t<div class='gallery-icon landscape'>\n\t\t\t\t<a href='https:\/\/katolicka-gimnazija.hr\/wp-content\/uploads\/2019\/12\/79151043_2657293431022301_8231516379988099072_n.jpg'><img loading=\"lazy\" decoding=\"async\" width=\"300\" height=\"205\" src=\"https:\/\/katolicka-gimnazija.hr\/wp-content\/uploads\/2019\/12\/79151043_2657293431022301_8231516379988099072_n-300x205.jpg\" class=\"attachment-medium size-medium\" alt=\"\" srcset=\"https:\/\/katolicka-gimnazija.hr\/wp-content\/uploads\/2019\/12\/79151043_2657293431022301_8231516379988099072_n-300x205.jpg 300w, https:\/\/katolicka-gimnazija.hr\/wp-content\/uploads\/2019\/12\/79151043_2657293431022301_8231516379988099072_n-768x524.jpg 768w, https:\/\/katolicka-gimnazija.hr\/wp-content\/uploads\/2019\/12\/79151043_2657293431022301_8231516379988099072_n-400x273.jpg 400w, https:\/\/katolicka-gimnazija.hr\/wp-content\/uploads\/2019\/12\/79151043_2657293431022301_8231516379988099072_n.jpg 841w\" sizes=\"auto, (max-width: 300px) 100vw, 300px\" \/><\/a>\n\t\t\t<\/div><\/figure><figure class='gallery-item'>\n\t\t\t<div class='gallery-icon landscape'>\n\t\t\t\t<a href='https:\/\/katolicka-gimnazija.hr\/wp-content\/uploads\/2019\/12\/79645732_2657293251022319_3369955516536061952_n.jpg'><img loading=\"lazy\" decoding=\"async\" width=\"300\" height=\"205\" src=\"https:\/\/katolicka-gimnazija.hr\/wp-content\/uploads\/2019\/12\/79645732_2657293251022319_3369955516536061952_n-300x205.jpg\" class=\"attachment-medium size-medium\" alt=\"\" srcset=\"https:\/\/katolicka-gimnazija.hr\/wp-content\/uploads\/2019\/12\/79645732_2657293251022319_3369955516536061952_n-300x205.jpg 300w, https:\/\/katolicka-gimnazija.hr\/wp-content\/uploads\/2019\/12\/79645732_2657293251022319_3369955516536061952_n-768x524.jpg 768w, https:\/\/katolicka-gimnazija.hr\/wp-content\/uploads\/2019\/12\/79645732_2657293251022319_3369955516536061952_n-400x273.jpg 400w, https:\/\/katolicka-gimnazija.hr\/wp-content\/uploads\/2019\/12\/79645732_2657293251022319_3369955516536061952_n.jpg 841w\" sizes=\"auto, (max-width: 300px) 100vw, 300px\" \/><\/a>\n\t\t\t<\/div><\/figure><figure class='gallery-item'>\n\t\t\t<div class='gallery-icon landscape'>\n\t\t\t\t<a href='https:\/\/katolicka-gimnazija.hr\/wp-content\/uploads\/2019\/12\/78302836_2657293237688987_6804219715834085376_n.jpg'><img loading=\"lazy\" decoding=\"async\" width=\"300\" height=\"205\" src=\"https:\/\/katolicka-gimnazija.hr\/wp-content\/uploads\/2019\/12\/78302836_2657293237688987_6804219715834085376_n-300x205.jpg\" class=\"attachment-medium size-medium\" alt=\"\" srcset=\"https:\/\/katolicka-gimnazija.hr\/wp-content\/uploads\/2019\/12\/78302836_2657293237688987_6804219715834085376_n-300x205.jpg 300w, https:\/\/katolicka-gimnazija.hr\/wp-content\/uploads\/2019\/12\/78302836_2657293237688987_6804219715834085376_n-768x524.jpg 768w, https:\/\/katolicka-gimnazija.hr\/wp-content\/uploads\/2019\/12\/78302836_2657293237688987_6804219715834085376_n-400x273.jpg 400w, https:\/\/katolicka-gimnazija.hr\/wp-content\/uploads\/2019\/12\/78302836_2657293237688987_6804219715834085376_n.jpg 841w\" sizes=\"auto, (max-width: 300px) 100vw, 300px\" \/><\/a>\n\t\t\t<\/div><\/figure><figure class='gallery-item'>\n\t\t\t<div class='gallery-icon landscape'>\n\t\t\t\t<a href='https:\/\/katolicka-gimnazija.hr\/wp-content\/uploads\/2019\/12\/78942287_2657293557688955_8989168647024934912_n.jpg'><img loading=\"lazy\" decoding=\"async\" width=\"300\" height=\"205\" src=\"https:\/\/katolicka-gimnazija.hr\/wp-content\/uploads\/2019\/12\/78942287_2657293557688955_8989168647024934912_n-300x205.jpg\" class=\"attachment-medium size-medium\" alt=\"\" srcset=\"https:\/\/katolicka-gimnazija.hr\/wp-content\/uploads\/2019\/12\/78942287_2657293557688955_8989168647024934912_n-300x205.jpg 300w, https:\/\/katolicka-gimnazija.hr\/wp-content\/uploads\/2019\/12\/78942287_2657293557688955_8989168647024934912_n-768x524.jpg 768w, https:\/\/katolicka-gimnazija.hr\/wp-content\/uploads\/2019\/12\/78942287_2657293557688955_8989168647024934912_n-400x273.jpg 400w, https:\/\/katolicka-gimnazija.hr\/wp-content\/uploads\/2019\/12\/78942287_2657293557688955_8989168647024934912_n.jpg 841w\" sizes=\"auto, (max-width: 300px) 100vw, 300px\" \/><\/a>\n\t\t\t<\/div><\/figure><figure class='gallery-item'>\n\t\t\t<div class='gallery-icon landscape'>\n\t\t\t\t<a href='https:\/\/katolicka-gimnazija.hr\/wp-content\/uploads\/2019\/12\/78216282_2657293247688986_5280494430225170432_n.jpg'><img loading=\"lazy\" decoding=\"async\" width=\"300\" height=\"205\" src=\"https:\/\/katolicka-gimnazija.hr\/wp-content\/uploads\/2019\/12\/78216282_2657293247688986_5280494430225170432_n-300x205.jpg\" class=\"attachment-medium size-medium\" alt=\"\" srcset=\"https:\/\/katolicka-gimnazija.hr\/wp-content\/uploads\/2019\/12\/78216282_2657293247688986_5280494430225170432_n-300x205.jpg 300w, https:\/\/katolicka-gimnazija.hr\/wp-content\/uploads\/2019\/12\/78216282_2657293247688986_5280494430225170432_n-768x524.jpg 768w, https:\/\/katolicka-gimnazija.hr\/wp-content\/uploads\/2019\/12\/78216282_2657293247688986_5280494430225170432_n-400x273.jpg 400w, https:\/\/katolicka-gimnazija.hr\/wp-content\/uploads\/2019\/12\/78216282_2657293247688986_5280494430225170432_n.jpg 841w\" sizes=\"auto, (max-width: 300px) 100vw, 300px\" \/><\/a>\n\t\t\t<\/div><\/figure><figure class='gallery-item'>\n\t\t\t<div class='gallery-icon landscape'>\n\t\t\t\t<a href='https:\/\/katolicka-gimnazija.hr\/wp-content\/uploads\/2019\/12\/78593483_2657293244355653_582587566100840448_n.jpg'><img loading=\"lazy\" decoding=\"async\" width=\"300\" height=\"205\" src=\"https:\/\/katolicka-gimnazija.hr\/wp-content\/uploads\/2019\/12\/78593483_2657293244355653_582587566100840448_n-300x205.jpg\" class=\"attachment-medium size-medium\" alt=\"\" srcset=\"https:\/\/katolicka-gimnazija.hr\/wp-content\/uploads\/2019\/12\/78593483_2657293244355653_582587566100840448_n-300x205.jpg 300w, https:\/\/katolicka-gimnazija.hr\/wp-content\/uploads\/2019\/12\/78593483_2657293244355653_582587566100840448_n-768x524.jpg 768w, https:\/\/katolicka-gimnazija.hr\/wp-content\/uploads\/2019\/12\/78593483_2657293244355653_582587566100840448_n-400x273.jpg 400w, https:\/\/katolicka-gimnazija.hr\/wp-content\/uploads\/2019\/12\/78593483_2657293244355653_582587566100840448_n.jpg 841w\" sizes=\"auto, (max-width: 300px) 100vw, 300px\" \/><\/a>\n\t\t\t<\/div><\/figure><figure class='gallery-item'>\n\t\t\t<div class='gallery-icon landscape'>\n\t\t\t\t<a href='https:\/\/katolicka-gimnazija.hr\/wp-content\/uploads\/2019\/12\/78644754_2657293367688974_6041656544536297472_n.jpg'><img loading=\"lazy\" decoding=\"async\" width=\"300\" height=\"205\" src=\"https:\/\/katolicka-gimnazija.hr\/wp-content\/uploads\/2019\/12\/78644754_2657293367688974_6041656544536297472_n-300x205.jpg\" class=\"attachment-medium size-medium\" alt=\"\" srcset=\"https:\/\/katolicka-gimnazija.hr\/wp-content\/uploads\/2019\/12\/78644754_2657293367688974_6041656544536297472_n-300x205.jpg 300w, https:\/\/katolicka-gimnazija.hr\/wp-content\/uploads\/2019\/12\/78644754_2657293367688974_6041656544536297472_n-768x524.jpg 768w, https:\/\/katolicka-gimnazija.hr\/wp-content\/uploads\/2019\/12\/78644754_2657293367688974_6041656544536297472_n-400x273.jpg 400w, https:\/\/katolicka-gimnazija.hr\/wp-content\/uploads\/2019\/12\/78644754_2657293367688974_6041656544536297472_n.jpg 841w\" sizes=\"auto, (max-width: 300px) 100vw, 300px\" \/><\/a>\n\t\t\t<\/div><\/figure><figure class='gallery-item'>\n\t\t\t<div class='gallery-icon landscape'>\n\t\t\t\t<a href='https:\/\/katolicka-gimnazija.hr\/wp-content\/uploads\/2019\/12\/78982521_2657293254355652_4606644680304623616_n-1.jpg'><img loading=\"lazy\" decoding=\"async\" width=\"300\" height=\"205\" src=\"https:\/\/katolicka-gimnazija.hr\/wp-content\/uploads\/2019\/12\/78982521_2657293254355652_4606644680304623616_n-1-300x205.jpg\" class=\"attachment-medium size-medium\" alt=\"\" srcset=\"https:\/\/katolicka-gimnazija.hr\/wp-content\/uploads\/2019\/12\/78982521_2657293254355652_4606644680304623616_n-1-300x205.jpg 300w, https:\/\/katolicka-gimnazija.hr\/wp-content\/uploads\/2019\/12\/78982521_2657293254355652_4606644680304623616_n-1-768x524.jpg 768w, https:\/\/katolicka-gimnazija.hr\/wp-content\/uploads\/2019\/12\/78982521_2657293254355652_4606644680304623616_n-1-400x273.jpg 400w, https:\/\/katolicka-gimnazija.hr\/wp-content\/uploads\/2019\/12\/78982521_2657293254355652_4606644680304623616_n-1.jpg 841w\" sizes=\"auto, (max-width: 300px) 100vw, 300px\" \/><\/a>\n\t\t\t<\/div><\/figure><figure class='gallery-item'>\n\t\t\t<div class='gallery-icon landscape'>\n\t\t\t\t<a href='https:\/\/katolicka-gimnazija.hr\/wp-content\/uploads\/2019\/12\/78160243_2657293354355642_7688186197952167936_n.jpg'><img loading=\"lazy\" decoding=\"async\" width=\"300\" height=\"205\" src=\"https:\/\/katolicka-gimnazija.hr\/wp-content\/uploads\/2019\/12\/78160243_2657293354355642_7688186197952167936_n-300x205.jpg\" class=\"attachment-medium size-medium\" alt=\"\" srcset=\"https:\/\/katolicka-gimnazija.hr\/wp-content\/uploads\/2019\/12\/78160243_2657293354355642_7688186197952167936_n-300x205.jpg 300w, https:\/\/katolicka-gimnazija.hr\/wp-content\/uploads\/2019\/12\/78160243_2657293354355642_7688186197952167936_n-768x524.jpg 768w, https:\/\/katolicka-gimnazija.hr\/wp-content\/uploads\/2019\/12\/78160243_2657293354355642_7688186197952167936_n-400x273.jpg 400w, https:\/\/katolicka-gimnazija.hr\/wp-content\/uploads\/2019\/12\/78160243_2657293354355642_7688186197952167936_n.jpg 841w\" sizes=\"auto, (max-width: 300px) 100vw, 300px\" \/><\/a>\n\t\t\t<\/div><\/figure><figure class='gallery-item'>\n\t\t\t<div class='gallery-icon landscape'>\n\t\t\t\t<a href='https:\/\/katolicka-gimnazija.hr\/wp-content\/uploads\/2019\/12\/78982521_2657293254355652_4606644680304623616_n.jpg'><img loading=\"lazy\" decoding=\"async\" width=\"300\" height=\"205\" src=\"https:\/\/katolicka-gimnazija.hr\/wp-content\/uploads\/2019\/12\/78982521_2657293254355652_4606644680304623616_n-300x205.jpg\" class=\"attachment-medium size-medium\" alt=\"\" srcset=\"https:\/\/katolicka-gimnazija.hr\/wp-content\/uploads\/2019\/12\/78982521_2657293254355652_4606644680304623616_n-300x205.jpg 300w, https:\/\/katolicka-gimnazija.hr\/wp-content\/uploads\/2019\/12\/78982521_2657293254355652_4606644680304623616_n-768x524.jpg 768w, https:\/\/katolicka-gimnazija.hr\/wp-content\/uploads\/2019\/12\/78982521_2657293254355652_4606644680304623616_n-400x273.jpg 400w, https:\/\/katolicka-gimnazija.hr\/wp-content\/uploads\/2019\/12\/78982521_2657293254355652_4606644680304623616_n.jpg 841w\" sizes=\"auto, (max-width: 300px) 100vw, 300px\" \/><\/a>\n\t\t\t<\/div><\/figure><figure class='gallery-item'>\n\t\t\t<div class='gallery-icon landscape'>\n\t\t\t\t<a href='https:\/\/katolicka-gimnazija.hr\/wp-content\/uploads\/2019\/12\/78925136_2657293604355617_2820734945767456768_n.jpg'><img loading=\"lazy\" decoding=\"async\" width=\"300\" height=\"205\" src=\"https:\/\/katolicka-gimnazija.hr\/wp-content\/uploads\/2019\/12\/78925136_2657293604355617_2820734945767456768_n-300x205.jpg\" class=\"attachment-medium size-medium\" alt=\"\" srcset=\"https:\/\/katolicka-gimnazija.hr\/wp-content\/uploads\/2019\/12\/78925136_2657293604355617_2820734945767456768_n-300x205.jpg 300w, https:\/\/katolicka-gimnazija.hr\/wp-content\/uploads\/2019\/12\/78925136_2657293604355617_2820734945767456768_n-768x524.jpg 768w, https:\/\/katolicka-gimnazija.hr\/wp-content\/uploads\/2019\/12\/78925136_2657293604355617_2820734945767456768_n-400x273.jpg 400w, https:\/\/katolicka-gimnazija.hr\/wp-content\/uploads\/2019\/12\/78925136_2657293604355617_2820734945767456768_n.jpg 841w\" sizes=\"auto, (max-width: 300px) 100vw, 300px\" \/><\/a>\n\t\t\t<\/div><\/figure><figure class='gallery-item'>\n\t\t\t<div class='gallery-icon landscape'>\n\t\t\t\t<a href='https:\/\/katolicka-gimnazija.hr\/wp-content\/uploads\/2019\/12\/78406957_2657293741022270_4660504394830184448_n.jpg'><img loading=\"lazy\" decoding=\"async\" width=\"300\" height=\"205\" src=\"https:\/\/katolicka-gimnazija.hr\/wp-content\/uploads\/2019\/12\/78406957_2657293741022270_4660504394830184448_n-300x205.jpg\" class=\"attachment-medium size-medium\" alt=\"\" srcset=\"https:\/\/katolicka-gimnazija.hr\/wp-content\/uploads\/2019\/12\/78406957_2657293741022270_4660504394830184448_n-300x205.jpg 300w, https:\/\/katolicka-gimnazija.hr\/wp-content\/uploads\/2019\/12\/78406957_2657293741022270_4660504394830184448_n-768x524.jpg 768w, https:\/\/katolicka-gimnazija.hr\/wp-content\/uploads\/2019\/12\/78406957_2657293741022270_4660504394830184448_n-400x273.jpg 400w, https:\/\/katolicka-gimnazija.hr\/wp-content\/uploads\/2019\/12\/78406957_2657293741022270_4660504394830184448_n.jpg 841w\" sizes=\"auto, (max-width: 300px) 100vw, 300px\" \/><\/a>\n\t\t\t<\/div><\/figure><figure class='gallery-item'>\n\t\t\t<div class='gallery-icon landscape'>\n\t\t\t\t<a href='https:\/\/katolicka-gimnazija.hr\/wp-content\/uploads\/2019\/12\/78807239_2657293424355635_1387743086259470336_n.jpg'><img loading=\"lazy\" decoding=\"async\" width=\"300\" height=\"205\" src=\"https:\/\/katolicka-gimnazija.hr\/wp-content\/uploads\/2019\/12\/78807239_2657293424355635_1387743086259470336_n-300x205.jpg\" class=\"attachment-medium size-medium\" alt=\"\" srcset=\"https:\/\/katolicka-gimnazija.hr\/wp-content\/uploads\/2019\/12\/78807239_2657293424355635_1387743086259470336_n-300x205.jpg 300w, https:\/\/katolicka-gimnazija.hr\/wp-content\/uploads\/2019\/12\/78807239_2657293424355635_1387743086259470336_n-768x524.jpg 768w, https:\/\/katolicka-gimnazija.hr\/wp-content\/uploads\/2019\/12\/78807239_2657293424355635_1387743086259470336_n-400x273.jpg 400w, https:\/\/katolicka-gimnazija.hr\/wp-content\/uploads\/2019\/12\/78807239_2657293424355635_1387743086259470336_n.jpg 841w\" sizes=\"auto, (max-width: 300px) 100vw, 300px\" \/><\/a>\n\t\t\t<\/div><\/figure>\n\t\t<\/div>\n\n","protected":false},"excerpt":{"rendered":"<p>&#8220;Istraga&#8221;, \u010detverodnevna radionica akademske kiparice Tatjane Kostanjevi\u0107 u na\u0161em Muzeju povodom Tjedna Gradskog muzeja Po\u017eega zavr\u0161ila je 5. prosinca s najstarijim polaznicima, \u010dlanovima KRUG-a, odnosno u\u010denicima Gimnazije i Katoli\u010dke gimnazije koje vodi prof. Vera \u0106u\u017ee Abramovi\u0107. Tekst i foto: GMPZ<\/p>\n","protected":false},"author":2,"featured_media":18481,"comment_status":"closed","ping_status":"closed","sticky":false,"template":"","format":"standard","meta":{"footnotes":""},"categories":[211,2],"tags":[],"class_list":["post-18469","post","type-post","status-publish","format-standard","has-post-thumbnail","hentry","category-predavanja","category-vijesti"],"_links":{"self":[{"href":"https:\/\/katolicka-gimnazija.hr\/index.php\/wp-json\/wp\/v2\/posts\/18469","targetHints":{"allow":["GET"]}}],"collection":[{"href":"https:\/\/katolicka-gimnazija.hr\/index.php\/wp-json\/wp\/v2\/posts"}],"about":[{"href":"https:\/\/katolicka-gimnazija.hr\/index.php\/wp-json\/wp\/v2\/types\/post"}],"author":[{"embeddable":true,"href":"https:\/\/katolicka-gimnazija.hr\/index.php\/wp-json\/wp\/v2\/users\/2"}],"replies":[{"embeddable":true,"href":"https:\/\/katolicka-gimnazija.hr\/index.php\/wp-json\/wp\/v2\/comments?post=18469"}],"version-history":[{"count":1,"href":"https:\/\/katolicka-gimnazija.hr\/index.php\/wp-json\/wp\/v2\/posts\/18469\/revisions"}],"predecessor-version":[{"id":18483,"href":"https:\/\/katolicka-gimnazija.hr\/index.php\/wp-json\/wp\/v2\/posts\/18469\/revisions\/18483"}],"wp:featuredmedia":[{"embeddable":true,"href":"https:\/\/katolicka-gimnazija.hr\/index.php\/wp-json\/wp\/v2\/media\/18481"}],"wp:attachment":[{"href":"https:\/\/katolicka-gimnazija.hr\/index.php\/wp-json\/wp\/v2\/media?parent=18469"}],"wp:term":[{"taxonomy":"category","embeddable":true,"href":"https:\/\/katolicka-gimnazija.hr\/index.php\/wp-json\/wp\/v2\/categories?post=18469"},{"taxonomy":"post_tag","embeddable":true,"href":"https:\/\/katolicka-gimnazija.hr\/index.php\/wp-json\/wp\/v2\/tags?post=18469"}],"curies":[{"name":"wp","href":"https:\/\/api.w.org\/{rel}","templated":true}]}}