{"id":1851,"date":"2015-11-25T10:53:31","date_gmt":"2015-11-25T10:53:31","guid":{"rendered":"http:\/\/katolicka-gimnazija.hr\/?p=1851"},"modified":"2018-12-28T14:51:00","modified_gmt":"2018-12-28T14:51:00","slug":"adventska-duhovna-obnova-za-roditelje-i-djelatnike","status":"publish","type":"post","link":"https:\/\/katolicka-gimnazija.hr\/index.php\/2015\/11\/25\/adventska-duhovna-obnova-za-roditelje-i-djelatnike\/","title":{"rendered":"Adventska duhovna obnova za roditelje i djelatnike"},"content":{"rendered":"<figure id=\"attachment_1853\" aria-describedby=\"caption-attachment-1853\" style=\"width: 300px\" class=\"wp-caption alignleft\"><a href=\"http:\/\/katolicka-gimnazija.hr\/wp-content\/uploads\/2015\/11\/adventska-duhovna-obnova-003.jpg\"><img loading=\"lazy\" decoding=\"async\" class=\"size-medium wp-image-1853\" src=\"http:\/\/katolicka-gimnazija.hr\/wp-content\/uploads\/2015\/11\/adventska-duhovna-obnova-003-300x200.jpg\" alt=\"Pozdravni govor ravnatelja \u017d. \u017duljevi\u0107a\" width=\"300\" height=\"200\" srcset=\"https:\/\/katolicka-gimnazija.hr\/wp-content\/uploads\/2015\/11\/adventska-duhovna-obnova-003-300x200.jpg 300w, https:\/\/katolicka-gimnazija.hr\/wp-content\/uploads\/2015\/11\/adventska-duhovna-obnova-003-400x267.jpg 400w, https:\/\/katolicka-gimnazija.hr\/wp-content\/uploads\/2015\/11\/adventska-duhovna-obnova-003-360x240.jpg 360w, https:\/\/katolicka-gimnazija.hr\/wp-content\/uploads\/2015\/11\/adventska-duhovna-obnova-003-430x287.jpg 430w, https:\/\/katolicka-gimnazija.hr\/wp-content\/uploads\/2015\/11\/adventska-duhovna-obnova-003-150x100.jpg 150w, https:\/\/katolicka-gimnazija.hr\/wp-content\/uploads\/2015\/11\/adventska-duhovna-obnova-003-100x67.jpg 100w, https:\/\/katolicka-gimnazija.hr\/wp-content\/uploads\/2015\/11\/adventska-duhovna-obnova-003.jpg 640w\" sizes=\"auto, (max-width: 300px) 100vw, 300px\" \/><\/a><figcaption id=\"caption-attachment-1853\" class=\"wp-caption-text\">Pozdravni govor ravnatelja \u017d. \u017duljevi\u0107a<\/figcaption><\/figure>\n<p>U srijedu, na spomendan sv. Katarine, u Dvorani sv. Terezije Avilske odr\u017eana je duhovna obnova uo\u010di do\u0161a\u0161\u0107a za roditelje i djelatnike katoli\u010dkih \u0161kola u Po\u017eegi. Duhovnu je obnovu vodio rektor Nacionalnog sveti\u0161ta sv. Josipa u Karlovcu mons. Antun Sente ml.<\/p>\n<p>Na po\u010detku prvog dijela programa sve je prisutne pozdravio ravnatelj Katoli\u010dke osnovne \u0161kole u Po\u017eegi vl\u010d. \u017delimir \u017duljevi\u0107 te, nakon \u0161to ga je ukratko predstvio, rije\u010d je predao voditelju duhovne obnove.<\/p>\n<p>Mons. Sente je na po\u010detku zahvalio na pozivu te prenio pozdrave od njegove gluma\u010dke dru\u017eine koja je krajem pro\u0161le \u0161kolske godine uveselila na\u0161e u\u010denike svojom adaptacijom predstave Kralj lavova.<\/p>\n<figure id=\"attachment_1854\" aria-describedby=\"caption-attachment-1854\" style=\"width: 300px\" class=\"wp-caption alignright\"><a href=\"http:\/\/katolicka-gimnazija.hr\/wp-content\/uploads\/2015\/11\/adventska-duhovna-obnova-006.jpg\"><img loading=\"lazy\" decoding=\"async\" class=\"size-medium wp-image-1854\" src=\"http:\/\/katolicka-gimnazija.hr\/wp-content\/uploads\/2015\/11\/adventska-duhovna-obnova-006-300x200.jpg\" alt=\"Duhovni nagovor mons. Antuna Sentea u Dvorani sv. Terezije\" width=\"300\" height=\"200\" srcset=\"https:\/\/katolicka-gimnazija.hr\/wp-content\/uploads\/2015\/11\/adventska-duhovna-obnova-006-300x200.jpg 300w, https:\/\/katolicka-gimnazija.hr\/wp-content\/uploads\/2015\/11\/adventska-duhovna-obnova-006-400x267.jpg 400w, https:\/\/katolicka-gimnazija.hr\/wp-content\/uploads\/2015\/11\/adventska-duhovna-obnova-006-360x240.jpg 360w, https:\/\/katolicka-gimnazija.hr\/wp-content\/uploads\/2015\/11\/adventska-duhovna-obnova-006-430x287.jpg 430w, https:\/\/katolicka-gimnazija.hr\/wp-content\/uploads\/2015\/11\/adventska-duhovna-obnova-006-150x100.jpg 150w, https:\/\/katolicka-gimnazija.hr\/wp-content\/uploads\/2015\/11\/adventska-duhovna-obnova-006-100x67.jpg 100w, https:\/\/katolicka-gimnazija.hr\/wp-content\/uploads\/2015\/11\/adventska-duhovna-obnova-006.jpg 640w\" sizes=\"auto, (max-width: 300px) 100vw, 300px\" \/><\/a><figcaption id=\"caption-attachment-1854\" class=\"wp-caption-text\">Duhovni nagovor mons. Antuna Sentea u Dvorani sv. Terezije<\/figcaption><\/figure>\n<p>Na po\u010detku duhovnog programa mons. Sente je pro\u010ditao, a zatim i pojasnio biblijski ulomak o izgubljenom sinu koji je potro\u0161io o\u010dev imetak na neuredan \u017eivot, a kada je ostao gladan i \u017eedan, spoznao je svoj grijeh i zamolio oca da mu oprosti te ga primi nazad kao svoga radnika, a otac je sina obukao u najljep\u0161e haljine, stavio mu prsten i zaklao ugojeno tele te priredio veliko slavlje. To se ba\u0161 nije svidjelo drugom sinu koji je cijelo vrijeme naporno radio, a onda mu je otac objasnio da se treba radovati jer jedan od njih bija\u0161e mrtav i o\u017eivje odnosno izgubljen i na\u0111e se. Nakon toga je mons. Sente progovorio o biblijski parovima Abrahamu i Sari, odnosno Davidu i Bat-\u0160ebi, \u017eeni Urije Hetita.<\/p>\n<figure id=\"attachment_1855\" aria-describedby=\"caption-attachment-1855\" style=\"width: 300px\" class=\"wp-caption alignleft\"><a href=\"http:\/\/katolicka-gimnazija.hr\/wp-content\/uploads\/2015\/11\/adventska-duhovna-obnova-010.jpg\"><img loading=\"lazy\" decoding=\"async\" class=\"size-medium wp-image-1855\" src=\"http:\/\/katolicka-gimnazija.hr\/wp-content\/uploads\/2015\/11\/adventska-duhovna-obnova-010-300x200.jpg\" alt=\"Roditelji i djelatnici na duhovnom nagovoru\" width=\"300\" height=\"200\" srcset=\"https:\/\/katolicka-gimnazija.hr\/wp-content\/uploads\/2015\/11\/adventska-duhovna-obnova-010-300x200.jpg 300w, https:\/\/katolicka-gimnazija.hr\/wp-content\/uploads\/2015\/11\/adventska-duhovna-obnova-010-400x267.jpg 400w, https:\/\/katolicka-gimnazija.hr\/wp-content\/uploads\/2015\/11\/adventska-duhovna-obnova-010-360x240.jpg 360w, https:\/\/katolicka-gimnazija.hr\/wp-content\/uploads\/2015\/11\/adventska-duhovna-obnova-010-430x287.jpg 430w, https:\/\/katolicka-gimnazija.hr\/wp-content\/uploads\/2015\/11\/adventska-duhovna-obnova-010-150x100.jpg 150w, https:\/\/katolicka-gimnazija.hr\/wp-content\/uploads\/2015\/11\/adventska-duhovna-obnova-010-100x67.jpg 100w, https:\/\/katolicka-gimnazija.hr\/wp-content\/uploads\/2015\/11\/adventska-duhovna-obnova-010.jpg 640w\" sizes=\"auto, (max-width: 300px) 100vw, 300px\" \/><\/a><figcaption id=\"caption-attachment-1855\" class=\"wp-caption-text\">Roditelji i djelatnici na duhovnom nagovoru<\/figcaption><\/figure>\n<p>Govorio je o njihovim odnosima te o ku\u0161njama i grijesima koje su \u010dinili. Na primjeru Davidovu pojasnio je kako se \u010dovjek krenuv\u0161i od manjega grijeha, ako ga ne prizna i ako ga \u017eeli sakriti, sve dublje i dublje potkopava i na koncu \u010dini mnogo te\u017ee i ve\u0107e grijehe, ali Bo\u017eja je ljubav i dobrostivost neizmjerna pa \u010dak i ako tada \u010dovjek shvatio \u0161to je uradio, ustane se i skru\u0161eno prizna Bogu svoj grijeh, ovaj ne samo da \u0107e mu oprostiti, nego \u0107e ga i obilato nagraditi.<\/p>\n<p>Drugi dio programa odr\u017eao se u katedrali sv. Terezije Avilske gdje je mons. Sente predvodio za sve prisutne ispit savjesti i to \u010ditaju\u0107i i tuma\u010de\u0107i Deset Bo\u017ejih zapovijedi. Nakon toga je uslijedila molitva Sv. Krunice, koju je predvodio ravnatelj vl\u010d. \u017delimir \u017duljevi\u0107, te prilika za ispovijed.<\/p>\n<figure id=\"attachment_1857\" aria-describedby=\"caption-attachment-1857\" style=\"width: 300px\" class=\"wp-caption alignright\"><a href=\"http:\/\/katolicka-gimnazija.hr\/wp-content\/uploads\/2015\/11\/adventska-duhovna-obnova-019.jpg\"><img loading=\"lazy\" decoding=\"async\" class=\"size-medium wp-image-1857\" src=\"http:\/\/katolicka-gimnazija.hr\/wp-content\/uploads\/2015\/11\/adventska-duhovna-obnova-019-300x200.jpg\" alt=\"Euharistijsko slavlje u Katedrali\" width=\"300\" height=\"200\" srcset=\"https:\/\/katolicka-gimnazija.hr\/wp-content\/uploads\/2015\/11\/adventska-duhovna-obnova-019-300x200.jpg 300w, https:\/\/katolicka-gimnazija.hr\/wp-content\/uploads\/2015\/11\/adventska-duhovna-obnova-019-400x267.jpg 400w, https:\/\/katolicka-gimnazija.hr\/wp-content\/uploads\/2015\/11\/adventska-duhovna-obnova-019-360x240.jpg 360w, https:\/\/katolicka-gimnazija.hr\/wp-content\/uploads\/2015\/11\/adventska-duhovna-obnova-019-430x287.jpg 430w, https:\/\/katolicka-gimnazija.hr\/wp-content\/uploads\/2015\/11\/adventska-duhovna-obnova-019-150x100.jpg 150w, https:\/\/katolicka-gimnazija.hr\/wp-content\/uploads\/2015\/11\/adventska-duhovna-obnova-019-100x67.jpg 100w, https:\/\/katolicka-gimnazija.hr\/wp-content\/uploads\/2015\/11\/adventska-duhovna-obnova-019.jpg 640w\" sizes=\"auto, (max-width: 300px) 100vw, 300px\" \/><\/a><figcaption id=\"caption-attachment-1857\" class=\"wp-caption-text\">Euharistijsko slavlje u Katedrali<\/figcaption><\/figure>\n<p>Duhovna obnova zavr\u0161ila je euharistijskim slavljem koje je predvodio tako\u0111er mons. Antun Sente ml. u koncelebraciji sa ravnateljem \u017duljevi\u0107em, vjerou\u010diteljima Krunoslavom Siroglavi\u0107em i Marijanom Paveli\u0107em te kancelarom Po\u017ee\u0161ke biskupije Josipom Krpeljevi\u0107em. U homilji se mons. Sente spomenuo i najve\u0107eg biblijskog para Marije i Josipa te je protuma\u010dio Josipovu veli\u010dinu i ulogu u Isusovu \u017eivotu. Zaklju\u010dio je da je bitno u svakoj situaciji dopustiti Bogu da nas vodi.<\/p>\n<p>Na koncu euharistijskog slavlja ravnatelj vl\u010d. \u017delimir \u017duljevi\u0107 zahvalio je mons. Senteu da odr\u017eanoj duhovnoj obnovi, a ovaj je pozvao djelatnike i roditelje da u Godini Bo\u017eanskog milosr\u0111a posjete Karlovac i Nacionalno sveti\u0161te sv. Josipa koje je kardinal Bozani\u0107 proglasio mjestom posebne milosti. <\/p>\n","protected":false},"excerpt":{"rendered":"<p>U srijedu, na spomendan sv. Katarine, u Dvorani sv. Terezije Avilske odr\u017eana je duhovna obnova uo\u010di do\u0161a\u0161\u0107a za roditelje i djelatnike katoli\u010dkih \u0161kola u Po\u017eegi. Duhovnu je obnovu vodio rektor Nacionalnog sveti\u0161ta sv. Josipa u Karlovcu mons. Antun Sente ml. Na po\u010detku prvog dijela programa sve je prisutne pozdravio ravnatelj Katoli\u010dke osnovne \u0161kole u Po\u017eegi [&hellip;]<\/p>\n","protected":false},"author":1,"featured_media":1854,"comment_status":"closed","ping_status":"closed","sticky":false,"template":"","format":"standard","meta":{"footnotes":""},"categories":[2],"tags":[],"class_list":["post-1851","post","type-post","status-publish","format-standard","has-post-thumbnail","hentry","category-vijesti"],"_links":{"self":[{"href":"https:\/\/katolicka-gimnazija.hr\/index.php\/wp-json\/wp\/v2\/posts\/1851","targetHints":{"allow":["GET"]}}],"collection":[{"href":"https:\/\/katolicka-gimnazija.hr\/index.php\/wp-json\/wp\/v2\/posts"}],"about":[{"href":"https:\/\/katolicka-gimnazija.hr\/index.php\/wp-json\/wp\/v2\/types\/post"}],"author":[{"embeddable":true,"href":"https:\/\/katolicka-gimnazija.hr\/index.php\/wp-json\/wp\/v2\/users\/1"}],"replies":[{"embeddable":true,"href":"https:\/\/katolicka-gimnazija.hr\/index.php\/wp-json\/wp\/v2\/comments?post=1851"}],"version-history":[{"count":5,"href":"https:\/\/katolicka-gimnazija.hr\/index.php\/wp-json\/wp\/v2\/posts\/1851\/revisions"}],"predecessor-version":[{"id":15180,"href":"https:\/\/katolicka-gimnazija.hr\/index.php\/wp-json\/wp\/v2\/posts\/1851\/revisions\/15180"}],"wp:featuredmedia":[{"embeddable":true,"href":"https:\/\/katolicka-gimnazija.hr\/index.php\/wp-json\/wp\/v2\/media\/1854"}],"wp:attachment":[{"href":"https:\/\/katolicka-gimnazija.hr\/index.php\/wp-json\/wp\/v2\/media?parent=1851"}],"wp:term":[{"taxonomy":"category","embeddable":true,"href":"https:\/\/katolicka-gimnazija.hr\/index.php\/wp-json\/wp\/v2\/categories?post=1851"},{"taxonomy":"post_tag","embeddable":true,"href":"https:\/\/katolicka-gimnazija.hr\/index.php\/wp-json\/wp\/v2\/tags?post=1851"}],"curies":[{"name":"wp","href":"https:\/\/api.w.org\/{rel}","templated":true}]}}