{"id":1872,"date":"2015-11-30T08:29:01","date_gmt":"2015-11-30T08:29:01","guid":{"rendered":"http:\/\/katolicka-gimnazija.hr\/?p=1872"},"modified":"2018-12-28T14:50:12","modified_gmt":"2018-12-28T14:50:12","slug":"promotivni-video-skole","status":"publish","type":"post","link":"https:\/\/katolicka-gimnazija.hr\/index.php\/2015\/11\/30\/promotivni-video-skole\/","title":{"rendered":"Promotivni video \u0161kole"},"content":{"rendered":"<p><iframe loading=\"lazy\"  id=\"_ytid_93975\"  width=\"640\" height=\"360\"  data-origwidth=\"640\" data-origheight=\"360\" src=\"https:\/\/www.youtube.com\/embed\/RRjPV_tcidE?enablejsapi=1&#038;autoplay=0&#038;cc_load_policy=0&#038;cc_lang_pref=&#038;iv_load_policy=1&#038;loop=0&#038;rel=1&#038;fs=1&#038;playsinline=0&#038;autohide=2&#038;theme=dark&#038;color=red&#038;controls=1&#038;disablekb=0&#038;\" class=\"__youtube_prefs__  epyt-is-override  no-lazyload\" title=\"YouTube player\"  allow=\"fullscreen; accelerometer; autoplay; clipboard-write; encrypted-media; gyroscope; picture-in-picture; web-share\" referrerpolicy=\"strict-origin-when-cross-origin\" allowfullscreen data-no-lazy=\"1\" data-skipgform_ajax_framebjll=\"\"><\/iframe><\/p>\n<p>Promotivni video Katoli\u010dke gimnazije sa\u017eima\u00a0ukratko ova podru\u010dja iz \u017eivota \u0161kole: povijest, usmjerenje, djelatnici, aktivnosti: dramsko-jezi\u010dna radionica, novinarska grupa, KRUG, mje\u0161oviti zbor, sportska grupa, duhovne i\u00a0razne druge aktivnosti&#8230;<\/p>\n<p><strong>Glasovi:<\/strong> Domagoj Zubovi\u0107, Jelena Dori\u0107, Tomislav Varela, Petar Petrovi\u0107, Mia Bo\u0161njak, Jana Julari\u0107, \u017dana Barto\u0161ak, Anita Rotar, Filip \u010cikardi\u0107, Sven Abramovi\u0107, Lora Grguri\u0107, Lana Dukanovi\u0107, Marija Bo\u0161njak, Iva Budimir, Marko Gelen\u010dir.<br \/>\n<strong>Crte\u017ei:<\/strong> Dominika Razumovi\u0107.<br \/>\n<strong>Kamera:<\/strong> Marko Gelen\u010dir, Marijan Paveli\u0107.<br \/>\n<strong>Monta\u017ea:<\/strong> Marijan Paveli\u0107. <\/p>\n","protected":false},"excerpt":{"rendered":"<p>Promotivni video Katoli\u010dke gimnazije sa\u017eima\u00a0ukratko ova podru\u010dja iz \u017eivota \u0161kole: povijest, usmjerenje, djelatnici, aktivnosti: dramsko-jezi\u010dna radionica, novinarska grupa, KRUG, mje\u0161oviti zbor, sportska grupa, duhovne i\u00a0razne druge aktivnosti&#8230; Glasovi: Domagoj Zubovi\u0107, Jelena Dori\u0107, Tomislav Varela, Petar Petrovi\u0107, Mia Bo\u0161njak, Jana Julari\u0107, \u017dana Barto\u0161ak, Anita Rotar, Filip \u010cikardi\u0107, Sven Abramovi\u0107, Lora Grguri\u0107, Lana Dukanovi\u0107, Marija Bo\u0161njak, Iva [&hellip;]<\/p>\n","protected":false},"author":1,"featured_media":1873,"comment_status":"closed","ping_status":"closed","sticky":false,"template":"","format":"standard","meta":{"footnotes":""},"categories":[180],"tags":[],"class_list":["post-1872","post","type-post","status-publish","format-standard","has-post-thumbnail","hentry","category-video-zapisi"],"_links":{"self":[{"href":"https:\/\/katolicka-gimnazija.hr\/index.php\/wp-json\/wp\/v2\/posts\/1872","targetHints":{"allow":["GET"]}}],"collection":[{"href":"https:\/\/katolicka-gimnazija.hr\/index.php\/wp-json\/wp\/v2\/posts"}],"about":[{"href":"https:\/\/katolicka-gimnazija.hr\/index.php\/wp-json\/wp\/v2\/types\/post"}],"author":[{"embeddable":true,"href":"https:\/\/katolicka-gimnazija.hr\/index.php\/wp-json\/wp\/v2\/users\/1"}],"replies":[{"embeddable":true,"href":"https:\/\/katolicka-gimnazija.hr\/index.php\/wp-json\/wp\/v2\/comments?post=1872"}],"version-history":[{"count":2,"href":"https:\/\/katolicka-gimnazija.hr\/index.php\/wp-json\/wp\/v2\/posts\/1872\/revisions"}],"predecessor-version":[{"id":15179,"href":"https:\/\/katolicka-gimnazija.hr\/index.php\/wp-json\/wp\/v2\/posts\/1872\/revisions\/15179"}],"wp:featuredmedia":[{"embeddable":true,"href":"https:\/\/katolicka-gimnazija.hr\/index.php\/wp-json\/wp\/v2\/media\/1873"}],"wp:attachment":[{"href":"https:\/\/katolicka-gimnazija.hr\/index.php\/wp-json\/wp\/v2\/media?parent=1872"}],"wp:term":[{"taxonomy":"category","embeddable":true,"href":"https:\/\/katolicka-gimnazija.hr\/index.php\/wp-json\/wp\/v2\/categories?post=1872"},{"taxonomy":"post_tag","embeddable":true,"href":"https:\/\/katolicka-gimnazija.hr\/index.php\/wp-json\/wp\/v2\/tags?post=1872"}],"curies":[{"name":"wp","href":"https:\/\/api.w.org\/{rel}","templated":true}]}}