{"id":18733,"date":"2019-11-06T12:40:25","date_gmt":"2019-11-06T12:40:25","guid":{"rendered":"http:\/\/katolicka-gimnazija.hr\/?p=18733"},"modified":"2020-02-14T12:41:01","modified_gmt":"2020-02-14T12:41:01","slug":"zakljucci-s-29-sjednice-skolskog-odbora-2","status":"publish","type":"post","link":"https:\/\/katolicka-gimnazija.hr\/index.php\/2019\/11\/06\/zakljucci-s-29-sjednice-skolskog-odbora-2\/","title":{"rendered":"Zaklju\u010dci s 29. sjednice \u0160kolskog odbora"},"content":{"rendered":"<p>Zaklju\u010dci s 29. sjednice \u0160kolskog odbora odr\u017eane 6. studenoga 2019. godine:<\/p>\n<p>&nbsp;<\/p>\n<ul>\n<li>Usvaja se Zapisnik s prethodne sjednice \u0160kolskog odbora odr\u017eane 4. listopada 2019. godine bez primjedbi.<\/li>\n<\/ul>\n<p>&nbsp;<\/p>\n<ul>\n<li>Daje se prethodna suglasnost u vezi sa zasnivanjem radnog odnosa u Katoli\u010dkoj gimnaziji s pravom javnosti s Paulom Vodineli\u0107 na poslovima nastavnika engleskog jezika te je donesena Odluka o neizboru kandidata po Natje\u010daju za zasnivanje radnog odnosa u Katoli\u010dkoj gimnaziji s pravom javnosti na poslovima nastavnika latinskog jezika i nastavnika gr\u010dkog jezika.<\/li>\n<\/ul>\n<p>&nbsp;<\/p>\n<ul>\n<li>Raspravlja se o raznome: daljnjoj realizaciji projekta &#8220;\u0160port uklju\u010di, probleme isklju\u010di&#8221;, uvjetima za zapo\u0161ljavanje stru\u010dnog suradnika \u2013 knji\u017eni\u010dara, opremanju informati\u010dke u\u010dionice u sklopu reforme obrazovanja te ponovnom uvo\u0111enju \u0161kolske kantine.<\/li>\n<\/ul>\n<p>&nbsp;<\/p>\n","protected":false},"excerpt":{"rendered":"<p>Zaklju\u010dci s 29. sjednice \u0160kolskog odbora odr\u017eane 6. studenoga 2019. godine: &nbsp; Usvaja se Zapisnik s prethodne sjednice \u0160kolskog odbora odr\u017eane 4. listopada 2019. godine bez primjedbi. &nbsp; Daje se prethodna suglasnost u vezi sa zasnivanjem radnog odnosa u Katoli\u010dkoj gimnaziji s pravom javnosti s Paulom Vodineli\u0107 na poslovima nastavnika engleskog jezika te je donesena [&hellip;]<\/p>\n","protected":false},"author":2,"featured_media":0,"comment_status":"closed","ping_status":"closed","sticky":false,"template":"","format":"standard","meta":{"footnotes":""},"categories":[2],"tags":[],"class_list":["post-18733","post","type-post","status-publish","format-standard","hentry","category-vijesti"],"_links":{"self":[{"href":"https:\/\/katolicka-gimnazija.hr\/index.php\/wp-json\/wp\/v2\/posts\/18733","targetHints":{"allow":["GET"]}}],"collection":[{"href":"https:\/\/katolicka-gimnazija.hr\/index.php\/wp-json\/wp\/v2\/posts"}],"about":[{"href":"https:\/\/katolicka-gimnazija.hr\/index.php\/wp-json\/wp\/v2\/types\/post"}],"author":[{"embeddable":true,"href":"https:\/\/katolicka-gimnazija.hr\/index.php\/wp-json\/wp\/v2\/users\/2"}],"replies":[{"embeddable":true,"href":"https:\/\/katolicka-gimnazija.hr\/index.php\/wp-json\/wp\/v2\/comments?post=18733"}],"version-history":[{"count":1,"href":"https:\/\/katolicka-gimnazija.hr\/index.php\/wp-json\/wp\/v2\/posts\/18733\/revisions"}],"predecessor-version":[{"id":18734,"href":"https:\/\/katolicka-gimnazija.hr\/index.php\/wp-json\/wp\/v2\/posts\/18733\/revisions\/18734"}],"wp:attachment":[{"href":"https:\/\/katolicka-gimnazija.hr\/index.php\/wp-json\/wp\/v2\/media?parent=18733"}],"wp:term":[{"taxonomy":"category","embeddable":true,"href":"https:\/\/katolicka-gimnazija.hr\/index.php\/wp-json\/wp\/v2\/categories?post=18733"},{"taxonomy":"post_tag","embeddable":true,"href":"https:\/\/katolicka-gimnazija.hr\/index.php\/wp-json\/wp\/v2\/tags?post=18733"}],"curies":[{"name":"wp","href":"https:\/\/api.w.org\/{rel}","templated":true}]}}