{"id":18740,"date":"2020-02-14T20:56:59","date_gmt":"2020-02-14T20:56:59","guid":{"rendered":"http:\/\/katolicka-gimnazija.hr\/?p=18740"},"modified":"2020-02-16T21:06:38","modified_gmt":"2020-02-16T21:06:38","slug":"prvi-etwinning-projekt-kg-a","status":"publish","type":"post","link":"https:\/\/katolicka-gimnazija.hr\/index.php\/2020\/02\/14\/prvi-etwinning-projekt-kg-a\/","title":{"rendered":"Prvi eTwinning projekt KG-a"},"content":{"rendered":"<p>Dan uo\u010di Valentinova, 13. velja\u010de, psihologinja Nikolina Bodolovi\u0107 pozvala je petnaestak u\u010denika prvih, drugih i tre\u0107ih razreda na predstavljanje projekta eTwinning koji su tom prigodom pozvani sudjelovati u njemu. Predavanje je odr\u017eano u novootvorenoj knji\u017enici na\u0161e gimnazije koja od nedavno svoje prostore ima u Dijecezanskom muzeju. Projekt je predstavila tako\u0111er nova knji\u017eni\u010darka Manuela Polak. Ravnatelj Ivan Benedi\u010di\u0107 tako\u0111er je sudjelovao na predstavljanju istaknuv\u0161i kako \u0107e biti potpora projektu.<\/p>\n<p>Sam projekt zami\u0161ljen je zapravo kao suradnja sa \u0161kolama u dr\u017eavama \u010dlanicama Europsk<img loading=\"lazy\" decoding=\"async\" class=\"size-medium wp-image-18742 alignright\" src=\"http:\/\/katolicka-gimnazija.hr\/wp-content\/uploads\/2020\/02\/20200213_081945-300x169.jpg\" alt=\"\" width=\"300\" height=\"169\" srcset=\"https:\/\/katolicka-gimnazija.hr\/wp-content\/uploads\/2020\/02\/20200213_081945-300x169.jpg 300w, https:\/\/katolicka-gimnazija.hr\/wp-content\/uploads\/2020\/02\/20200213_081945-768x432.jpg 768w, https:\/\/katolicka-gimnazija.hr\/wp-content\/uploads\/2020\/02\/20200213_081945-1024x576.jpg 1024w, https:\/\/katolicka-gimnazija.hr\/wp-content\/uploads\/2020\/02\/20200213_081945-400x225.jpg 400w\" sizes=\"auto, (max-width: 300px) 100vw, 300px\" \/>e unije. Dr\u017eave koje trenutno sudjeluju u projektu su Poljska, Njema\u010dka, Italija, Rumunjska i, naravno, Hrvatska. Faze koje bi se trebale odvijati tijekom suradnje su komunikacija sa \u0161kolama iz navedenih zemalja, predstavljanje \u0161kole, prezentiranje kulturne i knji\u017eevne ba\u0161tine Po\u017ee\u0161koga kraja. Tako\u0111er, kao jedna od faza, zami\u0161ljena je i razmjena tradicionalnih recepata poznatih doma\u0107ih slastica. Svaka \u0161kola bi poslala svoj recept dok bi druge \u0161kole trebale napraviti tu slasticu i ku\u0161ati ju. Svoje bi dojmove trebali putem videopoziva objaviti \u0161koli koja je poslala recept. Projektu su se uglavnom odazvali u\u010denici koji su i pozvani na predstavljanje te se nadamo kako \u0107e ovo biti jo\u0161 jedan na\u010din da se upoznamo i to na zabavan i kreativan na\u010din.<\/p>\n<p>Pi\u0161e: Tea Tuti\u0107<\/p>\n<p>Foto: Karlo Bleiziffer<\/p>\n","protected":false},"excerpt":{"rendered":"<p>Dan uo\u010di Valentinova, 13. velja\u010de, psihologinja Nikolina Bodolovi\u0107 pozvala je petnaestak u\u010denika prvih, drugih i tre\u0107ih razreda na predstavljanje projekta eTwinning koji su tom prigodom pozvani sudjelovati u njemu. Predavanje je odr\u017eano u novootvorenoj knji\u017enici na\u0161e gimnazije koja od nedavno svoje prostore ima u Dijecezanskom muzeju. Projekt je predstavila tako\u0111er nova knji\u017eni\u010darka Manuela Polak. Ravnatelj [&hellip;]<\/p>\n","protected":false},"author":1,"featured_media":18744,"comment_status":"closed","ping_status":"closed","sticky":false,"template":"","format":"standard","meta":{"footnotes":""},"categories":[215,211,2],"tags":[],"class_list":["post-18740","post","type-post","status-publish","format-standard","has-post-thumbnail","hentry","category-kg-direkt","category-predavanja","category-vijesti"],"_links":{"self":[{"href":"https:\/\/katolicka-gimnazija.hr\/index.php\/wp-json\/wp\/v2\/posts\/18740","targetHints":{"allow":["GET"]}}],"collection":[{"href":"https:\/\/katolicka-gimnazija.hr\/index.php\/wp-json\/wp\/v2\/posts"}],"about":[{"href":"https:\/\/katolicka-gimnazija.hr\/index.php\/wp-json\/wp\/v2\/types\/post"}],"author":[{"embeddable":true,"href":"https:\/\/katolicka-gimnazija.hr\/index.php\/wp-json\/wp\/v2\/users\/1"}],"replies":[{"embeddable":true,"href":"https:\/\/katolicka-gimnazija.hr\/index.php\/wp-json\/wp\/v2\/comments?post=18740"}],"version-history":[{"count":2,"href":"https:\/\/katolicka-gimnazija.hr\/index.php\/wp-json\/wp\/v2\/posts\/18740\/revisions"}],"predecessor-version":[{"id":18746,"href":"https:\/\/katolicka-gimnazija.hr\/index.php\/wp-json\/wp\/v2\/posts\/18740\/revisions\/18746"}],"wp:featuredmedia":[{"embeddable":true,"href":"https:\/\/katolicka-gimnazija.hr\/index.php\/wp-json\/wp\/v2\/media\/18744"}],"wp:attachment":[{"href":"https:\/\/katolicka-gimnazija.hr\/index.php\/wp-json\/wp\/v2\/media?parent=18740"}],"wp:term":[{"taxonomy":"category","embeddable":true,"href":"https:\/\/katolicka-gimnazija.hr\/index.php\/wp-json\/wp\/v2\/categories?post=18740"},{"taxonomy":"post_tag","embeddable":true,"href":"https:\/\/katolicka-gimnazija.hr\/index.php\/wp-json\/wp\/v2\/tags?post=18740"}],"curies":[{"name":"wp","href":"https:\/\/api.w.org\/{rel}","templated":true}]}}