{"id":1908,"date":"2015-11-30T09:00:09","date_gmt":"2015-11-30T09:00:09","guid":{"rendered":"http:\/\/katolicka-gimnazija.hr\/?p=1908"},"modified":"2015-11-30T09:00:09","modified_gmt":"2015-11-30T09:00:09","slug":"vecer-matematike","status":"publish","type":"post","link":"https:\/\/katolicka-gimnazija.hr\/index.php\/2015\/11\/30\/vecer-matematike\/","title":{"rendered":"Ve\u010der matematike"},"content":{"rendered":"<p><a href=\"http:\/\/katolicka-gimnazija.hr\/wp-content\/uploads\/2015\/11\/Slide1.jpg\"><img loading=\"lazy\" decoding=\"async\" class=\"alignleft size-medium wp-image-1909\" src=\"http:\/\/katolicka-gimnazija.hr\/wp-content\/uploads\/2015\/11\/Slide1-300x225.jpg\" alt=\"Ve\u010der matematike\" width=\"300\" height=\"225\" srcset=\"https:\/\/katolicka-gimnazija.hr\/wp-content\/uploads\/2015\/11\/Slide1-300x225.jpg 300w, https:\/\/katolicka-gimnazija.hr\/wp-content\/uploads\/2015\/11\/Slide1-768x576.jpg 768w, https:\/\/katolicka-gimnazija.hr\/wp-content\/uploads\/2015\/11\/Slide1-400x300.jpg 400w, https:\/\/katolicka-gimnazija.hr\/wp-content\/uploads\/2015\/11\/Slide1-360x270.jpg 360w, https:\/\/katolicka-gimnazija.hr\/wp-content\/uploads\/2015\/11\/Slide1-750x563.jpg 750w, https:\/\/katolicka-gimnazija.hr\/wp-content\/uploads\/2015\/11\/Slide1-430x323.jpg 430w, https:\/\/katolicka-gimnazija.hr\/wp-content\/uploads\/2015\/11\/Slide1-150x113.jpg 150w, https:\/\/katolicka-gimnazija.hr\/wp-content\/uploads\/2015\/11\/Slide1-100x75.jpg 100w, https:\/\/katolicka-gimnazija.hr\/wp-content\/uploads\/2015\/11\/Slide1.jpg 960w\" sizes=\"auto, (max-width: 300px) 100vw, 300px\" \/><\/a>U organzaciji Hrvatskog matemati\u010dkog dru\u0161tva, profesori matematike Sanja Pr\u0161a,\u00a0Katarina Soldo Obu\u0107ina i Leonardo \u0110akovi\u0107 priredit \u0107e Ve\u010der matematike koja \u0107e se odr\u017eati u \u010detvrtak, 3. prosinca 2015. godine u trajanju od 17,30 do 20,30 sati u prostorima na\u0161e gimnazije.<br \/>\nVe\u010der matematike je skup interaktivnih radionica koje poti\u010du izgradnju pozitivnog stava u\u010denika prema matematici. Sudjelovanje u zabavnim aktivnostima otkriva \u010desto zaboravljenu &#8211; zabavnu stranu matematike, stvara nove ideje o tome \u0161to matematika jest i \u010dime se bavi te dokazuje da matemati\u010dke probleme, i bez da smo svjesni vlastitog talenta, svakodnevno svi uspje\u0161no rje\u0161avamo.<\/p>\n","protected":false},"excerpt":{"rendered":"<p>U organzaciji Hrvatskog matemati\u010dkog dru\u0161tva, profesori matematike Sanja Pr\u0161a,\u00a0Katarina Soldo Obu\u0107ina i Leonardo \u0110akovi\u0107 priredit \u0107e Ve\u010der matematike koja \u0107e se odr\u017eati u \u010detvrtak, 3. prosinca 2015. godine u trajanju od 17,30 do 20,30 sati u prostorima na\u0161e gimnazije. Ve\u010der matematike je skup interaktivnih radionica koje poti\u010du izgradnju pozitivnog stava u\u010denika prema matematici. Sudjelovanje u [&hellip;]<\/p>\n","protected":false},"author":1,"featured_media":1910,"comment_status":"closed","ping_status":"closed","sticky":false,"template":"","format":"standard","meta":{"footnotes":""},"categories":[3],"tags":[],"class_list":["post-1908","post","type-post","status-publish","format-standard","has-post-thumbnail","hentry","category-obavijesti"],"_links":{"self":[{"href":"https:\/\/katolicka-gimnazija.hr\/index.php\/wp-json\/wp\/v2\/posts\/1908","targetHints":{"allow":["GET"]}}],"collection":[{"href":"https:\/\/katolicka-gimnazija.hr\/index.php\/wp-json\/wp\/v2\/posts"}],"about":[{"href":"https:\/\/katolicka-gimnazija.hr\/index.php\/wp-json\/wp\/v2\/types\/post"}],"author":[{"embeddable":true,"href":"https:\/\/katolicka-gimnazija.hr\/index.php\/wp-json\/wp\/v2\/users\/1"}],"replies":[{"embeddable":true,"href":"https:\/\/katolicka-gimnazija.hr\/index.php\/wp-json\/wp\/v2\/comments?post=1908"}],"version-history":[{"count":1,"href":"https:\/\/katolicka-gimnazija.hr\/index.php\/wp-json\/wp\/v2\/posts\/1908\/revisions"}],"predecessor-version":[{"id":1911,"href":"https:\/\/katolicka-gimnazija.hr\/index.php\/wp-json\/wp\/v2\/posts\/1908\/revisions\/1911"}],"wp:featuredmedia":[{"embeddable":true,"href":"https:\/\/katolicka-gimnazija.hr\/index.php\/wp-json\/wp\/v2\/media\/1910"}],"wp:attachment":[{"href":"https:\/\/katolicka-gimnazija.hr\/index.php\/wp-json\/wp\/v2\/media?parent=1908"}],"wp:term":[{"taxonomy":"category","embeddable":true,"href":"https:\/\/katolicka-gimnazija.hr\/index.php\/wp-json\/wp\/v2\/categories?post=1908"},{"taxonomy":"post_tag","embeddable":true,"href":"https:\/\/katolicka-gimnazija.hr\/index.php\/wp-json\/wp\/v2\/tags?post=1908"}],"curies":[{"name":"wp","href":"https:\/\/api.w.org\/{rel}","templated":true}]}}