{"id":1912,"date":"2015-11-30T09:09:45","date_gmt":"2015-11-30T09:09:45","guid":{"rendered":"http:\/\/katolicka-gimnazija.hr\/?p=1912"},"modified":"2015-12-01T09:11:29","modified_gmt":"2015-12-01T09:11:29","slug":"karitativna-akcija-dajmo-im-sansu","status":"publish","type":"post","link":"https:\/\/katolicka-gimnazija.hr\/index.php\/2015\/11\/30\/karitativna-akcija-dajmo-im-sansu\/","title":{"rendered":"Karitativna akcija &#8220;Dajmo im \u0161ansu&#8221;"},"content":{"rendered":"<p><a href=\"http:\/\/katolicka-gimnazija.hr\/wp-content\/uploads\/2015\/11\/misije.jpg\"><img loading=\"lazy\" decoding=\"async\" class=\"size-medium wp-image-1913 alignright\" src=\"http:\/\/katolicka-gimnazija.hr\/wp-content\/uploads\/2015\/11\/misije-300x225.jpg\" alt=\"misije\" width=\"300\" height=\"225\" srcset=\"https:\/\/katolicka-gimnazija.hr\/wp-content\/uploads\/2015\/11\/misije-300x225.jpg 300w, https:\/\/katolicka-gimnazija.hr\/wp-content\/uploads\/2015\/11\/misije-768x576.jpg 768w, https:\/\/katolicka-gimnazija.hr\/wp-content\/uploads\/2015\/11\/misije-400x300.jpg 400w, https:\/\/katolicka-gimnazija.hr\/wp-content\/uploads\/2015\/11\/misije-1024x768.jpg 1024w, https:\/\/katolicka-gimnazija.hr\/wp-content\/uploads\/2015\/11\/misije-360x270.jpg 360w, https:\/\/katolicka-gimnazija.hr\/wp-content\/uploads\/2015\/11\/misije-750x563.jpg 750w, https:\/\/katolicka-gimnazija.hr\/wp-content\/uploads\/2015\/11\/misije-430x323.jpg 430w, https:\/\/katolicka-gimnazija.hr\/wp-content\/uploads\/2015\/11\/misije-150x113.jpg 150w, https:\/\/katolicka-gimnazija.hr\/wp-content\/uploads\/2015\/11\/misije-100x75.jpg 100w\" sizes=\"auto, (max-width: 300px) 100vw, 300px\" \/><\/a>Kao dio adventske priprave za svetkovinu Isusova ro\u0111enja na\u0161a \u0161kola organizira karitativnu akciju\u00a0pod nazivom &#8220;Dajmo im \u0161ansu&#8221; kojom se \u017eeli omogu\u0107iti \u0161kolovanje siroma\u0161noj djeci u afri\u010dkom Beninu.<\/p>\n<ul>\n<li>Akcija traje od ponedjeljka 7. do nedjelje 20. prosinca<\/li>\n<li>U akciji mogu sudjelovati svi u\u010denici na\u0161e \u0161kole, ali i drugi srednjo\u0161kolci<\/li>\n<li>Radionica za izradu ukrasa, \u010destitki i sl. nalazi se u prizemlju zgrade Kolegija (Trg sv. Terezije 13) i bit \u0107e otvorena svakim danom od 14 do 19 sati<\/li>\n<li>\u0160tand za prodaju nalazi se u \u0161etali\u0161tu (Cehovska ulica) i bit \u0107e otvoren od petka 11. do nedjelje 20. prosinca od 14 do 19 sati<\/li>\n<li>Prikupljeni novac dat \u0107e se za \u0161kolovanje djece u Beninu gdje djeluju na\u0161e Marijine sestre (s. Doroteja Dun\u0111er, s. Maristela Gali\u0107 i s. Jacinta Petrovi\u0107) \u2013 750 kn je dovoljno za jednogodi\u0161nje \u0161kolovanje jednog djeteta<\/li>\n<li>\n<figure id=\"attachment_1985\" aria-describedby=\"caption-attachment-1985\" style=\"width: 212px\" class=\"wp-caption alignright\"><a href=\"http:\/\/katolicka-gimnazija.hr\/wp-content\/uploads\/2015\/11\/plakat1.jpg\"><img loading=\"lazy\" decoding=\"async\" class=\"size-medium wp-image-1985\" src=\"http:\/\/katolicka-gimnazija.hr\/wp-content\/uploads\/2015\/11\/plakat1-212x300.jpg\" alt=\"Plakat za akciju\" width=\"212\" height=\"300\" srcset=\"https:\/\/katolicka-gimnazija.hr\/wp-content\/uploads\/2015\/11\/plakat1-212x300.jpg 212w, https:\/\/katolicka-gimnazija.hr\/wp-content\/uploads\/2015\/11\/plakat1-768x1086.jpg 768w, https:\/\/katolicka-gimnazija.hr\/wp-content\/uploads\/2015\/11\/plakat1-724x1024.jpg 724w, https:\/\/katolicka-gimnazija.hr\/wp-content\/uploads\/2015\/11\/plakat1-360x509.jpg 360w, https:\/\/katolicka-gimnazija.hr\/wp-content\/uploads\/2015\/11\/plakat1-750x1061.jpg 750w, https:\/\/katolicka-gimnazija.hr\/wp-content\/uploads\/2015\/11\/plakat1-400x566.jpg 400w, https:\/\/katolicka-gimnazija.hr\/wp-content\/uploads\/2015\/11\/plakat1-430x608.jpg 430w, https:\/\/katolicka-gimnazija.hr\/wp-content\/uploads\/2015\/11\/plakat1-150x212.jpg 150w, https:\/\/katolicka-gimnazija.hr\/wp-content\/uploads\/2015\/11\/plakat1-100x141.jpg 100w\" sizes=\"auto, (max-width: 212px) 100vw, 212px\" \/><\/a><figcaption id=\"caption-attachment-1985\" class=\"wp-caption-text\">Plakat za akciju<\/figcaption><\/figure>\n<p>Organizacijski team na \u010delu s vjerou\u010diteljem Marijanom Paveli\u0107em brinut \u0107e oko nabave materijala, rasporeda i de\u017eurstava pri \u0161tandu i u radionici.<\/li>\n<\/ul>\n<p>Pridru\u017eite nam se!<\/p>\n","protected":false},"excerpt":{"rendered":"<p>Kao dio adventske priprave za svetkovinu Isusova ro\u0111enja na\u0161a \u0161kola organizira karitativnu akciju\u00a0pod nazivom &#8220;Dajmo im \u0161ansu&#8221; kojom se \u017eeli omogu\u0107iti \u0161kolovanje siroma\u0161noj djeci u afri\u010dkom Beninu. Akcija traje od ponedjeljka 7. do nedjelje 20. prosinca U akciji mogu sudjelovati svi u\u010denici na\u0161e \u0161kole, ali i drugi srednjo\u0161kolci Radionica za izradu ukrasa, \u010destitki i sl. [&hellip;]<\/p>\n","protected":false},"author":1,"featured_media":1985,"comment_status":"closed","ping_status":"closed","sticky":false,"template":"","format":"standard","meta":{"footnotes":""},"categories":[3],"tags":[],"class_list":["post-1912","post","type-post","status-publish","format-standard","has-post-thumbnail","hentry","category-obavijesti"],"_links":{"self":[{"href":"https:\/\/katolicka-gimnazija.hr\/index.php\/wp-json\/wp\/v2\/posts\/1912","targetHints":{"allow":["GET"]}}],"collection":[{"href":"https:\/\/katolicka-gimnazija.hr\/index.php\/wp-json\/wp\/v2\/posts"}],"about":[{"href":"https:\/\/katolicka-gimnazija.hr\/index.php\/wp-json\/wp\/v2\/types\/post"}],"author":[{"embeddable":true,"href":"https:\/\/katolicka-gimnazija.hr\/index.php\/wp-json\/wp\/v2\/users\/1"}],"replies":[{"embeddable":true,"href":"https:\/\/katolicka-gimnazija.hr\/index.php\/wp-json\/wp\/v2\/comments?post=1912"}],"version-history":[{"count":4,"href":"https:\/\/katolicka-gimnazija.hr\/index.php\/wp-json\/wp\/v2\/posts\/1912\/revisions"}],"predecessor-version":[{"id":1986,"href":"https:\/\/katolicka-gimnazija.hr\/index.php\/wp-json\/wp\/v2\/posts\/1912\/revisions\/1986"}],"wp:featuredmedia":[{"embeddable":true,"href":"https:\/\/katolicka-gimnazija.hr\/index.php\/wp-json\/wp\/v2\/media\/1985"}],"wp:attachment":[{"href":"https:\/\/katolicka-gimnazija.hr\/index.php\/wp-json\/wp\/v2\/media?parent=1912"}],"wp:term":[{"taxonomy":"category","embeddable":true,"href":"https:\/\/katolicka-gimnazija.hr\/index.php\/wp-json\/wp\/v2\/categories?post=1912"},{"taxonomy":"post_tag","embeddable":true,"href":"https:\/\/katolicka-gimnazija.hr\/index.php\/wp-json\/wp\/v2\/tags?post=1912"}],"curies":[{"name":"wp","href":"https:\/\/api.w.org\/{rel}","templated":true}]}}