{"id":19226,"date":"2020-03-20T09:30:00","date_gmt":"2020-03-20T09:30:00","guid":{"rendered":"http:\/\/katolicka-gimnazija.hr\/?p=19226"},"modified":"2020-03-31T07:50:21","modified_gmt":"2020-03-31T07:50:21","slug":"virualna-knjiznica-katolicke-gimnazije","status":"publish","type":"post","link":"https:\/\/katolicka-gimnazija.hr\/index.php\/2020\/03\/20\/virualna-knjiznica-katolicke-gimnazije\/","title":{"rendered":"Virualna knji\u017enica Katoli\u010dke gimnazije"},"content":{"rendered":"<p>Dragi u\u010denici, po\u0161tovani roditelji,<\/p>\n<p>budu\u0107i da neko vrijeme u\u010denici ne\u0107e imati pristup \u0161kolskoj knji\u017enici, na\u0161a je knji\u017eni\u010darka pokrenula virtualnu knji\u017enicu koja u\u010denicima pru\u017ea osnovne usluge za njihovo srednjo\u0161kolsko obrazovanje.<\/p>\n<p>Posjetite stranicu, istra\u017eite, iskoristite!<\/p>\n<p><a href=\"http:\/\/knjiznica-kgpozega.simplesite.com\/445428293\">Virtualna u\u010dionica Katoli\u010dke gimnazije<\/a><\/p>\n","protected":false},"excerpt":{"rendered":"<p>Dragi u\u010denici, po\u0161tovani roditelji, budu\u0107i da neko vrijeme u\u010denici ne\u0107e imati pristup \u0161kolskoj knji\u017enici, na\u0161a je knji\u017eni\u010darka pokrenula virtualnu knji\u017enicu koja u\u010denicima pru\u017ea osnovne usluge za njihovo srednjo\u0161kolsko obrazovanje. Posjetite stranicu, istra\u017eite, iskoristite! Virtualna u\u010dionica Katoli\u010dke gimnazije<\/p>\n","protected":false},"author":2,"featured_media":19227,"comment_status":"closed","ping_status":"closed","sticky":false,"template":"","format":"standard","meta":{"footnotes":""},"categories":[216,2],"tags":[],"class_list":["post-19226","post","type-post","status-publish","format-standard","has-post-thumbnail","hentry","category-nastava-na-daljinu","category-vijesti"],"_links":{"self":[{"href":"https:\/\/katolicka-gimnazija.hr\/index.php\/wp-json\/wp\/v2\/posts\/19226","targetHints":{"allow":["GET"]}}],"collection":[{"href":"https:\/\/katolicka-gimnazija.hr\/index.php\/wp-json\/wp\/v2\/posts"}],"about":[{"href":"https:\/\/katolicka-gimnazija.hr\/index.php\/wp-json\/wp\/v2\/types\/post"}],"author":[{"embeddable":true,"href":"https:\/\/katolicka-gimnazija.hr\/index.php\/wp-json\/wp\/v2\/users\/2"}],"replies":[{"embeddable":true,"href":"https:\/\/katolicka-gimnazija.hr\/index.php\/wp-json\/wp\/v2\/comments?post=19226"}],"version-history":[{"count":4,"href":"https:\/\/katolicka-gimnazija.hr\/index.php\/wp-json\/wp\/v2\/posts\/19226\/revisions"}],"predecessor-version":[{"id":19231,"href":"https:\/\/katolicka-gimnazija.hr\/index.php\/wp-json\/wp\/v2\/posts\/19226\/revisions\/19231"}],"wp:featuredmedia":[{"embeddable":true,"href":"https:\/\/katolicka-gimnazija.hr\/index.php\/wp-json\/wp\/v2\/media\/19227"}],"wp:attachment":[{"href":"https:\/\/katolicka-gimnazija.hr\/index.php\/wp-json\/wp\/v2\/media?parent=19226"}],"wp:term":[{"taxonomy":"category","embeddable":true,"href":"https:\/\/katolicka-gimnazija.hr\/index.php\/wp-json\/wp\/v2\/categories?post=19226"},{"taxonomy":"post_tag","embeddable":true,"href":"https:\/\/katolicka-gimnazija.hr\/index.php\/wp-json\/wp\/v2\/tags?post=19226"}],"curies":[{"name":"wp","href":"https:\/\/api.w.org\/{rel}","templated":true}]}}