{"id":19235,"date":"2020-03-25T10:13:03","date_gmt":"2020-03-25T10:13:03","guid":{"rendered":"http:\/\/katolicka-gimnazija.hr\/?p=19235"},"modified":"2020-03-31T07:49:55","modified_gmt":"2020-03-31T07:49:55","slug":"pomoc-ucenicima-i-roditeljima","status":"publish","type":"post","link":"https:\/\/katolicka-gimnazija.hr\/index.php\/2020\/03\/25\/pomoc-ucenicima-i-roditeljima\/","title":{"rendered":"Pomo\u0107 u\u010denicima i roditeljima"},"content":{"rendered":"<p>Po\u0161tovani u\u010denici, roditelji i nastavnici!<\/p>\n<p>Budu\u0107i da nas je posljednjih dana sve zatekao niz nepredvi\u0111enih doga\u0111anja, Ministarstvo znanosti i obrazovanja obavje\u0161tava da je aktiviralo\u00a0\u00a0krizne timove za psiholo\u0161ku podr\u0161ku koji su spremni pru\u017eati telefonsku i\u00a0<em>online<\/em>\u00a0podr\u0161ku svim u\u010denicima, u\u010diteljima i njihovim roditeljima koji trebaju pomo\u0107.<\/p>\n<p>Tako\u0111er, objavljeni su\u00a0savjeti\u00a0za u\u010denike i odrasle\u00a0<em>Dru\u0161tva za psiholo\u0161ku pomo\u0107<\/em>\u00a0koje mo\u017eete prona\u0107i na poveznici &#8211;<a href=\"https:\/\/skolazazivot.hr\/podrska-nakon-teskog-dogadaja\/\" target=\"_blank\" rel=\"noopener noreferrer\" data-saferedirecturl=\"https:\/\/www.google.com\/url?q=https:\/\/skolazazivot.hr\/podrska-nakon-teskog-dogadaja\/&amp;source=gmail&amp;ust=1585216738197000&amp;usg=AFQjCNHVMYSbLkBLVx7OEtHg_GyNiX6PCg\">https:\/\/skolazazivot.hr\/podrs<wbr \/>ka-nakon-teskog-dogadaja\/<\/a><\/p>\n<p>Mogu\u0107e je tako\u0111er u slu\u010daju potrebe za razgovorom javiti se e-mailom \u0161kolskoj psihologinji Nikolini Bodolovi\u0107 na\u00a0<a href=\"mailto:nbodolovic@gmail.com\" target=\"_blank\" rel=\"noopener noreferrer\">nbodolovic@gmail.com<\/a>\u00a0ili \u0161kolskoj pedagoginji Ivani Brekalo\u00a0<a href=\"mailto:brekaloivana8@gmail.com\" target=\"_blank\" rel=\"noopener noreferrer\">brekaloivana8@gmail.co<wbr \/>m<\/a>\u00a0te dogovoriti termin telefonskog savjetovanja.<\/p>\n","protected":false},"excerpt":{"rendered":"<p>Po\u0161tovani u\u010denici, roditelji i nastavnici! Budu\u0107i da nas je posljednjih dana sve zatekao niz nepredvi\u0111enih doga\u0111anja, Ministarstvo znanosti i obrazovanja obavje\u0161tava da je aktiviralo\u00a0\u00a0krizne timove za psiholo\u0161ku podr\u0161ku koji su spremni pru\u017eati telefonsku i\u00a0online\u00a0podr\u0161ku svim u\u010denicima, u\u010diteljima i njihovim roditeljima koji trebaju pomo\u0107. Tako\u0111er, objavljeni su\u00a0savjeti\u00a0za u\u010denike i odrasle\u00a0Dru\u0161tva za psiholo\u0161ku pomo\u0107\u00a0koje mo\u017eete prona\u0107i na [&hellip;]<\/p>\n","protected":false},"author":13,"featured_media":19236,"comment_status":"closed","ping_status":"closed","sticky":false,"template":"","format":"standard","meta":{"footnotes":""},"categories":[216,2],"tags":[],"class_list":["post-19235","post","type-post","status-publish","format-standard","has-post-thumbnail","hentry","category-nastava-na-daljinu","category-vijesti"],"_links":{"self":[{"href":"https:\/\/katolicka-gimnazija.hr\/index.php\/wp-json\/wp\/v2\/posts\/19235","targetHints":{"allow":["GET"]}}],"collection":[{"href":"https:\/\/katolicka-gimnazija.hr\/index.php\/wp-json\/wp\/v2\/posts"}],"about":[{"href":"https:\/\/katolicka-gimnazija.hr\/index.php\/wp-json\/wp\/v2\/types\/post"}],"author":[{"embeddable":true,"href":"https:\/\/katolicka-gimnazija.hr\/index.php\/wp-json\/wp\/v2\/users\/13"}],"replies":[{"embeddable":true,"href":"https:\/\/katolicka-gimnazija.hr\/index.php\/wp-json\/wp\/v2\/comments?post=19235"}],"version-history":[{"count":2,"href":"https:\/\/katolicka-gimnazija.hr\/index.php\/wp-json\/wp\/v2\/posts\/19235\/revisions"}],"predecessor-version":[{"id":19238,"href":"https:\/\/katolicka-gimnazija.hr\/index.php\/wp-json\/wp\/v2\/posts\/19235\/revisions\/19238"}],"wp:featuredmedia":[{"embeddable":true,"href":"https:\/\/katolicka-gimnazija.hr\/index.php\/wp-json\/wp\/v2\/media\/19236"}],"wp:attachment":[{"href":"https:\/\/katolicka-gimnazija.hr\/index.php\/wp-json\/wp\/v2\/media?parent=19235"}],"wp:term":[{"taxonomy":"category","embeddable":true,"href":"https:\/\/katolicka-gimnazija.hr\/index.php\/wp-json\/wp\/v2\/categories?post=19235"},{"taxonomy":"post_tag","embeddable":true,"href":"https:\/\/katolicka-gimnazija.hr\/index.php\/wp-json\/wp\/v2\/tags?post=19235"}],"curies":[{"name":"wp","href":"https:\/\/api.w.org\/{rel}","templated":true}]}}