{"id":19309,"date":"2020-05-13T09:49:54","date_gmt":"2020-05-13T09:49:54","guid":{"rendered":"http:\/\/katolicka-gimnazija.hr\/?p=19309"},"modified":"2020-05-14T09:57:21","modified_gmt":"2020-05-14T09:57:21","slug":"krunicom-za-skolu","status":"publish","type":"post","link":"https:\/\/katolicka-gimnazija.hr\/index.php\/2020\/05\/13\/krunicom-za-skolu\/","title":{"rendered":"Krunicom za \u0160kolu"},"content":{"rendered":"<p>Danas, na blagdan Gospe Fatimske, to\u010dno u 12 sati djelatnici \u0161kole (i njihova djeca) preko Zooma su izmolili slavna otajstva Gospine krunice za sve na\u0161e u\u010denike, posebno maturante, sve djelatnike i situaciju u kojoj se trenutno nalazimo. <span class=\"_5mfr\"><span class=\"_6qdm\">&#x1f917;<\/span><\/span><\/p>\n<p>Na molitvu nas je okupio ravnatelj prof. Bedeni\u010di\u0107, a krunicu je animirao vl\u010d. Siroglavi\u0107 koji je kao zanimljivost izdvojio sljede\u0107e:<\/p>\n<p>Na dana\u0161nji dan (Gospa Fatimska) prije 39 godina!<\/p>\n<p>\u201eUbiti Papu \u2013 to je jedini razlog zbog kojeg sam pobjegao iz zatvora\u201c \u2013 ostavio je napisano Ali A\u011fca.<\/p>\n<p>Bijela plo\u010da na trgu sv. Petra u Vatikanu \u010duva uspomenu ovog doga\u0111aja. U studenom 1979. pobjegao je iz zatvora udaljenog oko 20 km od Istambula, nekoliko dana prije nego je papa Ivan Pavao II do\u0161ao u pohod ba\u0161 u Tursku. Sve su dr\u017eave bile obavije\u0161tene da je pobjegao, a bio je vi\u0111en vi\u0161e puta u Njema\u010dkoj, Francuskoj i \u0160panjolsk<span class=\"text_exposed_show\">oj, da bi do\u0161ao kona\u010dno u Rim ostvariti svoj cilj. Pucao je s 3 metra udaljenosti. Ali, toga dana, 13. svibnja 1981. bio je blagdan GOSPE FATIMSKE.<br \/>\n<a href=\"http:\/\/katolicka-gimnazija.hr\/wp-content\/uploads\/2020\/05\/Na-ju\u010dera\u0161nji-dan-prije-37-godina-izvr\u0161en-atentat-na-Ivana-Pavla-II-Jedna-je-ruka-ispalila-metak-a-druga-ga-je-vodila-book-evangelizacija-990x658.jpg\"><img loading=\"lazy\" decoding=\"async\" class=\"size-medium wp-image-19312 alignright\" src=\"http:\/\/katolicka-gimnazija.hr\/wp-content\/uploads\/2020\/05\/Na-ju\u010dera\u0161nji-dan-prije-37-godina-izvr\u0161en-atentat-na-Ivana-Pavla-II-Jedna-je-ruka-ispalila-metak-a-druga-ga-je-vodila-book-evangelizacija-990x658-300x203.jpg\" alt=\"\" width=\"300\" height=\"203\" srcset=\"https:\/\/katolicka-gimnazija.hr\/wp-content\/uploads\/2020\/05\/Na-ju\u010dera\u0161nji-dan-prije-37-godina-izvr\u0161en-atentat-na-Ivana-Pavla-II-Jedna-je-ruka-ispalila-metak-a-druga-ga-je-vodila-book-evangelizacija-990x658-300x203.jpg 300w, https:\/\/katolicka-gimnazija.hr\/wp-content\/uploads\/2020\/05\/Na-ju\u010dera\u0161nji-dan-prije-37-godina-izvr\u0161en-atentat-na-Ivana-Pavla-II-Jedna-je-ruka-ispalila-metak-a-druga-ga-je-vodila-book-evangelizacija-990x658-768x520.jpg 768w, https:\/\/katolicka-gimnazija.hr\/wp-content\/uploads\/2020\/05\/Na-ju\u010dera\u0161nji-dan-prije-37-godina-izvr\u0161en-atentat-na-Ivana-Pavla-II-Jedna-je-ruka-ispalila-metak-a-druga-ga-je-vodila-book-evangelizacija-990x658-400x271.jpg 400w, https:\/\/katolicka-gimnazija.hr\/wp-content\/uploads\/2020\/05\/Na-ju\u010dera\u0161nji-dan-prije-37-godina-izvr\u0161en-atentat-na-Ivana-Pavla-II-Jedna-je-ruka-ispalila-metak-a-druga-ga-je-vodila-book-evangelizacija-990x658.jpg 972w\" sizes=\"auto, (max-width: 300px) 100vw, 300px\" \/><\/a>Papa Ivan Pavao II pre\u017eivio je atentat, a metak iz tijela ugradio je u gornji dio krune Majke Bo\u017eje Fatimske. Budu\u0107i da Papa svake nedjelje u Vatikanu moli u uskrsnom vremenu \u201eKraljice neba\u201c ljudi su se i sljede\u0107e nedjelje okupili. Papa se nije pojavio na prozoru jer je bio u bolnici, ali preko zvu\u010dnika vjernici su \u010duli njegov glas, poruku snimljenu u bolnici:<\/span><\/p>\n<div class=\"text_exposed_show\">\n<p>\u201eZahvaljujem vam na va\u0161im molitvama i sve vas blagoslivljam. Molim za brata koji me upucao i kojem sam iskreno oprostio. Sjedinjen s Isusom, sve\u0107enikom i \u017ertvom, prikazujem svoje patnje za Crkvu i za svijet. Tebi Marijo ponavljam: Totus tuus ego sum.\u201c<\/p>\n<p>Papa je nakon dvije godine za Bo\u017ei\u0107 posjetio Ali A\u011fcu u zatvoru i oprostio mu.<\/p>\n<\/div>\n","protected":false},"excerpt":{"rendered":"<p>Danas, na blagdan Gospe Fatimske, to\u010dno u 12 sati djelatnici \u0161kole (i njihova djeca) preko Zooma su izmolili slavna otajstva Gospine krunice za sve na\u0161e u\u010denike, posebno maturante, sve djelatnike i situaciju u kojoj se trenutno nalazimo. &#x1f917; Na molitvu nas je okupio ravnatelj prof. Bedeni\u010di\u0107, a krunicu je animirao vl\u010d. Siroglavi\u0107 koji je kao [&hellip;]<\/p>\n","protected":false},"author":2,"featured_media":19310,"comment_status":"closed","ping_status":"closed","sticky":false,"template":"","format":"standard","meta":{"footnotes":""},"categories":[207,2],"tags":[],"class_list":["post-19309","post","type-post","status-publish","format-standard","has-post-thumbnail","hentry","category-duhovno","category-vijesti"],"_links":{"self":[{"href":"https:\/\/katolicka-gimnazija.hr\/index.php\/wp-json\/wp\/v2\/posts\/19309","targetHints":{"allow":["GET"]}}],"collection":[{"href":"https:\/\/katolicka-gimnazija.hr\/index.php\/wp-json\/wp\/v2\/posts"}],"about":[{"href":"https:\/\/katolicka-gimnazija.hr\/index.php\/wp-json\/wp\/v2\/types\/post"}],"author":[{"embeddable":true,"href":"https:\/\/katolicka-gimnazija.hr\/index.php\/wp-json\/wp\/v2\/users\/2"}],"replies":[{"embeddable":true,"href":"https:\/\/katolicka-gimnazija.hr\/index.php\/wp-json\/wp\/v2\/comments?post=19309"}],"version-history":[{"count":2,"href":"https:\/\/katolicka-gimnazija.hr\/index.php\/wp-json\/wp\/v2\/posts\/19309\/revisions"}],"predecessor-version":[{"id":19313,"href":"https:\/\/katolicka-gimnazija.hr\/index.php\/wp-json\/wp\/v2\/posts\/19309\/revisions\/19313"}],"wp:featuredmedia":[{"embeddable":true,"href":"https:\/\/katolicka-gimnazija.hr\/index.php\/wp-json\/wp\/v2\/media\/19310"}],"wp:attachment":[{"href":"https:\/\/katolicka-gimnazija.hr\/index.php\/wp-json\/wp\/v2\/media?parent=19309"}],"wp:term":[{"taxonomy":"category","embeddable":true,"href":"https:\/\/katolicka-gimnazija.hr\/index.php\/wp-json\/wp\/v2\/categories?post=19309"},{"taxonomy":"post_tag","embeddable":true,"href":"https:\/\/katolicka-gimnazija.hr\/index.php\/wp-json\/wp\/v2\/tags?post=19309"}],"curies":[{"name":"wp","href":"https:\/\/api.w.org\/{rel}","templated":true}]}}