{"id":19316,"date":"2020-05-18T17:04:11","date_gmt":"2020-05-18T17:04:11","guid":{"rendered":"http:\/\/katolicka-gimnazija.hr\/?p=19316"},"modified":"2020-05-18T17:04:11","modified_gmt":"2020-05-18T17:04:11","slug":"susret-biskupa-skvorcevica-i-maturanata-katolickih-gimnazija-u-pozegi-i-virovitici","status":"publish","type":"post","link":"https:\/\/katolicka-gimnazija.hr\/index.php\/2020\/05\/18\/susret-biskupa-skvorcevica-i-maturanata-katolickih-gimnazija-u-pozegi-i-virovitici\/","title":{"rendered":"Susret biskupa \u0160kvor\u010devi\u0107a i maturanata katoli\u010dkih gimnazija u Po\u017eegi i Virovitici"},"content":{"rendered":"<p>U ponedjeljak 18. svibnja po\u017ee\u0161ki biskup Antun \u0160kvor\u010devi\u0107 se putem interneta susreo s maturantima Katoli\u010dke gimnazije iz Po\u017eege i Katoli\u010dke klasi\u010dne gimnazije iz Virovitice. Osim gimnazijalaca video-konferenciji su nazo\u010dili i ravnatelji spomenutih \u0161kola, razrednici maturanata te po\u017ee\u0161ki vjerou\u010ditelj Krunoslav Siroglavi\u0107 koji je moderirao susret.<\/p>\n<p><a href=\"https:\/\/www.youtube.com\/watch?time_continue=1&amp;v=I5aEWXSGAOs&amp;feature=emb_logo\">Cijeli susret mo\u017eete pogledati ovdje.<\/a><\/p>\n","protected":false},"excerpt":{"rendered":"<p>U ponedjeljak 18. svibnja po\u017ee\u0161ki biskup Antun \u0160kvor\u010devi\u0107 se putem interneta susreo s maturantima Katoli\u010dke gimnazije iz Po\u017eege i Katoli\u010dke klasi\u010dne gimnazije iz Virovitice. Osim gimnazijalaca video-konferenciji su nazo\u010dili i ravnatelji spomenutih \u0161kola, razrednici maturanata te po\u017ee\u0161ki vjerou\u010ditelj Krunoslav Siroglavi\u0107 koji je moderirao susret. Cijeli susret mo\u017eete pogledati ovdje.<\/p>\n","protected":false},"author":1,"featured_media":19317,"comment_status":"closed","ping_status":"closed","sticky":false,"template":"","format":"standard","meta":{"footnotes":""},"categories":[2],"tags":[],"class_list":["post-19316","post","type-post","status-publish","format-standard","has-post-thumbnail","hentry","category-vijesti"],"_links":{"self":[{"href":"https:\/\/katolicka-gimnazija.hr\/index.php\/wp-json\/wp\/v2\/posts\/19316","targetHints":{"allow":["GET"]}}],"collection":[{"href":"https:\/\/katolicka-gimnazija.hr\/index.php\/wp-json\/wp\/v2\/posts"}],"about":[{"href":"https:\/\/katolicka-gimnazija.hr\/index.php\/wp-json\/wp\/v2\/types\/post"}],"author":[{"embeddable":true,"href":"https:\/\/katolicka-gimnazija.hr\/index.php\/wp-json\/wp\/v2\/users\/1"}],"replies":[{"embeddable":true,"href":"https:\/\/katolicka-gimnazija.hr\/index.php\/wp-json\/wp\/v2\/comments?post=19316"}],"version-history":[{"count":1,"href":"https:\/\/katolicka-gimnazija.hr\/index.php\/wp-json\/wp\/v2\/posts\/19316\/revisions"}],"predecessor-version":[{"id":19318,"href":"https:\/\/katolicka-gimnazija.hr\/index.php\/wp-json\/wp\/v2\/posts\/19316\/revisions\/19318"}],"wp:featuredmedia":[{"embeddable":true,"href":"https:\/\/katolicka-gimnazija.hr\/index.php\/wp-json\/wp\/v2\/media\/19317"}],"wp:attachment":[{"href":"https:\/\/katolicka-gimnazija.hr\/index.php\/wp-json\/wp\/v2\/media?parent=19316"}],"wp:term":[{"taxonomy":"category","embeddable":true,"href":"https:\/\/katolicka-gimnazija.hr\/index.php\/wp-json\/wp\/v2\/categories?post=19316"},{"taxonomy":"post_tag","embeddable":true,"href":"https:\/\/katolicka-gimnazija.hr\/index.php\/wp-json\/wp\/v2\/tags?post=19316"}],"curies":[{"name":"wp","href":"https:\/\/api.w.org\/{rel}","templated":true}]}}