{"id":19496,"date":"2020-07-02T07:21:10","date_gmt":"2020-07-02T07:21:10","guid":{"rendered":"http:\/\/katolicka-gimnazija.hr\/?p=19496"},"modified":"2020-07-02T07:22:36","modified_gmt":"2020-07-02T07:22:36","slug":"svecanost-oprostaja-od-desete-generacije-maturanata-katolicke-gimnazije-u-pozegi","status":"publish","type":"post","link":"https:\/\/katolicka-gimnazija.hr\/index.php\/2020\/07\/02\/svecanost-oprostaja-od-desete-generacije-maturanata-katolicke-gimnazije-u-pozegi\/","title":{"rendered":"Sve\u010danost opro\u0161taja od desete generacije maturanata Katoli\u010dke gimnazije u Po\u017eegi"},"content":{"rendered":"<p>&nbsp;<\/p>\n<p style=\"text-align: center;\"><strong>DUC IN ALTUM<\/strong><\/p>\n<p>I dok su stari (i mudri) Grci vjerovali da je ljudima klicu znanja donio Prometej ukrav\u0161i je bogovima s Olimpa, mi kr\u0161\u0107ani vjerujemo da je na po\u010detku vremena klicu \u017eivota i mudrosti \u010dovjeku udahnuo Bog, a svjetlom svoga sina, Isusa Krista, rasvijetlio je na\u0161 put prema<\/p>\n<p><img loading=\"lazy\" decoding=\"async\" class=\"alignleft size-medium wp-image-19517\" src=\"http:\/\/katolicka-gimnazija.hr\/wp-content\/uploads\/2020\/07\/106507117_3399492306736482_4151257393430683989_o-300x231.jpg\" alt=\"\" width=\"300\" height=\"231\" srcset=\"https:\/\/katolicka-gimnazija.hr\/wp-content\/uploads\/2020\/07\/106507117_3399492306736482_4151257393430683989_o-300x231.jpg 300w, https:\/\/katolicka-gimnazija.hr\/wp-content\/uploads\/2020\/07\/106507117_3399492306736482_4151257393430683989_o-768x591.jpg 768w, https:\/\/katolicka-gimnazija.hr\/wp-content\/uploads\/2020\/07\/106507117_3399492306736482_4151257393430683989_o-390x300.jpg 390w, https:\/\/katolicka-gimnazija.hr\/wp-content\/uploads\/2020\/07\/106507117_3399492306736482_4151257393430683989_o.jpg 960w\" sizes=\"auto, (max-width: 300px) 100vw, 300px\" \/><\/p>\n<p>budu\u0107nosti koji je sve samo ne lagan ili izvjestan. U \u0161kolske se klupe prvih razreda uplovljava s radosnim ali i naivnim povjerenjem u ne\u0161to \u0161to kasnije poznajemo kao sustav koji je te\u017eak i nemilosrdan, ali koji formira one koji programe toga sustava prihvate pa ga \u010dak ponekad i sami mijenjaju i usavr\u0161uju.<\/p>\n<p>S takvim jednim sustavom i posebnim odgojno-obrazovnim programima opra\u0161ta se ove godine deseta generacija po\u017ee\u0161kih katoli\u010dkih gimnazijalaca. Upravo sino\u0107 uprili\u010dena je sve\u010danost opro\u0161taja kojoj su, osim maturanata, prisustvovali posebni uzvanici \u2013 osniva\u010d \u0160kole, msgr. Antun \u0160kvor\u010devi\u0107, predstojnik Ureda za katoli\u010dke \u0161kole i ravnatelj Odgojno-obrazovnog centra vl\u010d. Ivica \u017duljevi\u0107, ravnatelj \u0161kole Ivica Bedeni\u010di\u0107, profesori koji su maturantima predavali i roditelji koji su tom kolektivu s povjerenjem prepustili svoju djecu, njihova rodbina i prijatelji.<\/p>\n<p>Sino\u0107nji sve\u010dani program u Dvorani svete Terezije Avilske, koji je vodio prof. Leonardo \u0110akovi\u0107, zajedno sa suradnicima pripremile su razrednice maturantskih razreda prof. Marijana \u0106orluka i prof. Ivana Brekalo. Program je zapo\u010deo glazbenom to\u010dkom u\u010denika tre\u0107eg razreda Lucije Morvaj i Matka Mati\u0161i\u0107a nakon \u010dega je vjerou\u010ditelj vl\u010d. Krunoslav<img loading=\"lazy\" decoding=\"async\" class=\"size-medium wp-image-19506 alignright\" src=\"http:\/\/katolicka-gimnazija.hr\/wp-content\/uploads\/2020\/07\/106075063_3399487156736997_7244271676545274198_o-300x200.jpg\" alt=\"\" width=\"300\" height=\"200\" srcset=\"https:\/\/katolicka-gimnazija.hr\/wp-content\/uploads\/2020\/07\/106075063_3399487156736997_7244271676545274198_o-300x200.jpg 300w, https:\/\/katolicka-gimnazija.hr\/wp-content\/uploads\/2020\/07\/106075063_3399487156736997_7244271676545274198_o-768x512.jpg 768w, https:\/\/katolicka-gimnazija.hr\/wp-content\/uploads\/2020\/07\/106075063_3399487156736997_7244271676545274198_o-400x267.jpg 400w, https:\/\/katolicka-gimnazija.hr\/wp-content\/uploads\/2020\/07\/106075063_3399487156736997_7244271676545274198_o.jpg 960w\" sizes=\"auto, (max-width: 300px) 100vw, 300px\" \/> Siroglavi\u0107 zapo\u010deo susret molitvom. Sve prisutne potom je svojom ravnateljskom rije\u010dju pozdravio prof. Bedeni\u010di\u0107 koji se izme\u0111u ostaloga posebno zahvalio ocu biskupu na daru na\u0161ih \u0161kola te <em>\u201ena prilici koju ste pru\u017eili ovim mladim ljudima, na crkvenosti i vjernosti koju nam s toliko truda i pa\u017enje darujete tijekom svih ovih godina\u201c<\/em>, potom profesorima poru\u010div\u0161i da se ne umore <em>\u201eod revnog slu\u017eenja i gra\u0111enja obiteljskog ozra\u010dja u na\u0161oj maloj zajednici\u201c, <\/em>a na poseban na\u010din maturantima rije\u010dima: <em>\u201eVolio bih, dragi suzajedni\u010dari na\u0161e Katoli\u010dke gimnazije, a posebno vi, deseta generacijo na\u0161e male putuju\u0107e crkve da vam je barem \u201egoru\u0161i\u010dino\u201c sjeme takvih dugoro\u010dnih i jedino vrijednih ciljeva negdje duboko posijano trudom i marom va\u0161ih roditelja, sve\u0107enika i profesora. Znajte da niste stvoreni za malene stvari! Nemojte ih prezirati, ali ne brkajte instrumente i cilj! I uvijek, ba\u0161 uvijek oslu\u0161kujte i otkrivajte Krista u suputnicima svoga \u017eivotnog puta!\u201c<\/em><\/p>\n<p><a href=\"http:\/\/katolicka-gimnazija.hr\/wp-content\/uploads\/2020\/07\/106531781_3399498433402536_6621436705916996766_o.jpg\"><img loading=\"lazy\" decoding=\"async\" class=\"alignleft size-medium wp-image-19522\" src=\"http:\/\/katolicka-gimnazija.hr\/wp-content\/uploads\/2020\/07\/106531781_3399498433402536_6621436705916996766_o-300x200.jpg\" alt=\"\" width=\"300\" height=\"200\" srcset=\"https:\/\/katolicka-gimnazija.hr\/wp-content\/uploads\/2020\/07\/106531781_3399498433402536_6621436705916996766_o-300x200.jpg 300w, https:\/\/katolicka-gimnazija.hr\/wp-content\/uploads\/2020\/07\/106531781_3399498433402536_6621436705916996766_o-768x512.jpg 768w, https:\/\/katolicka-gimnazija.hr\/wp-content\/uploads\/2020\/07\/106531781_3399498433402536_6621436705916996766_o-400x267.jpg 400w, https:\/\/katolicka-gimnazija.hr\/wp-content\/uploads\/2020\/07\/106531781_3399498433402536_6621436705916996766_o.jpg 960w\" sizes=\"auto, (max-width: 300px) 100vw, 300px\" \/><\/a>Od \u0160kole su se i ove godine oprostili i brojni \u010dlanovi izvannastavnih dru\u017eina pa tako i \u010dlanova dramske dru\u017eine koji su se jo\u0161 jednom predstavili pred svojim profesorima, ali i roditeljima i ostalim gostima predstavom <em>Gregor<\/em> s kojom su nastupili na ovogodi\u0161njem LiDraNu pod vodstvom prof. Marijane \u0106orluke. Nakon predstave, kao i svake godine, posebna su gesta \u0160kole nagrade koje se dodjeljuju maturantima za iznimne uspjehe ali i doprinose u protekloj \u0161kolskoj godini. Posebnu nagradu za cjelokupan odnos i prema odgoji i prema radu, za sve obrazovne uspjehe ali i doprinos \u0160koli, nagradu za najmaturanticu ove je godine primila u\u010denica 4.b razreda Marta Mate\u0161i\u0107 koja se sino\u0107 obratila prisutnima u ime desete generacije maturanata Katoli\u010dke gimnazije u Po\u017eegi.<\/p>\n<p>Nakon glazbene to\u010dke \u0161kolskog zbora, prisutnima je pastirsku rije\u010d uputio osniva\u010d \u0160kole po\u017ee\u0161ki biskup Antun <a href=\"http:\/\/katolicka-gimnazija.hr\/wp-content\/uploads\/2020\/07\/106045460_3399487980070248_5998228277916442206_o.jpg\"><img loading=\"lazy\" decoding=\"async\" class=\"size-medium wp-image-19503 alignright\" src=\"http:\/\/katolicka-gimnazija.hr\/wp-content\/uploads\/2020\/07\/106045460_3399487980070248_5998228277916442206_o-300x200.jpg\" alt=\"\" width=\"300\" height=\"200\" srcset=\"https:\/\/katolicka-gimnazija.hr\/wp-content\/uploads\/2020\/07\/106045460_3399487980070248_5998228277916442206_o-300x200.jpg 300w, https:\/\/katolicka-gimnazija.hr\/wp-content\/uploads\/2020\/07\/106045460_3399487980070248_5998228277916442206_o-768x512.jpg 768w, https:\/\/katolicka-gimnazija.hr\/wp-content\/uploads\/2020\/07\/106045460_3399487980070248_5998228277916442206_o-400x267.jpg 400w, https:\/\/katolicka-gimnazija.hr\/wp-content\/uploads\/2020\/07\/106045460_3399487980070248_5998228277916442206_o.jpg 960w\" sizes=\"auto, (max-width: 300px) 100vw, 300px\" \/><\/a>\u0160kvor\u010devi\u0107. Zahvalio je maturantima za sve \u0161to su u\u010dinili za vrijeme ove njihove maturantske godine, kao i njihovim roditeljima, profesorima i drugim djelatnicima \u0161kole na \u010delu s ravnateljem. Podsjetio ih je da je s njima cijelo vrijeme bio Onaj koji ih je smislio i pozvao u \u017eivot, koji ra\u010duna s njima, koji im je pru\u017eio ruku povjerenja i rekao im da oni nisu bilo tko, nego da su njegovi prijatelji. Ustvrdio je da su svojim performansom poslali sna\u017enu poruku: da je \u010dovjek bi\u0107e koje mo\u017ee postati zatvoreno, i da ga drugi zatvore, ne fizi\u010dki nego iznutra, duhovno. Kazao je da se zajedno s njima raduje \u0161to \u010detiri godine nisu bili u nekom duhovno zatvorenom prostoru, jer su svi, koji su s njima bili, nastojali slagati odre\u0111eni mozaik njihova \u017eivota, tuma\u010diti im da ne pripadaju samo sebi, nego da pripadaju \u0161irini, dubini, visini, smislu, te su ih cijelo vrijeme otvarali za beskraj, za neizmjerno.<\/p>\n<p><em>\u201eVi ne odlazite, nego ostajete ba\u0161 kao takvi, ne u na\u0161em nego u Bo\u017ejem pam\u0107enju, koji vas je i ove godine pratio na <a href=\"http:\/\/katolicka-gimnazija.hr\/wp-content\/uploads\/2020\/07\/106810493_3399495723402807_1438036386661310353_o.jpg\"><img loading=\"lazy\" decoding=\"async\" class=\"alignleft size-medium wp-image-19526\" src=\"http:\/\/katolicka-gimnazija.hr\/wp-content\/uploads\/2020\/07\/106810493_3399495723402807_1438036386661310353_o-300x200.jpg\" alt=\"\" width=\"300\" height=\"200\" srcset=\"https:\/\/katolicka-gimnazija.hr\/wp-content\/uploads\/2020\/07\/106810493_3399495723402807_1438036386661310353_o-300x200.jpg 300w, https:\/\/katolicka-gimnazija.hr\/wp-content\/uploads\/2020\/07\/106810493_3399495723402807_1438036386661310353_o-768x512.jpg 768w, https:\/\/katolicka-gimnazija.hr\/wp-content\/uploads\/2020\/07\/106810493_3399495723402807_1438036386661310353_o-400x267.jpg 400w, https:\/\/katolicka-gimnazija.hr\/wp-content\/uploads\/2020\/07\/106810493_3399495723402807_1438036386661310353_o.jpg 960w\" sizes=\"auto, (max-width: 300px) 100vw, 300px\" \/><\/a>va\u0161em putu iz one svoje neizmjernosti i beskrajnosti kojoj pripadate\u201c<\/em>, naglasio je biskup. Rekao je da se raduje novim susretima s njima, kojih \u0107e sigurno biti i koji \u0107e ostati trajni u duhovnoj povezanosti kroz molitvu, ali i u na\u0161em zanimanju kako ste, gdje ste i jeste li se mo\u017eda negdje izgubili na putovima duha. <em>\u201eI u najte\u017eim trenucima svoga \u017eivota sjetite se kome pripadate, \u010diji ste, i ne bojte se! Tko god je iz te svijesti gradio svoj \u017eivot, nikada nije bio \u010dovjek bez nade i bez cilja. S Bogom se uvijek pobje\u0111uje\u201c,<\/em> poru\u010dio je biskup desetom nara\u0161taju maturanata Katoli\u010dke gimnazije u Po\u017eegi. <em>\u201eValja nam jo\u0161 kro\u010diti zajedno, prate\u0107i i podupiru\u0107i jedni druge, da dospijemo do onih ciljeva o kojima je lijepim i biranim rije\u010dima govorio va\u0161 ravnatelj\u201c,<\/em> ustvrdio je biskup. Po\u017eelio je da svatko od njih ponese u srcu ono najljep\u0161e \u0161to mo\u017ee: njihovu me\u0111usobnu \u0161kolsku i prijateljsku blizinu, ali jo\u0161 vi\u0161e onu blizinu Bo\u017eju za koju ih je ova gimnazija otvarala.<\/p>\n<p><a href=\"http:\/\/katolicka-gimnazija.hr\/wp-content\/uploads\/2020\/07\/106479907_3399487813403598_1274024869469568_o.jpg\"><img loading=\"lazy\" decoding=\"async\" class=\"size-medium wp-image-19516 alignright\" src=\"http:\/\/katolicka-gimnazija.hr\/wp-content\/uploads\/2020\/07\/106479907_3399487813403598_1274024869469568_o-300x200.jpg\" alt=\"\" width=\"300\" height=\"200\" srcset=\"https:\/\/katolicka-gimnazija.hr\/wp-content\/uploads\/2020\/07\/106479907_3399487813403598_1274024869469568_o-300x200.jpg 300w, https:\/\/katolicka-gimnazija.hr\/wp-content\/uploads\/2020\/07\/106479907_3399487813403598_1274024869469568_o-768x512.jpg 768w, https:\/\/katolicka-gimnazija.hr\/wp-content\/uploads\/2020\/07\/106479907_3399487813403598_1274024869469568_o-400x267.jpg 400w, https:\/\/katolicka-gimnazija.hr\/wp-content\/uploads\/2020\/07\/106479907_3399487813403598_1274024869469568_o.jpg 960w\" sizes=\"auto, (max-width: 300px) 100vw, 300px\" \/><\/a>Uslijedila je potom sve\u010dana dodjela svjedod\u017ebi svim maturantima koji su se svojim potpisom u Knjizi prijatelja \u0161kole pridru\u017eili devet generacija njihovih starijih kolega. Sam program zavr\u0161io je akademskom himnom Gaudeamus koju je predvodio \u0161kolski zbor pod ravnanjem prof. Marije Tonkovi\u0107 i zajedni\u010dkim fotografiranjem nakon \u010dega se nastavilo s dru\u017eenjem uz prigodni domjenak.<\/p>\n<p>I sve \u010detiri godine srednjo\u0161kolske borbe i ova sve\u010danost koja se sino\u0107 odr\u017eala samo su jedan od bezbroj zaveslaja koje \u0107e svatko od nas morati u\u010diniti ili sam ili s nekim bliskim u pravoj \u017eivotnoj borbi koja tek pred ovoj jubilarnoj generaciji maturanata Katoli\u010dke gimnazije s pravom javnosti u Po\u017eegi. \u0160to im drugo po\u017eeljeti nego da se pouzdaju u pravog kapetana i neka hrabro zaveslaju na pu\u010dinu \u2013 duc in altum!<\/p>\n<div id='gallery-1' class='gallery galleryid-19496 gallery-columns-3 gallery-size-medium'><figure class='gallery-item'>\n\t\t\t<div class='gallery-icon landscape'>\n\t\t\t\t<a href='https:\/\/katolicka-gimnazija.hr\/wp-content\/uploads\/2020\/07\/106088264_3399491806736532_7689841896785799853_o.jpg'><img loading=\"lazy\" decoding=\"async\" width=\"300\" height=\"200\" src=\"https:\/\/katolicka-gimnazija.hr\/wp-content\/uploads\/2020\/07\/106088264_3399491806736532_7689841896785799853_o-300x200.jpg\" class=\"attachment-medium size-medium\" alt=\"\" srcset=\"https:\/\/katolicka-gimnazija.hr\/wp-content\/uploads\/2020\/07\/106088264_3399491806736532_7689841896785799853_o-300x200.jpg 300w, https:\/\/katolicka-gimnazija.hr\/wp-content\/uploads\/2020\/07\/106088264_3399491806736532_7689841896785799853_o-768x512.jpg 768w, https:\/\/katolicka-gimnazija.hr\/wp-content\/uploads\/2020\/07\/106088264_3399491806736532_7689841896785799853_o-400x267.jpg 400w, https:\/\/katolicka-gimnazija.hr\/wp-content\/uploads\/2020\/07\/106088264_3399491806736532_7689841896785799853_o.jpg 960w\" sizes=\"auto, (max-width: 300px) 100vw, 300px\" \/><\/a>\n\t\t\t<\/div><\/figure><figure class='gallery-item'>\n\t\t\t<div class='gallery-icon landscape'>\n\t\t\t\t<a href='https:\/\/katolicka-gimnazija.hr\/wp-content\/uploads\/2020\/07\/106512451_3399487676736945_6823936813938758638_o.jpg'><img loading=\"lazy\" decoding=\"async\" width=\"300\" height=\"200\" src=\"https:\/\/katolicka-gimnazija.hr\/wp-content\/uploads\/2020\/07\/106512451_3399487676736945_6823936813938758638_o-300x200.jpg\" class=\"attachment-medium size-medium\" alt=\"\" srcset=\"https:\/\/katolicka-gimnazija.hr\/wp-content\/uploads\/2020\/07\/106512451_3399487676736945_6823936813938758638_o-300x200.jpg 300w, https:\/\/katolicka-gimnazija.hr\/wp-content\/uploads\/2020\/07\/106512451_3399487676736945_6823936813938758638_o-768x512.jpg 768w, https:\/\/katolicka-gimnazija.hr\/wp-content\/uploads\/2020\/07\/106512451_3399487676736945_6823936813938758638_o-400x267.jpg 400w, https:\/\/katolicka-gimnazija.hr\/wp-content\/uploads\/2020\/07\/106512451_3399487676736945_6823936813938758638_o.jpg 960w\" sizes=\"auto, (max-width: 300px) 100vw, 300px\" \/><\/a>\n\t\t\t<\/div><\/figure><figure class='gallery-item'>\n\t\t\t<div class='gallery-icon landscape'>\n\t\t\t\t<a href='https:\/\/katolicka-gimnazija.hr\/wp-content\/uploads\/2020\/07\/106479907_3399487813403598_1274024869469568_o.jpg'><img loading=\"lazy\" decoding=\"async\" width=\"300\" height=\"200\" src=\"https:\/\/katolicka-gimnazija.hr\/wp-content\/uploads\/2020\/07\/106479907_3399487813403598_1274024869469568_o-300x200.jpg\" class=\"attachment-medium size-medium\" alt=\"\" srcset=\"https:\/\/katolicka-gimnazija.hr\/wp-content\/uploads\/2020\/07\/106479907_3399487813403598_1274024869469568_o-300x200.jpg 300w, https:\/\/katolicka-gimnazija.hr\/wp-content\/uploads\/2020\/07\/106479907_3399487813403598_1274024869469568_o-768x512.jpg 768w, https:\/\/katolicka-gimnazija.hr\/wp-content\/uploads\/2020\/07\/106479907_3399487813403598_1274024869469568_o-400x267.jpg 400w, https:\/\/katolicka-gimnazija.hr\/wp-content\/uploads\/2020\/07\/106479907_3399487813403598_1274024869469568_o.jpg 960w\" sizes=\"auto, (max-width: 300px) 100vw, 300px\" \/><\/a>\n\t\t\t<\/div><\/figure><figure class='gallery-item'>\n\t\t\t<div class='gallery-icon landscape'>\n\t\t\t\t<a href='https:\/\/katolicka-gimnazija.hr\/wp-content\/uploads\/2020\/07\/106128727_3399498300069216_5426513766136410082_o.jpg'><img loading=\"lazy\" decoding=\"async\" width=\"300\" height=\"200\" src=\"https:\/\/katolicka-gimnazija.hr\/wp-content\/uploads\/2020\/07\/106128727_3399498300069216_5426513766136410082_o-300x200.jpg\" class=\"attachment-medium size-medium\" alt=\"\" srcset=\"https:\/\/katolicka-gimnazija.hr\/wp-content\/uploads\/2020\/07\/106128727_3399498300069216_5426513766136410082_o-300x200.jpg 300w, https:\/\/katolicka-gimnazija.hr\/wp-content\/uploads\/2020\/07\/106128727_3399498300069216_5426513766136410082_o-768x512.jpg 768w, https:\/\/katolicka-gimnazija.hr\/wp-content\/uploads\/2020\/07\/106128727_3399498300069216_5426513766136410082_o-400x267.jpg 400w, https:\/\/katolicka-gimnazija.hr\/wp-content\/uploads\/2020\/07\/106128727_3399498300069216_5426513766136410082_o.jpg 960w\" sizes=\"auto, (max-width: 300px) 100vw, 300px\" \/><\/a>\n\t\t\t<\/div><\/figure><figure class='gallery-item'>\n\t\t\t<div class='gallery-icon landscape'>\n\t\t\t\t<a href='https:\/\/katolicka-gimnazija.hr\/wp-content\/uploads\/2020\/07\/106005528_3399487113403668_2855567022923528756_o.jpg'><img loading=\"lazy\" decoding=\"async\" width=\"300\" height=\"200\" src=\"https:\/\/katolicka-gimnazija.hr\/wp-content\/uploads\/2020\/07\/106005528_3399487113403668_2855567022923528756_o-300x200.jpg\" class=\"attachment-medium size-medium\" alt=\"\" srcset=\"https:\/\/katolicka-gimnazija.hr\/wp-content\/uploads\/2020\/07\/106005528_3399487113403668_2855567022923528756_o-300x200.jpg 300w, https:\/\/katolicka-gimnazija.hr\/wp-content\/uploads\/2020\/07\/106005528_3399487113403668_2855567022923528756_o-768x512.jpg 768w, https:\/\/katolicka-gimnazija.hr\/wp-content\/uploads\/2020\/07\/106005528_3399487113403668_2855567022923528756_o-400x267.jpg 400w, https:\/\/katolicka-gimnazija.hr\/wp-content\/uploads\/2020\/07\/106005528_3399487113403668_2855567022923528756_o.jpg 960w\" sizes=\"auto, (max-width: 300px) 100vw, 300px\" \/><\/a>\n\t\t\t<\/div><\/figure><figure class='gallery-item'>\n\t\t\t<div class='gallery-icon landscape'>\n\t\t\t\t<a href='https:\/\/katolicka-gimnazija.hr\/wp-content\/uploads\/2020\/07\/106095098_3399494766736236_8565562108024999585_o.jpg'><img loading=\"lazy\" decoding=\"async\" width=\"300\" height=\"200\" src=\"https:\/\/katolicka-gimnazija.hr\/wp-content\/uploads\/2020\/07\/106095098_3399494766736236_8565562108024999585_o-300x200.jpg\" class=\"attachment-medium size-medium\" alt=\"\" srcset=\"https:\/\/katolicka-gimnazija.hr\/wp-content\/uploads\/2020\/07\/106095098_3399494766736236_8565562108024999585_o-300x200.jpg 300w, https:\/\/katolicka-gimnazija.hr\/wp-content\/uploads\/2020\/07\/106095098_3399494766736236_8565562108024999585_o-768x512.jpg 768w, https:\/\/katolicka-gimnazija.hr\/wp-content\/uploads\/2020\/07\/106095098_3399494766736236_8565562108024999585_o-400x267.jpg 400w, https:\/\/katolicka-gimnazija.hr\/wp-content\/uploads\/2020\/07\/106095098_3399494766736236_8565562108024999585_o.jpg 960w\" sizes=\"auto, (max-width: 300px) 100vw, 300px\" \/><\/a>\n\t\t\t<\/div><\/figure><figure class='gallery-item'>\n\t\t\t<div class='gallery-icon landscape'>\n\t\t\t\t<a href='https:\/\/katolicka-gimnazija.hr\/wp-content\/uploads\/2020\/07\/106214124_3399501123402267_766583549249222213_o.jpg'><img loading=\"lazy\" decoding=\"async\" width=\"300\" height=\"200\" src=\"https:\/\/katolicka-gimnazija.hr\/wp-content\/uploads\/2020\/07\/106214124_3399501123402267_766583549249222213_o-300x200.jpg\" class=\"attachment-medium size-medium\" alt=\"\" srcset=\"https:\/\/katolicka-gimnazija.hr\/wp-content\/uploads\/2020\/07\/106214124_3399501123402267_766583549249222213_o-300x200.jpg 300w, https:\/\/katolicka-gimnazija.hr\/wp-content\/uploads\/2020\/07\/106214124_3399501123402267_766583549249222213_o-768x512.jpg 768w, https:\/\/katolicka-gimnazija.hr\/wp-content\/uploads\/2020\/07\/106214124_3399501123402267_766583549249222213_o-400x267.jpg 400w, https:\/\/katolicka-gimnazija.hr\/wp-content\/uploads\/2020\/07\/106214124_3399501123402267_766583549249222213_o.jpg 960w\" sizes=\"auto, (max-width: 300px) 100vw, 300px\" \/><\/a>\n\t\t\t<\/div><\/figure><figure class='gallery-item'>\n\t\t\t<div class='gallery-icon landscape'>\n\t\t\t\t<a href='https:\/\/katolicka-gimnazija.hr\/wp-content\/uploads\/2020\/07\/106541092_3399493230069723_7629103436240446538_o.jpg'><img loading=\"lazy\" decoding=\"async\" width=\"300\" height=\"200\" src=\"https:\/\/katolicka-gimnazija.hr\/wp-content\/uploads\/2020\/07\/106541092_3399493230069723_7629103436240446538_o-300x200.jpg\" class=\"attachment-medium size-medium\" alt=\"\" srcset=\"https:\/\/katolicka-gimnazija.hr\/wp-content\/uploads\/2020\/07\/106541092_3399493230069723_7629103436240446538_o-300x200.jpg 300w, https:\/\/katolicka-gimnazija.hr\/wp-content\/uploads\/2020\/07\/106541092_3399493230069723_7629103436240446538_o-768x512.jpg 768w, https:\/\/katolicka-gimnazija.hr\/wp-content\/uploads\/2020\/07\/106541092_3399493230069723_7629103436240446538_o-400x267.jpg 400w, https:\/\/katolicka-gimnazija.hr\/wp-content\/uploads\/2020\/07\/106541092_3399493230069723_7629103436240446538_o.jpg 960w\" sizes=\"auto, (max-width: 300px) 100vw, 300px\" \/><\/a>\n\t\t\t<\/div><\/figure><figure class='gallery-item'>\n\t\t\t<div class='gallery-icon landscape'>\n\t\t\t\t<a href='https:\/\/katolicka-gimnazija.hr\/wp-content\/uploads\/2020\/07\/106479359_3399487630070283_1873870084959116921_o.jpg'><img loading=\"lazy\" decoding=\"async\" width=\"300\" height=\"241\" src=\"https:\/\/katolicka-gimnazija.hr\/wp-content\/uploads\/2020\/07\/106479359_3399487630070283_1873870084959116921_o-300x241.jpg\" class=\"attachment-medium size-medium\" alt=\"\" srcset=\"https:\/\/katolicka-gimnazija.hr\/wp-content\/uploads\/2020\/07\/106479359_3399487630070283_1873870084959116921_o-300x241.jpg 300w, https:\/\/katolicka-gimnazija.hr\/wp-content\/uploads\/2020\/07\/106479359_3399487630070283_1873870084959116921_o-768x616.jpg 768w, https:\/\/katolicka-gimnazija.hr\/wp-content\/uploads\/2020\/07\/106479359_3399487630070283_1873870084959116921_o-374x300.jpg 374w, https:\/\/katolicka-gimnazija.hr\/wp-content\/uploads\/2020\/07\/106479359_3399487630070283_1873870084959116921_o.jpg 960w\" sizes=\"auto, (max-width: 300px) 100vw, 300px\" \/><\/a>\n\t\t\t<\/div><\/figure><figure class='gallery-item'>\n\t\t\t<div class='gallery-icon landscape'>\n\t\t\t\t<a href='https:\/\/katolicka-gimnazija.hr\/wp-content\/uploads\/2020\/07\/106531746_3399496380069408_8442924596697194538_o.jpg'><img loading=\"lazy\" decoding=\"async\" width=\"300\" height=\"200\" src=\"https:\/\/katolicka-gimnazija.hr\/wp-content\/uploads\/2020\/07\/106531746_3399496380069408_8442924596697194538_o-300x200.jpg\" class=\"attachment-medium size-medium\" alt=\"\" srcset=\"https:\/\/katolicka-gimnazija.hr\/wp-content\/uploads\/2020\/07\/106531746_3399496380069408_8442924596697194538_o-300x200.jpg 300w, https:\/\/katolicka-gimnazija.hr\/wp-content\/uploads\/2020\/07\/106531746_3399496380069408_8442924596697194538_o-768x512.jpg 768w, https:\/\/katolicka-gimnazija.hr\/wp-content\/uploads\/2020\/07\/106531746_3399496380069408_8442924596697194538_o-400x267.jpg 400w, https:\/\/katolicka-gimnazija.hr\/wp-content\/uploads\/2020\/07\/106531746_3399496380069408_8442924596697194538_o.jpg 960w\" sizes=\"auto, (max-width: 300px) 100vw, 300px\" \/><\/a>\n\t\t\t<\/div><\/figure><figure class='gallery-item'>\n\t\t\t<div class='gallery-icon landscape'>\n\t\t\t\t<a href='https:\/\/katolicka-gimnazija.hr\/wp-content\/uploads\/2020\/07\/106808759_3399493200069726_2696385124300047453_o.jpg'><img loading=\"lazy\" decoding=\"async\" width=\"300\" height=\"229\" src=\"https:\/\/katolicka-gimnazija.hr\/wp-content\/uploads\/2020\/07\/106808759_3399493200069726_2696385124300047453_o-300x229.jpg\" class=\"attachment-medium size-medium\" alt=\"\" srcset=\"https:\/\/katolicka-gimnazija.hr\/wp-content\/uploads\/2020\/07\/106808759_3399493200069726_2696385124300047453_o-300x229.jpg 300w, https:\/\/katolicka-gimnazija.hr\/wp-content\/uploads\/2020\/07\/106808759_3399493200069726_2696385124300047453_o-768x586.jpg 768w, https:\/\/katolicka-gimnazija.hr\/wp-content\/uploads\/2020\/07\/106808759_3399493200069726_2696385124300047453_o-393x300.jpg 393w, https:\/\/katolicka-gimnazija.hr\/wp-content\/uploads\/2020\/07\/106808759_3399493200069726_2696385124300047453_o.jpg 960w\" sizes=\"auto, (max-width: 300px) 100vw, 300px\" \/><\/a>\n\t\t\t<\/div><\/figure><figure class='gallery-item'>\n\t\t\t<div class='gallery-icon landscape'>\n\t\t\t\t<a href='https:\/\/katolicka-gimnazija.hr\/wp-content\/uploads\/2020\/07\/106507117_3399492306736482_4151257393430683989_o.jpg'><img loading=\"lazy\" decoding=\"async\" width=\"300\" height=\"231\" src=\"https:\/\/katolicka-gimnazija.hr\/wp-content\/uploads\/2020\/07\/106507117_3399492306736482_4151257393430683989_o-300x231.jpg\" class=\"attachment-medium size-medium\" alt=\"\" srcset=\"https:\/\/katolicka-gimnazija.hr\/wp-content\/uploads\/2020\/07\/106507117_3399492306736482_4151257393430683989_o-300x231.jpg 300w, https:\/\/katolicka-gimnazija.hr\/wp-content\/uploads\/2020\/07\/106507117_3399492306736482_4151257393430683989_o-768x591.jpg 768w, https:\/\/katolicka-gimnazija.hr\/wp-content\/uploads\/2020\/07\/106507117_3399492306736482_4151257393430683989_o-390x300.jpg 390w, https:\/\/katolicka-gimnazija.hr\/wp-content\/uploads\/2020\/07\/106507117_3399492306736482_4151257393430683989_o.jpg 960w\" sizes=\"auto, (max-width: 300px) 100vw, 300px\" \/><\/a>\n\t\t\t<\/div><\/figure><figure class='gallery-item'>\n\t\t\t<div class='gallery-icon landscape'>\n\t\t\t\t<a href='https:\/\/katolicka-gimnazija.hr\/wp-content\/uploads\/2020\/07\/106531781_3399498433402536_6621436705916996766_o.jpg'><img loading=\"lazy\" decoding=\"async\" width=\"300\" height=\"200\" src=\"https:\/\/katolicka-gimnazija.hr\/wp-content\/uploads\/2020\/07\/106531781_3399498433402536_6621436705916996766_o-300x200.jpg\" class=\"attachment-medium size-medium\" alt=\"\" srcset=\"https:\/\/katolicka-gimnazija.hr\/wp-content\/uploads\/2020\/07\/106531781_3399498433402536_6621436705916996766_o-300x200.jpg 300w, https:\/\/katolicka-gimnazija.hr\/wp-content\/uploads\/2020\/07\/106531781_3399498433402536_6621436705916996766_o-768x512.jpg 768w, https:\/\/katolicka-gimnazija.hr\/wp-content\/uploads\/2020\/07\/106531781_3399498433402536_6621436705916996766_o-400x267.jpg 400w, https:\/\/katolicka-gimnazija.hr\/wp-content\/uploads\/2020\/07\/106531781_3399498433402536_6621436705916996766_o.jpg 960w\" sizes=\"auto, (max-width: 300px) 100vw, 300px\" \/><\/a>\n\t\t\t<\/div><\/figure><figure class='gallery-item'>\n\t\t\t<div class='gallery-icon landscape'>\n\t\t\t\t<a href='https:\/\/katolicka-gimnazija.hr\/wp-content\/uploads\/2020\/07\/106095098_3399500336735679_6499691170317234830_o.jpg'><img loading=\"lazy\" decoding=\"async\" width=\"300\" height=\"200\" src=\"https:\/\/katolicka-gimnazija.hr\/wp-content\/uploads\/2020\/07\/106095098_3399500336735679_6499691170317234830_o-300x200.jpg\" class=\"attachment-medium size-medium\" alt=\"\" srcset=\"https:\/\/katolicka-gimnazija.hr\/wp-content\/uploads\/2020\/07\/106095098_3399500336735679_6499691170317234830_o-300x200.jpg 300w, https:\/\/katolicka-gimnazija.hr\/wp-content\/uploads\/2020\/07\/106095098_3399500336735679_6499691170317234830_o-768x512.jpg 768w, https:\/\/katolicka-gimnazija.hr\/wp-content\/uploads\/2020\/07\/106095098_3399500336735679_6499691170317234830_o-400x267.jpg 400w, https:\/\/katolicka-gimnazija.hr\/wp-content\/uploads\/2020\/07\/106095098_3399500336735679_6499691170317234830_o.jpg 960w\" sizes=\"auto, (max-width: 300px) 100vw, 300px\" \/><\/a>\n\t\t\t<\/div><\/figure><figure class='gallery-item'>\n\t\t\t<div class='gallery-icon landscape'>\n\t\t\t\t<a href='https:\/\/katolicka-gimnazija.hr\/wp-content\/uploads\/2020\/07\/75424734_3399494103402969_3333859375830106095_o.jpg'><img loading=\"lazy\" decoding=\"async\" width=\"300\" height=\"200\" src=\"https:\/\/katolicka-gimnazija.hr\/wp-content\/uploads\/2020\/07\/75424734_3399494103402969_3333859375830106095_o-300x200.jpg\" class=\"attachment-medium size-medium\" alt=\"\" srcset=\"https:\/\/katolicka-gimnazija.hr\/wp-content\/uploads\/2020\/07\/75424734_3399494103402969_3333859375830106095_o-300x200.jpg 300w, https:\/\/katolicka-gimnazija.hr\/wp-content\/uploads\/2020\/07\/75424734_3399494103402969_3333859375830106095_o-768x513.jpg 768w, https:\/\/katolicka-gimnazija.hr\/wp-content\/uploads\/2020\/07\/75424734_3399494103402969_3333859375830106095_o-400x267.jpg 400w, https:\/\/katolicka-gimnazija.hr\/wp-content\/uploads\/2020\/07\/75424734_3399494103402969_3333859375830106095_o.jpg 959w\" sizes=\"auto, (max-width: 300px) 100vw, 300px\" \/><\/a>\n\t\t\t<\/div><\/figure><figure class='gallery-item'>\n\t\t\t<div class='gallery-icon landscape'>\n\t\t\t\t<a href='https:\/\/katolicka-gimnazija.hr\/wp-content\/uploads\/2020\/07\/70376196_3399492346736478_572889130206357598_o.jpg'><img loading=\"lazy\" decoding=\"async\" width=\"300\" height=\"232\" src=\"https:\/\/katolicka-gimnazija.hr\/wp-content\/uploads\/2020\/07\/70376196_3399492346736478_572889130206357598_o-300x232.jpg\" class=\"attachment-medium size-medium\" alt=\"\" srcset=\"https:\/\/katolicka-gimnazija.hr\/wp-content\/uploads\/2020\/07\/70376196_3399492346736478_572889130206357598_o-300x232.jpg 300w, https:\/\/katolicka-gimnazija.hr\/wp-content\/uploads\/2020\/07\/70376196_3399492346736478_572889130206357598_o-768x594.jpg 768w, https:\/\/katolicka-gimnazija.hr\/wp-content\/uploads\/2020\/07\/70376196_3399492346736478_572889130206357598_o-388x300.jpg 388w, https:\/\/katolicka-gimnazija.hr\/wp-content\/uploads\/2020\/07\/70376196_3399492346736478_572889130206357598_o.jpg 960w\" sizes=\"auto, (max-width: 300px) 100vw, 300px\" \/><\/a>\n\t\t\t<\/div><\/figure><figure class='gallery-item'>\n\t\t\t<div class='gallery-icon landscape'>\n\t\t\t\t<a href='https:\/\/katolicka-gimnazija.hr\/wp-content\/uploads\/2020\/07\/106172551_3399486843403695_620286788928216269_o.jpg'><img loading=\"lazy\" decoding=\"async\" width=\"300\" height=\"200\" src=\"https:\/\/katolicka-gimnazija.hr\/wp-content\/uploads\/2020\/07\/106172551_3399486843403695_620286788928216269_o-300x200.jpg\" class=\"attachment-medium size-medium\" alt=\"\" srcset=\"https:\/\/katolicka-gimnazija.hr\/wp-content\/uploads\/2020\/07\/106172551_3399486843403695_620286788928216269_o-300x200.jpg 300w, https:\/\/katolicka-gimnazija.hr\/wp-content\/uploads\/2020\/07\/106172551_3399486843403695_620286788928216269_o-768x512.jpg 768w, https:\/\/katolicka-gimnazija.hr\/wp-content\/uploads\/2020\/07\/106172551_3399486843403695_620286788928216269_o-400x267.jpg 400w, https:\/\/katolicka-gimnazija.hr\/wp-content\/uploads\/2020\/07\/106172551_3399486843403695_620286788928216269_o.jpg 960w\" sizes=\"auto, (max-width: 300px) 100vw, 300px\" \/><\/a>\n\t\t\t<\/div><\/figure><figure class='gallery-item'>\n\t\t\t<div class='gallery-icon landscape'>\n\t\t\t\t<a href='https:\/\/katolicka-gimnazija.hr\/wp-content\/uploads\/2020\/07\/106003203_3399486683403711_374199311214300354_o.jpg'><img loading=\"lazy\" decoding=\"async\" width=\"300\" height=\"200\" src=\"https:\/\/katolicka-gimnazija.hr\/wp-content\/uploads\/2020\/07\/106003203_3399486683403711_374199311214300354_o-300x200.jpg\" class=\"attachment-medium size-medium\" alt=\"\" srcset=\"https:\/\/katolicka-gimnazija.hr\/wp-content\/uploads\/2020\/07\/106003203_3399486683403711_374199311214300354_o-300x200.jpg 300w, https:\/\/katolicka-gimnazija.hr\/wp-content\/uploads\/2020\/07\/106003203_3399486683403711_374199311214300354_o-768x512.jpg 768w, https:\/\/katolicka-gimnazija.hr\/wp-content\/uploads\/2020\/07\/106003203_3399486683403711_374199311214300354_o-400x267.jpg 400w, https:\/\/katolicka-gimnazija.hr\/wp-content\/uploads\/2020\/07\/106003203_3399486683403711_374199311214300354_o.jpg 960w\" sizes=\"auto, (max-width: 300px) 100vw, 300px\" \/><\/a>\n\t\t\t<\/div><\/figure><figure class='gallery-item'>\n\t\t\t<div class='gallery-icon landscape'>\n\t\t\t\t<a href='https:\/\/katolicka-gimnazija.hr\/wp-content\/uploads\/2020\/07\/106800867_3399494823402897_2515239760204368539_o.jpg'><img loading=\"lazy\" decoding=\"async\" width=\"300\" height=\"214\" src=\"https:\/\/katolicka-gimnazija.hr\/wp-content\/uploads\/2020\/07\/106800867_3399494823402897_2515239760204368539_o-300x214.jpg\" class=\"attachment-medium size-medium\" alt=\"\" srcset=\"https:\/\/katolicka-gimnazija.hr\/wp-content\/uploads\/2020\/07\/106800867_3399494823402897_2515239760204368539_o-300x214.jpg 300w, https:\/\/katolicka-gimnazija.hr\/wp-content\/uploads\/2020\/07\/106800867_3399494823402897_2515239760204368539_o-768x547.jpg 768w, https:\/\/katolicka-gimnazija.hr\/wp-content\/uploads\/2020\/07\/106800867_3399494823402897_2515239760204368539_o-400x285.jpg 400w, https:\/\/katolicka-gimnazija.hr\/wp-content\/uploads\/2020\/07\/106800867_3399494823402897_2515239760204368539_o.jpg 960w\" sizes=\"auto, (max-width: 300px) 100vw, 300px\" \/><\/a>\n\t\t\t<\/div><\/figure><figure class='gallery-item'>\n\t\t\t<div class='gallery-icon landscape'>\n\t\t\t\t<a href='https:\/\/katolicka-gimnazija.hr\/wp-content\/uploads\/2020\/07\/71016315_3399495553402824_3847782029848016555_o.jpg'><img loading=\"lazy\" decoding=\"async\" width=\"300\" height=\"200\" src=\"https:\/\/katolicka-gimnazija.hr\/wp-content\/uploads\/2020\/07\/71016315_3399495553402824_3847782029848016555_o-300x200.jpg\" class=\"attachment-medium size-medium\" alt=\"\" srcset=\"https:\/\/katolicka-gimnazija.hr\/wp-content\/uploads\/2020\/07\/71016315_3399495553402824_3847782029848016555_o-300x200.jpg 300w, https:\/\/katolicka-gimnazija.hr\/wp-content\/uploads\/2020\/07\/71016315_3399495553402824_3847782029848016555_o-768x512.jpg 768w, https:\/\/katolicka-gimnazija.hr\/wp-content\/uploads\/2020\/07\/71016315_3399495553402824_3847782029848016555_o-400x267.jpg 400w, https:\/\/katolicka-gimnazija.hr\/wp-content\/uploads\/2020\/07\/71016315_3399495553402824_3847782029848016555_o.jpg 960w\" sizes=\"auto, (max-width: 300px) 100vw, 300px\" \/><\/a>\n\t\t\t<\/div><\/figure><figure class='gallery-item'>\n\t\t\t<div class='gallery-icon landscape'>\n\t\t\t\t<a href='https:\/\/katolicka-gimnazija.hr\/wp-content\/uploads\/2020\/07\/106507571_3399495416736171_8570856753799889684_o.jpg'><img loading=\"lazy\" decoding=\"async\" width=\"300\" height=\"200\" src=\"https:\/\/katolicka-gimnazija.hr\/wp-content\/uploads\/2020\/07\/106507571_3399495416736171_8570856753799889684_o-300x200.jpg\" class=\"attachment-medium size-medium\" alt=\"\" srcset=\"https:\/\/katolicka-gimnazija.hr\/wp-content\/uploads\/2020\/07\/106507571_3399495416736171_8570856753799889684_o-300x200.jpg 300w, https:\/\/katolicka-gimnazija.hr\/wp-content\/uploads\/2020\/07\/106507571_3399495416736171_8570856753799889684_o-768x512.jpg 768w, https:\/\/katolicka-gimnazija.hr\/wp-content\/uploads\/2020\/07\/106507571_3399495416736171_8570856753799889684_o-400x267.jpg 400w, https:\/\/katolicka-gimnazija.hr\/wp-content\/uploads\/2020\/07\/106507571_3399495416736171_8570856753799889684_o.jpg 960w\" sizes=\"auto, (max-width: 300px) 100vw, 300px\" \/><\/a>\n\t\t\t<\/div><\/figure><figure class='gallery-item'>\n\t\t\t<div class='gallery-icon landscape'>\n\t\t\t\t<a href='https:\/\/katolicka-gimnazija.hr\/wp-content\/uploads\/2020\/07\/106048972_3399493000069746_5294348627042093072_o.jpg'><img loading=\"lazy\" decoding=\"async\" width=\"300\" height=\"228\" src=\"https:\/\/katolicka-gimnazija.hr\/wp-content\/uploads\/2020\/07\/106048972_3399493000069746_5294348627042093072_o-300x228.jpg\" class=\"attachment-medium size-medium\" alt=\"\" srcset=\"https:\/\/katolicka-gimnazija.hr\/wp-content\/uploads\/2020\/07\/106048972_3399493000069746_5294348627042093072_o-300x228.jpg 300w, https:\/\/katolicka-gimnazija.hr\/wp-content\/uploads\/2020\/07\/106048972_3399493000069746_5294348627042093072_o-768x584.jpg 768w, https:\/\/katolicka-gimnazija.hr\/wp-content\/uploads\/2020\/07\/106048972_3399493000069746_5294348627042093072_o-395x300.jpg 395w, https:\/\/katolicka-gimnazija.hr\/wp-content\/uploads\/2020\/07\/106048972_3399493000069746_5294348627042093072_o.jpg 960w\" sizes=\"auto, (max-width: 300px) 100vw, 300px\" \/><\/a>\n\t\t\t<\/div><\/figure><figure class='gallery-item'>\n\t\t\t<div class='gallery-icon landscape'>\n\t\t\t\t<a href='https:\/\/katolicka-gimnazija.hr\/wp-content\/uploads\/2020\/07\/106045460_3399487980070248_5998228277916442206_o.jpg'><img loading=\"lazy\" decoding=\"async\" width=\"300\" height=\"200\" src=\"https:\/\/katolicka-gimnazija.hr\/wp-content\/uploads\/2020\/07\/106045460_3399487980070248_5998228277916442206_o-300x200.jpg\" class=\"attachment-medium size-medium\" alt=\"\" srcset=\"https:\/\/katolicka-gimnazija.hr\/wp-content\/uploads\/2020\/07\/106045460_3399487980070248_5998228277916442206_o-300x200.jpg 300w, https:\/\/katolicka-gimnazija.hr\/wp-content\/uploads\/2020\/07\/106045460_3399487980070248_5998228277916442206_o-768x512.jpg 768w, https:\/\/katolicka-gimnazija.hr\/wp-content\/uploads\/2020\/07\/106045460_3399487980070248_5998228277916442206_o-400x267.jpg 400w, https:\/\/katolicka-gimnazija.hr\/wp-content\/uploads\/2020\/07\/106045460_3399487980070248_5998228277916442206_o.jpg 960w\" sizes=\"auto, (max-width: 300px) 100vw, 300px\" \/><\/a>\n\t\t\t<\/div><\/figure><figure class='gallery-item'>\n\t\t\t<div class='gallery-icon landscape'>\n\t\t\t\t<a href='https:\/\/katolicka-gimnazija.hr\/wp-content\/uploads\/2020\/07\/106141715_3399487346736978_165618496101437067_o.jpg'><img loading=\"lazy\" decoding=\"async\" width=\"300\" height=\"200\" src=\"https:\/\/katolicka-gimnazija.hr\/wp-content\/uploads\/2020\/07\/106141715_3399487346736978_165618496101437067_o-300x200.jpg\" class=\"attachment-medium size-medium\" alt=\"\" srcset=\"https:\/\/katolicka-gimnazija.hr\/wp-content\/uploads\/2020\/07\/106141715_3399487346736978_165618496101437067_o-300x200.jpg 300w, https:\/\/katolicka-gimnazija.hr\/wp-content\/uploads\/2020\/07\/106141715_3399487346736978_165618496101437067_o-768x512.jpg 768w, https:\/\/katolicka-gimnazija.hr\/wp-content\/uploads\/2020\/07\/106141715_3399487346736978_165618496101437067_o-400x267.jpg 400w, https:\/\/katolicka-gimnazija.hr\/wp-content\/uploads\/2020\/07\/106141715_3399487346736978_165618496101437067_o.jpg 960w\" sizes=\"auto, (max-width: 300px) 100vw, 300px\" \/><\/a>\n\t\t\t<\/div><\/figure><figure class='gallery-item'>\n\t\t\t<div class='gallery-icon landscape'>\n\t\t\t\t<a href='https:\/\/katolicka-gimnazija.hr\/wp-content\/uploads\/2020\/07\/106106117_3399499296735783_4122605608880908006_o.jpg'><img loading=\"lazy\" decoding=\"async\" width=\"300\" height=\"200\" src=\"https:\/\/katolicka-gimnazija.hr\/wp-content\/uploads\/2020\/07\/106106117_3399499296735783_4122605608880908006_o-300x200.jpg\" class=\"attachment-medium size-medium\" alt=\"\" srcset=\"https:\/\/katolicka-gimnazija.hr\/wp-content\/uploads\/2020\/07\/106106117_3399499296735783_4122605608880908006_o-300x200.jpg 300w, https:\/\/katolicka-gimnazija.hr\/wp-content\/uploads\/2020\/07\/106106117_3399499296735783_4122605608880908006_o-768x512.jpg 768w, https:\/\/katolicka-gimnazija.hr\/wp-content\/uploads\/2020\/07\/106106117_3399499296735783_4122605608880908006_o-400x267.jpg 400w, https:\/\/katolicka-gimnazija.hr\/wp-content\/uploads\/2020\/07\/106106117_3399499296735783_4122605608880908006_o.jpg 960w\" sizes=\"auto, (max-width: 300px) 100vw, 300px\" \/><\/a>\n\t\t\t<\/div><\/figure><figure class='gallery-item'>\n\t\t\t<div class='gallery-icon landscape'>\n\t\t\t\t<a href='https:\/\/katolicka-gimnazija.hr\/wp-content\/uploads\/2020\/07\/106507718_3399493490069697_7672465900016256221_o.jpg'><img loading=\"lazy\" decoding=\"async\" width=\"300\" height=\"200\" src=\"https:\/\/katolicka-gimnazija.hr\/wp-content\/uploads\/2020\/07\/106507718_3399493490069697_7672465900016256221_o-300x200.jpg\" class=\"attachment-medium size-medium\" alt=\"\" srcset=\"https:\/\/katolicka-gimnazija.hr\/wp-content\/uploads\/2020\/07\/106507718_3399493490069697_7672465900016256221_o-300x200.jpg 300w, https:\/\/katolicka-gimnazija.hr\/wp-content\/uploads\/2020\/07\/106507718_3399493490069697_7672465900016256221_o-768x512.jpg 768w, https:\/\/katolicka-gimnazija.hr\/wp-content\/uploads\/2020\/07\/106507718_3399493490069697_7672465900016256221_o-400x267.jpg 400w, https:\/\/katolicka-gimnazija.hr\/wp-content\/uploads\/2020\/07\/106507718_3399493490069697_7672465900016256221_o.jpg 960w\" sizes=\"auto, (max-width: 300px) 100vw, 300px\" \/><\/a>\n\t\t\t<\/div><\/figure><figure class='gallery-item'>\n\t\t\t<div class='gallery-icon landscape'>\n\t\t\t\t<a href='https:\/\/katolicka-gimnazija.hr\/wp-content\/uploads\/2020\/07\/106066642_3399494150069631_2494298411472109238_o.jpg'><img loading=\"lazy\" decoding=\"async\" width=\"300\" height=\"200\" src=\"https:\/\/katolicka-gimnazija.hr\/wp-content\/uploads\/2020\/07\/106066642_3399494150069631_2494298411472109238_o-300x200.jpg\" class=\"attachment-medium size-medium\" alt=\"\" srcset=\"https:\/\/katolicka-gimnazija.hr\/wp-content\/uploads\/2020\/07\/106066642_3399494150069631_2494298411472109238_o-300x200.jpg 300w, https:\/\/katolicka-gimnazija.hr\/wp-content\/uploads\/2020\/07\/106066642_3399494150069631_2494298411472109238_o-768x512.jpg 768w, https:\/\/katolicka-gimnazija.hr\/wp-content\/uploads\/2020\/07\/106066642_3399494150069631_2494298411472109238_o-400x267.jpg 400w, https:\/\/katolicka-gimnazija.hr\/wp-content\/uploads\/2020\/07\/106066642_3399494150069631_2494298411472109238_o.jpg 960w\" sizes=\"auto, (max-width: 300px) 100vw, 300px\" \/><\/a>\n\t\t\t<\/div><\/figure><figure class='gallery-item'>\n\t\t\t<div class='gallery-icon landscape'>\n\t\t\t\t<a href='https:\/\/katolicka-gimnazija.hr\/wp-content\/uploads\/2020\/07\/106810493_3399495723402807_1438036386661310353_o.jpg'><img loading=\"lazy\" decoding=\"async\" width=\"300\" height=\"200\" src=\"https:\/\/katolicka-gimnazija.hr\/wp-content\/uploads\/2020\/07\/106810493_3399495723402807_1438036386661310353_o-300x200.jpg\" class=\"attachment-medium size-medium\" alt=\"\" srcset=\"https:\/\/katolicka-gimnazija.hr\/wp-content\/uploads\/2020\/07\/106810493_3399495723402807_1438036386661310353_o-300x200.jpg 300w, https:\/\/katolicka-gimnazija.hr\/wp-content\/uploads\/2020\/07\/106810493_3399495723402807_1438036386661310353_o-768x512.jpg 768w, https:\/\/katolicka-gimnazija.hr\/wp-content\/uploads\/2020\/07\/106810493_3399495723402807_1438036386661310353_o-400x267.jpg 400w, https:\/\/katolicka-gimnazija.hr\/wp-content\/uploads\/2020\/07\/106810493_3399495723402807_1438036386661310353_o.jpg 960w\" sizes=\"auto, (max-width: 300px) 100vw, 300px\" \/><\/a>\n\t\t\t<\/div><\/figure><figure class='gallery-item'>\n\t\t\t<div class='gallery-icon landscape'>\n\t\t\t\t<a href='https:\/\/katolicka-gimnazija.hr\/wp-content\/uploads\/2020\/07\/106075063_3399487156736997_7244271676545274198_o.jpg'><img loading=\"lazy\" decoding=\"async\" width=\"300\" height=\"200\" src=\"https:\/\/katolicka-gimnazija.hr\/wp-content\/uploads\/2020\/07\/106075063_3399487156736997_7244271676545274198_o-300x200.jpg\" class=\"attachment-medium size-medium\" alt=\"\" srcset=\"https:\/\/katolicka-gimnazija.hr\/wp-content\/uploads\/2020\/07\/106075063_3399487156736997_7244271676545274198_o-300x200.jpg 300w, https:\/\/katolicka-gimnazija.hr\/wp-content\/uploads\/2020\/07\/106075063_3399487156736997_7244271676545274198_o-768x512.jpg 768w, https:\/\/katolicka-gimnazija.hr\/wp-content\/uploads\/2020\/07\/106075063_3399487156736997_7244271676545274198_o-400x267.jpg 400w, https:\/\/katolicka-gimnazija.hr\/wp-content\/uploads\/2020\/07\/106075063_3399487156736997_7244271676545274198_o.jpg 960w\" sizes=\"auto, (max-width: 300px) 100vw, 300px\" \/><\/a>\n\t\t\t<\/div><\/figure><figure class='gallery-item'>\n\t\t\t<div class='gallery-icon landscape'>\n\t\t\t\t<a href='https:\/\/katolicka-gimnazija.hr\/wp-content\/uploads\/2020\/07\/106024404_3399499413402438_8767328032187298889_o.jpg'><img loading=\"lazy\" decoding=\"async\" width=\"300\" height=\"200\" src=\"https:\/\/katolicka-gimnazija.hr\/wp-content\/uploads\/2020\/07\/106024404_3399499413402438_8767328032187298889_o-300x200.jpg\" class=\"attachment-medium size-medium\" alt=\"\" srcset=\"https:\/\/katolicka-gimnazija.hr\/wp-content\/uploads\/2020\/07\/106024404_3399499413402438_8767328032187298889_o-300x200.jpg 300w, https:\/\/katolicka-gimnazija.hr\/wp-content\/uploads\/2020\/07\/106024404_3399499413402438_8767328032187298889_o-768x512.jpg 768w, https:\/\/katolicka-gimnazija.hr\/wp-content\/uploads\/2020\/07\/106024404_3399499413402438_8767328032187298889_o-400x267.jpg 400w, https:\/\/katolicka-gimnazija.hr\/wp-content\/uploads\/2020\/07\/106024404_3399499413402438_8767328032187298889_o.jpg 960w\" sizes=\"auto, (max-width: 300px) 100vw, 300px\" \/><\/a>\n\t\t\t<\/div><\/figure>\n\t\t<\/div>\n\n","protected":false},"excerpt":{"rendered":"<p>&nbsp; DUC IN ALTUM I dok su stari (i mudri) Grci vjerovali da je ljudima klicu znanja donio Prometej ukrav\u0161i je bogovima s Olimpa, mi kr\u0161\u0107ani vjerujemo da je na po\u010detku vremena klicu \u017eivota i mudrosti \u010dovjeku udahnuo Bog, a svjetlom svoga sina, Isusa Krista, rasvijetlio je na\u0161 put prema budu\u0107nosti koji je sve samo [&hellip;]<\/p>\n","protected":false},"author":2,"featured_media":19525,"comment_status":"closed","ping_status":"closed","sticky":false,"template":"","format":"standard","meta":{"footnotes":""},"categories":[2],"tags":[],"class_list":["post-19496","post","type-post","status-publish","format-standard","has-post-thumbnail","hentry","category-vijesti"],"_links":{"self":[{"href":"https:\/\/katolicka-gimnazija.hr\/index.php\/wp-json\/wp\/v2\/posts\/19496","targetHints":{"allow":["GET"]}}],"collection":[{"href":"https:\/\/katolicka-gimnazija.hr\/index.php\/wp-json\/wp\/v2\/posts"}],"about":[{"href":"https:\/\/katolicka-gimnazija.hr\/index.php\/wp-json\/wp\/v2\/types\/post"}],"author":[{"embeddable":true,"href":"https:\/\/katolicka-gimnazija.hr\/index.php\/wp-json\/wp\/v2\/users\/2"}],"replies":[{"embeddable":true,"href":"https:\/\/katolicka-gimnazija.hr\/index.php\/wp-json\/wp\/v2\/comments?post=19496"}],"version-history":[{"count":3,"href":"https:\/\/katolicka-gimnazija.hr\/index.php\/wp-json\/wp\/v2\/posts\/19496\/revisions"}],"predecessor-version":[{"id":19529,"href":"https:\/\/katolicka-gimnazija.hr\/index.php\/wp-json\/wp\/v2\/posts\/19496\/revisions\/19529"}],"wp:featuredmedia":[{"embeddable":true,"href":"https:\/\/katolicka-gimnazija.hr\/index.php\/wp-json\/wp\/v2\/media\/19525"}],"wp:attachment":[{"href":"https:\/\/katolicka-gimnazija.hr\/index.php\/wp-json\/wp\/v2\/media?parent=19496"}],"wp:term":[{"taxonomy":"category","embeddable":true,"href":"https:\/\/katolicka-gimnazija.hr\/index.php\/wp-json\/wp\/v2\/categories?post=19496"},{"taxonomy":"post_tag","embeddable":true,"href":"https:\/\/katolicka-gimnazija.hr\/index.php\/wp-json\/wp\/v2\/tags?post=19496"}],"curies":[{"name":"wp","href":"https:\/\/api.w.org\/{rel}","templated":true}]}}