{"id":1955,"date":"2015-11-30T22:30:32","date_gmt":"2015-11-30T22:30:32","guid":{"rendered":"http:\/\/katolicka-gimnazija.hr\/?p=1955"},"modified":"2018-12-28T14:49:57","modified_gmt":"2018-12-28T14:49:57","slug":"strossmayer-prije-strossmayera","status":"publish","type":"post","link":"https:\/\/katolicka-gimnazija.hr\/index.php\/2015\/11\/30\/strossmayer-prije-strossmayera\/","title":{"rendered":"Strossmayer prije Strossmayera"},"content":{"rendered":"<p><a href=\"http:\/\/katolicka-gimnazija.hr\/wp-content\/uploads\/2015\/11\/DSC_0059.jpg\"><img loading=\"lazy\" decoding=\"async\" class=\"alignleft size-medium wp-image-1958\" src=\"http:\/\/katolicka-gimnazija.hr\/wp-content\/uploads\/2015\/11\/DSC_0059-300x200.jpg\" alt=\"DSC_0059\" width=\"300\" height=\"200\" srcset=\"https:\/\/katolicka-gimnazija.hr\/wp-content\/uploads\/2015\/11\/DSC_0059-300x200.jpg 300w, https:\/\/katolicka-gimnazija.hr\/wp-content\/uploads\/2015\/11\/DSC_0059-768x512.jpg 768w, https:\/\/katolicka-gimnazija.hr\/wp-content\/uploads\/2015\/11\/DSC_0059-400x267.jpg 400w, https:\/\/katolicka-gimnazija.hr\/wp-content\/uploads\/2015\/11\/DSC_0059-1024x683.jpg 1024w, https:\/\/katolicka-gimnazija.hr\/wp-content\/uploads\/2015\/11\/DSC_0059-360x240.jpg 360w, https:\/\/katolicka-gimnazija.hr\/wp-content\/uploads\/2015\/11\/DSC_0059-750x500.jpg 750w, https:\/\/katolicka-gimnazija.hr\/wp-content\/uploads\/2015\/11\/DSC_0059-430x287.jpg 430w, https:\/\/katolicka-gimnazija.hr\/wp-content\/uploads\/2015\/11\/DSC_0059-150x100.jpg 150w, https:\/\/katolicka-gimnazija.hr\/wp-content\/uploads\/2015\/11\/DSC_0059-100x67.jpg 100w\" sizes=\"auto, (max-width: 300px) 100vw, 300px\" \/><\/a>Nikada nije kasno sjetiti se dobrih predavanja, va\u017enih tema o velikim ljudima koje je povijest mo\u017eda nepravedno zaboravila, a \u010dovjek namjerno ili nenamjerno zakasnio s vrednovanjem njihovih postignu\u0107a. Da vas netko danas pita tko je najve\u0107i mecena u hrvatskoj povijesti, sigurno bismo se svi slo\u017eili da se radi o biskupu Josipu Juraju Strossmayeru. No tko je biskupu Strossmayeru utro stazu, tko je podigao \u0110akovo do statusa biskupskog gradi\u0107a koji \u0107e kasnije biskup Strossmayer <em>pozlatiti<\/em>, tko je bio zaslu\u017eni mecena prije velikog \u0111akova\u010dkog mecene Strossmayera, to je mnogima manje poznato.<\/p>\n<p>U prostorijama Glazbene \u0161kole Matica hrvatska ogranak u Po\u017eegi u suradnji sa Srednjom strukovnom \u0161kolom Antuna Horvata iz \u0110akova organizirala je predavanje upravo o tom \u010dovjeku koji je nepravedno ostao u sjeni velikog biskupa Strossmayera. Radi se o biskupu Antunu Mandi\u0107u, ro\u0111enom Po\u017ee\u017eaninu, koji je po svojoj poslovnosti i sposobnosti bio poznat po cijeloj Habsbur\u0161koj Monarhiji, a osobito cijenjen i na samom Be\u010dkom dvoru. O 200. godi\u0161njici ro\u0111enja ovoga znamenitog Po\u017ee\u017eanina predstavljena je monografija Adama Filipovi\u0107a Hendeltalskog \u201e\u017divot biskupa Mandi\u0107a\u201c, a u \u010dije nas je predstavljanje uvela dr. Vesna Vla\u0161i\u0107.<\/p>\n<p><a href=\"http:\/\/katolicka-gimnazija.hr\/wp-content\/uploads\/2015\/11\/DSC_0063.jpg\"><img loading=\"lazy\" decoding=\"async\" class=\"alignleft size-medium wp-image-1961\" src=\"http:\/\/katolicka-gimnazija.hr\/wp-content\/uploads\/2015\/11\/DSC_0063-300x200.jpg\" alt=\"DSC_0063\" width=\"300\" height=\"200\" srcset=\"https:\/\/katolicka-gimnazija.hr\/wp-content\/uploads\/2015\/11\/DSC_0063-300x200.jpg 300w, https:\/\/katolicka-gimnazija.hr\/wp-content\/uploads\/2015\/11\/DSC_0063-768x512.jpg 768w, https:\/\/katolicka-gimnazija.hr\/wp-content\/uploads\/2015\/11\/DSC_0063-400x267.jpg 400w, https:\/\/katolicka-gimnazija.hr\/wp-content\/uploads\/2015\/11\/DSC_0063-1024x683.jpg 1024w, https:\/\/katolicka-gimnazija.hr\/wp-content\/uploads\/2015\/11\/DSC_0063-360x240.jpg 360w, https:\/\/katolicka-gimnazija.hr\/wp-content\/uploads\/2015\/11\/DSC_0063-750x500.jpg 750w, https:\/\/katolicka-gimnazija.hr\/wp-content\/uploads\/2015\/11\/DSC_0063-430x287.jpg 430w, https:\/\/katolicka-gimnazija.hr\/wp-content\/uploads\/2015\/11\/DSC_0063-150x100.jpg 150w, https:\/\/katolicka-gimnazija.hr\/wp-content\/uploads\/2015\/11\/DSC_0063-100x67.jpg 100w\" sizes=\"auto, (max-width: 300px) 100vw, 300px\" \/><\/a>Da je vrijedno spomenuti se ovakvog \u010dovjeka koji je iz malene \u0111akova\u010dke sredine stvorio grad koji je podigao oko svog biskupskog dvora, pivovare, svilane, zoolo\u0161kog vrta, visoke teolo\u0161ke \u0161kole koja je bila otvorena i u\u010denicima laicima, a koja danas djeluje kao Bogoslovni fakultet, posvjedo\u010dio je mr. sc. Luka Marijanovi\u0107, profesor s Katoli\u010dkog bogoslovnog fakulteta u \u0110akovu. Izdvojio je i jednu zanimljivu \u010dinjenicu u znak izuzetne poslovi\u010dnosti biskupa Mandi\u0107a za kojeg je rekao da mu je sve \u010dega se dohvatio i\u0161lo od ruke. Naime, za svoju biskupiju i katedralu od Be\u010da je tra\u017eio orgulja\u0161a, a Be\u010d mu je zbog svih njegovih zasluga (bio je poput Leonarda da Vincija zadu\u017een kao arhitekt za gradnju i odr\u017eavanje obrambenih gradova diljem Monarhije) poslao Mozartovog \u0161urjaka\u00a0Jakoba Haibela \u010dije je skladbe na koncu prera\u0111ivao i sam Bethoven. Biskup Mandi\u0107 bio je zadu\u017een i za reformu \u0161kolstva i hrvatskoga pravopisa, ali je i kao mecena pomagao brojne \u0161kolarce i studente od kojih mo\u017eemo istaknuti jo\u0161 jednog Po\u017ee\u017eanina \u2013 Antuna Kani\u017eli\u0107a.<\/p>\n<p>U drugom dijelu ve\u010deri prisutnima su predstavljene prve izvorne slavonske praline koje su zajedno sa svojim u\u010denicima proizveli\u00a0djelatnici Srednje strukovne \u0161kole Antuna Horvata iz \u0110akova. Praline su izra\u0111ene u \u010dast gore spomenutoga Mozartovog \u0161urjaka Jakoba Haibela \u010dije ime i nose.<\/p>\n<p><a href=\"http:\/\/katolicka-gimnazija.hr\/wp-content\/uploads\/2015\/11\/DSC_0065.jpg\"><img loading=\"lazy\" decoding=\"async\" class=\"alignleft size-medium wp-image-1962\" src=\"http:\/\/katolicka-gimnazija.hr\/wp-content\/uploads\/2015\/11\/DSC_0065-300x200.jpg\" alt=\"DSC_0065\" width=\"300\" height=\"200\" srcset=\"https:\/\/katolicka-gimnazija.hr\/wp-content\/uploads\/2015\/11\/DSC_0065-300x200.jpg 300w, https:\/\/katolicka-gimnazija.hr\/wp-content\/uploads\/2015\/11\/DSC_0065-768x512.jpg 768w, https:\/\/katolicka-gimnazija.hr\/wp-content\/uploads\/2015\/11\/DSC_0065-400x267.jpg 400w, https:\/\/katolicka-gimnazija.hr\/wp-content\/uploads\/2015\/11\/DSC_0065-1024x683.jpg 1024w, https:\/\/katolicka-gimnazija.hr\/wp-content\/uploads\/2015\/11\/DSC_0065-360x240.jpg 360w, https:\/\/katolicka-gimnazija.hr\/wp-content\/uploads\/2015\/11\/DSC_0065-750x500.jpg 750w, https:\/\/katolicka-gimnazija.hr\/wp-content\/uploads\/2015\/11\/DSC_0065-430x287.jpg 430w, https:\/\/katolicka-gimnazija.hr\/wp-content\/uploads\/2015\/11\/DSC_0065-150x100.jpg 150w, https:\/\/katolicka-gimnazija.hr\/wp-content\/uploads\/2015\/11\/DSC_0065-100x67.jpg 100w\" sizes=\"auto, (max-width: 300px) 100vw, 300px\" \/><\/a> Izuzetnost osobe biskupa Antuna Mandi\u0107a, ro\u0111enog Po\u017ee\u017eanina, mo\u017ee se i mora promatrati u kontekstu (ne)vremena u kojem je djelovao, ali zasigurno i nakon ovih dvjesto godina od njegova ro\u0111enja. \u0160to Po\u017eega danas zna o ovom svestranom pojedincu iz 18. st.? Ako do sada malo ili ni\u0161ta, a onda od danas, kroz monografiju upravo o njemu, puno vi\u0161e.<\/p>\n<p>&nbsp;<\/p>\n<p>&nbsp;<\/p>\n<div id='gallery-1' class='gallery galleryid-1955 gallery-columns-3 gallery-size-medium'><figure class='gallery-item'>\n\t\t\t<div class='gallery-icon landscape'>\n\t\t\t\t<a href='https:\/\/katolicka-gimnazija.hr\/wp-content\/uploads\/2015\/11\/DSC_00581.jpg'><img loading=\"lazy\" decoding=\"async\" width=\"300\" height=\"200\" src=\"https:\/\/katolicka-gimnazija.hr\/wp-content\/uploads\/2015\/11\/DSC_00581-300x200.jpg\" class=\"attachment-medium size-medium\" alt=\"\" srcset=\"https:\/\/katolicka-gimnazija.hr\/wp-content\/uploads\/2015\/11\/DSC_00581-300x200.jpg 300w, https:\/\/katolicka-gimnazija.hr\/wp-content\/uploads\/2015\/11\/DSC_00581-768x512.jpg 768w, https:\/\/katolicka-gimnazija.hr\/wp-content\/uploads\/2015\/11\/DSC_00581-400x267.jpg 400w, https:\/\/katolicka-gimnazija.hr\/wp-content\/uploads\/2015\/11\/DSC_00581-1024x683.jpg 1024w, https:\/\/katolicka-gimnazija.hr\/wp-content\/uploads\/2015\/11\/DSC_00581-360x240.jpg 360w, https:\/\/katolicka-gimnazija.hr\/wp-content\/uploads\/2015\/11\/DSC_00581-750x500.jpg 750w, https:\/\/katolicka-gimnazija.hr\/wp-content\/uploads\/2015\/11\/DSC_00581-430x287.jpg 430w, https:\/\/katolicka-gimnazija.hr\/wp-content\/uploads\/2015\/11\/DSC_00581-150x100.jpg 150w, https:\/\/katolicka-gimnazija.hr\/wp-content\/uploads\/2015\/11\/DSC_00581-100x67.jpg 100w\" sizes=\"auto, (max-width: 300px) 100vw, 300px\" \/><\/a>\n\t\t\t<\/div><\/figure><figure class='gallery-item'>\n\t\t\t<div class='gallery-icon landscape'>\n\t\t\t\t<a href='https:\/\/katolicka-gimnazija.hr\/wp-content\/uploads\/2015\/11\/DSC_00621.jpg'><img loading=\"lazy\" decoding=\"async\" width=\"300\" height=\"200\" src=\"https:\/\/katolicka-gimnazija.hr\/wp-content\/uploads\/2015\/11\/DSC_00621-300x200.jpg\" class=\"attachment-medium size-medium\" alt=\"\" srcset=\"https:\/\/katolicka-gimnazija.hr\/wp-content\/uploads\/2015\/11\/DSC_00621-300x200.jpg 300w, https:\/\/katolicka-gimnazija.hr\/wp-content\/uploads\/2015\/11\/DSC_00621-768x512.jpg 768w, https:\/\/katolicka-gimnazija.hr\/wp-content\/uploads\/2015\/11\/DSC_00621-400x267.jpg 400w, https:\/\/katolicka-gimnazija.hr\/wp-content\/uploads\/2015\/11\/DSC_00621-1024x683.jpg 1024w, https:\/\/katolicka-gimnazija.hr\/wp-content\/uploads\/2015\/11\/DSC_00621-360x240.jpg 360w, https:\/\/katolicka-gimnazija.hr\/wp-content\/uploads\/2015\/11\/DSC_00621-750x500.jpg 750w, https:\/\/katolicka-gimnazija.hr\/wp-content\/uploads\/2015\/11\/DSC_00621-430x287.jpg 430w, https:\/\/katolicka-gimnazija.hr\/wp-content\/uploads\/2015\/11\/DSC_00621-150x100.jpg 150w, https:\/\/katolicka-gimnazija.hr\/wp-content\/uploads\/2015\/11\/DSC_00621-100x67.jpg 100w\" sizes=\"auto, (max-width: 300px) 100vw, 300px\" \/><\/a>\n\t\t\t<\/div><\/figure><figure class='gallery-item'>\n\t\t\t<div class='gallery-icon landscape'>\n\t\t\t\t<a href='https:\/\/katolicka-gimnazija.hr\/wp-content\/uploads\/2015\/11\/DSC_0063.jpg'><img loading=\"lazy\" decoding=\"async\" width=\"300\" height=\"200\" src=\"https:\/\/katolicka-gimnazija.hr\/wp-content\/uploads\/2015\/11\/DSC_0063-300x200.jpg\" class=\"attachment-medium size-medium\" alt=\"\" srcset=\"https:\/\/katolicka-gimnazija.hr\/wp-content\/uploads\/2015\/11\/DSC_0063-300x200.jpg 300w, https:\/\/katolicka-gimnazija.hr\/wp-content\/uploads\/2015\/11\/DSC_0063-768x512.jpg 768w, https:\/\/katolicka-gimnazija.hr\/wp-content\/uploads\/2015\/11\/DSC_0063-400x267.jpg 400w, https:\/\/katolicka-gimnazija.hr\/wp-content\/uploads\/2015\/11\/DSC_0063-1024x683.jpg 1024w, https:\/\/katolicka-gimnazija.hr\/wp-content\/uploads\/2015\/11\/DSC_0063-360x240.jpg 360w, https:\/\/katolicka-gimnazija.hr\/wp-content\/uploads\/2015\/11\/DSC_0063-750x500.jpg 750w, https:\/\/katolicka-gimnazija.hr\/wp-content\/uploads\/2015\/11\/DSC_0063-430x287.jpg 430w, https:\/\/katolicka-gimnazija.hr\/wp-content\/uploads\/2015\/11\/DSC_0063-150x100.jpg 150w, https:\/\/katolicka-gimnazija.hr\/wp-content\/uploads\/2015\/11\/DSC_0063-100x67.jpg 100w\" sizes=\"auto, (max-width: 300px) 100vw, 300px\" \/><\/a>\n\t\t\t<\/div><\/figure><figure class='gallery-item'>\n\t\t\t<div class='gallery-icon landscape'>\n\t\t\t\t<a href='https:\/\/katolicka-gimnazija.hr\/wp-content\/uploads\/2015\/11\/DSC_00551.jpg'><img loading=\"lazy\" decoding=\"async\" width=\"300\" height=\"200\" src=\"https:\/\/katolicka-gimnazija.hr\/wp-content\/uploads\/2015\/11\/DSC_00551-300x200.jpg\" class=\"attachment-medium size-medium\" alt=\"\" srcset=\"https:\/\/katolicka-gimnazija.hr\/wp-content\/uploads\/2015\/11\/DSC_00551-300x200.jpg 300w, https:\/\/katolicka-gimnazija.hr\/wp-content\/uploads\/2015\/11\/DSC_00551-768x512.jpg 768w, https:\/\/katolicka-gimnazija.hr\/wp-content\/uploads\/2015\/11\/DSC_00551-400x267.jpg 400w, https:\/\/katolicka-gimnazija.hr\/wp-content\/uploads\/2015\/11\/DSC_00551-1024x683.jpg 1024w, https:\/\/katolicka-gimnazija.hr\/wp-content\/uploads\/2015\/11\/DSC_00551-360x240.jpg 360w, https:\/\/katolicka-gimnazija.hr\/wp-content\/uploads\/2015\/11\/DSC_00551-750x500.jpg 750w, https:\/\/katolicka-gimnazija.hr\/wp-content\/uploads\/2015\/11\/DSC_00551-430x287.jpg 430w, https:\/\/katolicka-gimnazija.hr\/wp-content\/uploads\/2015\/11\/DSC_00551-150x100.jpg 150w, https:\/\/katolicka-gimnazija.hr\/wp-content\/uploads\/2015\/11\/DSC_00551-100x67.jpg 100w\" sizes=\"auto, (max-width: 300px) 100vw, 300px\" \/><\/a>\n\t\t\t<\/div><\/figure><figure class='gallery-item'>\n\t\t\t<div class='gallery-icon landscape'>\n\t\t\t\t<a href='https:\/\/katolicka-gimnazija.hr\/wp-content\/uploads\/2015\/11\/DSC_0065.jpg'><img loading=\"lazy\" decoding=\"async\" width=\"300\" height=\"200\" src=\"https:\/\/katolicka-gimnazija.hr\/wp-content\/uploads\/2015\/11\/DSC_0065-300x200.jpg\" class=\"attachment-medium size-medium\" alt=\"\" srcset=\"https:\/\/katolicka-gimnazija.hr\/wp-content\/uploads\/2015\/11\/DSC_0065-300x200.jpg 300w, https:\/\/katolicka-gimnazija.hr\/wp-content\/uploads\/2015\/11\/DSC_0065-768x512.jpg 768w, https:\/\/katolicka-gimnazija.hr\/wp-content\/uploads\/2015\/11\/DSC_0065-400x267.jpg 400w, https:\/\/katolicka-gimnazija.hr\/wp-content\/uploads\/2015\/11\/DSC_0065-1024x683.jpg 1024w, https:\/\/katolicka-gimnazija.hr\/wp-content\/uploads\/2015\/11\/DSC_0065-360x240.jpg 360w, https:\/\/katolicka-gimnazija.hr\/wp-content\/uploads\/2015\/11\/DSC_0065-750x500.jpg 750w, https:\/\/katolicka-gimnazija.hr\/wp-content\/uploads\/2015\/11\/DSC_0065-430x287.jpg 430w, https:\/\/katolicka-gimnazija.hr\/wp-content\/uploads\/2015\/11\/DSC_0065-150x100.jpg 150w, https:\/\/katolicka-gimnazija.hr\/wp-content\/uploads\/2015\/11\/DSC_0065-100x67.jpg 100w\" sizes=\"auto, (max-width: 300px) 100vw, 300px\" \/><\/a>\n\t\t\t<\/div><\/figure><figure class='gallery-item'>\n\t\t\t<div class='gallery-icon landscape'>\n\t\t\t\t<a href='https:\/\/katolicka-gimnazija.hr\/wp-content\/uploads\/2015\/11\/DSC_0071.jpg'><img loading=\"lazy\" decoding=\"async\" width=\"300\" height=\"200\" src=\"https:\/\/katolicka-gimnazija.hr\/wp-content\/uploads\/2015\/11\/DSC_0071-300x200.jpg\" class=\"attachment-medium size-medium\" alt=\"\" srcset=\"https:\/\/katolicka-gimnazija.hr\/wp-content\/uploads\/2015\/11\/DSC_0071-300x200.jpg 300w, https:\/\/katolicka-gimnazija.hr\/wp-content\/uploads\/2015\/11\/DSC_0071-768x512.jpg 768w, https:\/\/katolicka-gimnazija.hr\/wp-content\/uploads\/2015\/11\/DSC_0071-400x267.jpg 400w, https:\/\/katolicka-gimnazija.hr\/wp-content\/uploads\/2015\/11\/DSC_0071-1024x683.jpg 1024w, https:\/\/katolicka-gimnazija.hr\/wp-content\/uploads\/2015\/11\/DSC_0071-360x240.jpg 360w, https:\/\/katolicka-gimnazija.hr\/wp-content\/uploads\/2015\/11\/DSC_0071-750x500.jpg 750w, https:\/\/katolicka-gimnazija.hr\/wp-content\/uploads\/2015\/11\/DSC_0071-430x287.jpg 430w, https:\/\/katolicka-gimnazija.hr\/wp-content\/uploads\/2015\/11\/DSC_0071-150x100.jpg 150w, https:\/\/katolicka-gimnazija.hr\/wp-content\/uploads\/2015\/11\/DSC_0071-100x67.jpg 100w\" sizes=\"auto, (max-width: 300px) 100vw, 300px\" \/><\/a>\n\t\t\t<\/div><\/figure><figure class='gallery-item'>\n\t\t\t<div class='gallery-icon landscape'>\n\t\t\t\t<a href='https:\/\/katolicka-gimnazija.hr\/wp-content\/uploads\/2015\/11\/DSC_0070.jpg'><img loading=\"lazy\" decoding=\"async\" width=\"300\" height=\"200\" src=\"https:\/\/katolicka-gimnazija.hr\/wp-content\/uploads\/2015\/11\/DSC_0070-300x200.jpg\" class=\"attachment-medium size-medium\" alt=\"\" srcset=\"https:\/\/katolicka-gimnazija.hr\/wp-content\/uploads\/2015\/11\/DSC_0070-300x200.jpg 300w, https:\/\/katolicka-gimnazija.hr\/wp-content\/uploads\/2015\/11\/DSC_0070-768x512.jpg 768w, https:\/\/katolicka-gimnazija.hr\/wp-content\/uploads\/2015\/11\/DSC_0070-400x267.jpg 400w, https:\/\/katolicka-gimnazija.hr\/wp-content\/uploads\/2015\/11\/DSC_0070-1024x683.jpg 1024w, https:\/\/katolicka-gimnazija.hr\/wp-content\/uploads\/2015\/11\/DSC_0070-360x240.jpg 360w, https:\/\/katolicka-gimnazija.hr\/wp-content\/uploads\/2015\/11\/DSC_0070-750x500.jpg 750w, https:\/\/katolicka-gimnazija.hr\/wp-content\/uploads\/2015\/11\/DSC_0070-430x287.jpg 430w, https:\/\/katolicka-gimnazija.hr\/wp-content\/uploads\/2015\/11\/DSC_0070-150x100.jpg 150w, https:\/\/katolicka-gimnazija.hr\/wp-content\/uploads\/2015\/11\/DSC_0070-100x67.jpg 100w\" sizes=\"auto, (max-width: 300px) 100vw, 300px\" \/><\/a>\n\t\t\t<\/div><\/figure><figure class='gallery-item'>\n\t\t\t<div class='gallery-icon landscape'>\n\t\t\t\t<a href='https:\/\/katolicka-gimnazija.hr\/wp-content\/uploads\/2015\/11\/DSC_0059.jpg'><img loading=\"lazy\" decoding=\"async\" width=\"300\" height=\"200\" src=\"https:\/\/katolicka-gimnazija.hr\/wp-content\/uploads\/2015\/11\/DSC_0059-300x200.jpg\" class=\"attachment-medium size-medium\" alt=\"\" srcset=\"https:\/\/katolicka-gimnazija.hr\/wp-content\/uploads\/2015\/11\/DSC_0059-300x200.jpg 300w, https:\/\/katolicka-gimnazija.hr\/wp-content\/uploads\/2015\/11\/DSC_0059-768x512.jpg 768w, https:\/\/katolicka-gimnazija.hr\/wp-content\/uploads\/2015\/11\/DSC_0059-400x267.jpg 400w, https:\/\/katolicka-gimnazija.hr\/wp-content\/uploads\/2015\/11\/DSC_0059-1024x683.jpg 1024w, https:\/\/katolicka-gimnazija.hr\/wp-content\/uploads\/2015\/11\/DSC_0059-360x240.jpg 360w, https:\/\/katolicka-gimnazija.hr\/wp-content\/uploads\/2015\/11\/DSC_0059-750x500.jpg 750w, https:\/\/katolicka-gimnazija.hr\/wp-content\/uploads\/2015\/11\/DSC_0059-430x287.jpg 430w, https:\/\/katolicka-gimnazija.hr\/wp-content\/uploads\/2015\/11\/DSC_0059-150x100.jpg 150w, https:\/\/katolicka-gimnazija.hr\/wp-content\/uploads\/2015\/11\/DSC_0059-100x67.jpg 100w\" sizes=\"auto, (max-width: 300px) 100vw, 300px\" \/><\/a>\n\t\t\t<\/div><\/figure><figure class='gallery-item'>\n\t\t\t<div class='gallery-icon landscape'>\n\t\t\t\t<a href='https:\/\/katolicka-gimnazija.hr\/wp-content\/uploads\/2015\/11\/DSC_0067.jpg'><img loading=\"lazy\" decoding=\"async\" width=\"300\" height=\"200\" src=\"https:\/\/katolicka-gimnazija.hr\/wp-content\/uploads\/2015\/11\/DSC_0067-300x200.jpg\" class=\"attachment-medium size-medium\" alt=\"\" srcset=\"https:\/\/katolicka-gimnazija.hr\/wp-content\/uploads\/2015\/11\/DSC_0067-300x200.jpg 300w, https:\/\/katolicka-gimnazija.hr\/wp-content\/uploads\/2015\/11\/DSC_0067-768x512.jpg 768w, https:\/\/katolicka-gimnazija.hr\/wp-content\/uploads\/2015\/11\/DSC_0067-400x267.jpg 400w, https:\/\/katolicka-gimnazija.hr\/wp-content\/uploads\/2015\/11\/DSC_0067-1024x683.jpg 1024w, https:\/\/katolicka-gimnazija.hr\/wp-content\/uploads\/2015\/11\/DSC_0067-360x240.jpg 360w, https:\/\/katolicka-gimnazija.hr\/wp-content\/uploads\/2015\/11\/DSC_0067-750x500.jpg 750w, https:\/\/katolicka-gimnazija.hr\/wp-content\/uploads\/2015\/11\/DSC_0067-430x287.jpg 430w, https:\/\/katolicka-gimnazija.hr\/wp-content\/uploads\/2015\/11\/DSC_0067-150x100.jpg 150w, https:\/\/katolicka-gimnazija.hr\/wp-content\/uploads\/2015\/11\/DSC_0067-100x67.jpg 100w\" sizes=\"auto, (max-width: 300px) 100vw, 300px\" \/><\/a>\n\t\t\t<\/div><\/figure>\n\t\t<\/div>\n\n","protected":false},"excerpt":{"rendered":"<p>Nikada nije kasno sjetiti se dobrih predavanja, va\u017enih tema o velikim ljudima koje je povijest mo\u017eda nepravedno zaboravila, a \u010dovjek namjerno ili nenamjerno zakasnio s vrednovanjem njihovih postignu\u0107a. Da vas netko danas pita tko je najve\u0107i mecena u hrvatskoj povijesti, sigurno bismo se svi slo\u017eili da se radi o biskupu Josipu Juraju Strossmayeru. No tko [&hellip;]<\/p>\n","protected":false},"author":2,"featured_media":1957,"comment_status":"closed","ping_status":"closed","sticky":false,"template":"","format":"standard","meta":{"footnotes":""},"categories":[4,2],"tags":[],"class_list":["post-1955","post","type-post","status-publish","format-standard","has-post-thumbnail","hentry","category-fotogalerije","category-vijesti"],"_links":{"self":[{"href":"https:\/\/katolicka-gimnazija.hr\/index.php\/wp-json\/wp\/v2\/posts\/1955","targetHints":{"allow":["GET"]}}],"collection":[{"href":"https:\/\/katolicka-gimnazija.hr\/index.php\/wp-json\/wp\/v2\/posts"}],"about":[{"href":"https:\/\/katolicka-gimnazija.hr\/index.php\/wp-json\/wp\/v2\/types\/post"}],"author":[{"embeddable":true,"href":"https:\/\/katolicka-gimnazija.hr\/index.php\/wp-json\/wp\/v2\/users\/2"}],"replies":[{"embeddable":true,"href":"https:\/\/katolicka-gimnazija.hr\/index.php\/wp-json\/wp\/v2\/comments?post=1955"}],"version-history":[{"count":4,"href":"https:\/\/katolicka-gimnazija.hr\/index.php\/wp-json\/wp\/v2\/posts\/1955\/revisions"}],"predecessor-version":[{"id":15177,"href":"https:\/\/katolicka-gimnazija.hr\/index.php\/wp-json\/wp\/v2\/posts\/1955\/revisions\/15177"}],"wp:featuredmedia":[{"embeddable":true,"href":"https:\/\/katolicka-gimnazija.hr\/index.php\/wp-json\/wp\/v2\/media\/1957"}],"wp:attachment":[{"href":"https:\/\/katolicka-gimnazija.hr\/index.php\/wp-json\/wp\/v2\/media?parent=1955"}],"wp:term":[{"taxonomy":"category","embeddable":true,"href":"https:\/\/katolicka-gimnazija.hr\/index.php\/wp-json\/wp\/v2\/categories?post=1955"},{"taxonomy":"post_tag","embeddable":true,"href":"https:\/\/katolicka-gimnazija.hr\/index.php\/wp-json\/wp\/v2\/tags?post=1955"}],"curies":[{"name":"wp","href":"https:\/\/api.w.org\/{rel}","templated":true}]}}