{"id":19563,"date":"2020-07-06T11:58:44","date_gmt":"2020-07-06T11:58:44","guid":{"rendered":"http:\/\/katolicka-gimnazija.hr\/?p=19563"},"modified":"2026-04-24T10:15:14","modified_gmt":"2026-04-24T08:15:14","slug":"o-knjiznici","status":"publish","type":"post","link":"https:\/\/katolicka-gimnazija.hr\/index.php\/2020\/07\/06\/o-knjiznici\/","title":{"rendered":"O knji\u017enici"},"content":{"rendered":"<p>\u0160kolska knji\u017enica Katoli\u010dke gimnazije s pravom javnosti informacijsko je i multimedijalno sredi\u0161te \u0160kole.<\/p>\n<p>Knji\u017enica je sastavni dio odgojno \u2013 obrazovnog procesa i pru\u017ea bitne informacije za uspje\u0161no uklju\u010divanje \u0160kole u suvremeno dru\u0161tvo, temeljeno na znanju.<\/p>\n<p>Knji\u017enica promi\u010de \u010ditanje, u\u010denje za cijeli \u017eivot i osposobljava u\u010denike za \u017eivot odgovornih gra\u0111ana.<\/p>\n<hr \/>\n<p><strong>KONTAKT<\/strong><\/p>\n<p><strong>Adresa: <\/strong>Trg svete Terezije 6 (Dijecezanski muzej Po\u017ee\u0161ke biskupije)<\/p>\n<p><strong>Radno vrijeme knji\u017enice: <\/strong>Ponedjeljak \u2013 petak (08:00 \u2013 15:00 sati)<\/p>\n<p><strong>Telefon:<\/strong> 034\/221-693<\/p>\n<p><strong>E-mail:<\/strong> <a href=\"mailto:manuela.polak@skole.hr\">manuela.polak@skole.hr<\/a><\/p>\n<p><strong>Knji\u017eni\u010darka:<\/strong> Manuela Matijevi\u0107, dipl. knji\u017e.<\/p>\n<p><strong><a href=\"https:\/\/sites.google.com\/view\/skolskaknjiznicakg?usp=sharing\">Virtualna knji\u017enica<\/a><\/strong><\/p>\n<hr \/>\n<p><strong><a href=\"http:\/\/katolicka-gimnazija.hr\/wp-content\/uploads\/2020\/07\/knjiznica-2.png\"><img loading=\"lazy\" decoding=\"async\" class=\"size-medium wp-image-19541 alignright\" src=\"http:\/\/katolicka-gimnazija.hr\/wp-content\/uploads\/2020\/07\/knjiznica-2-225x300.png\" alt=\"\" width=\"225\" height=\"300\" srcset=\"https:\/\/katolicka-gimnazija.hr\/wp-content\/uploads\/2020\/07\/knjiznica-2-225x300.png 225w, https:\/\/katolicka-gimnazija.hr\/wp-content\/uploads\/2020\/07\/knjiznica-2.png 405w\" sizes=\"auto, (max-width: 225px) 100vw, 225px\" \/><\/a>\u0160TO KNJI\u017dNICA NUDI?<\/strong><\/p>\n<p><strong><u>a) Posudba gra\u0111e<\/u><\/strong><\/p>\n<p><strong>Trajanje posudbe<\/strong><strong>:<\/strong><\/p>\n<ul>\n<li><strong>Lektira<\/strong><strong>, beletristika, stru\u010dna literatura<\/strong> (odjednom mogu\u0107e posuditi najvi\u0161e 3 razli\u010dita naslova) \u2013\u00a0<em>30 dana<\/em><\/li>\n<li><strong>\u010casopisi<\/strong>\u00a0(odjednom mogu\u0107e posuditi najvi\u0161e 2 razli\u010dita naslova) \u2013\u00a0<em>5 dana<\/em><\/li>\n<\/ul>\n<p>Kod posudbe va\u017eno je imati \u010dlansku iskaznicu. Izrada \u010dlanske iskaznice se ne napla\u0107uje.<\/p>\n<p>Mogu\u0107e je\u00a0rezerviranje\u00a0knjige (rezervacija vrijedi 2 dana) ili\u00a0produljenje\u00a0za 15 dana (osobno, telefonski ili putem e-maila).<\/p>\n<p>Zakasnina\u00a0se ne napla\u0107uje!<\/p>\n<p><strong>Knji\u017eni\u010dna gra\u0111a koja se ne posu\u0111uje izvan Knji\u017enice:<\/strong><\/p>\n<ul>\n<li>referentna literatura (rje\u010dnici, enciklopedije, leksikoni, priru\u010dnici, bibliografije, imenici, atlasi, itd.)<\/li>\n<li>\u010dasopisi<\/li>\n<li>gra\u0111a posu\u0111ena me\u0111uknji\u017eni\u010dnom posudbom<\/li>\n<\/ul>\n<p>&nbsp;<\/p>\n<p><strong><u>b) Kvalitetno provo\u0111enje slobodnog vremena<\/u><\/strong><\/p>\n<p>Svi su u knji\u017enicu uvijek dobro do\u0161li! U knji\u017enicu mo\u017eete do\u0107i napisati zada\u0107u, raditi na projektu, pro\u010ditati neku knjigu, dru\u017eiti se s prijateljima, igrati dru\u0161tvene igre\u2026<\/p>\n<p>&nbsp;<\/p>\n<p><strong><u>c) Kori\u0161tenje ra\u010dunala u prostoru \u010ditaonice knji\u017enice<\/u><\/strong><\/p>\n<p>U knji\u017enici su trenutno dostupna 4 ra\u010dunala za korisnike, koja mo\u017eete koristiti u svakom trenutku za u\u010denje, istra\u017eivanje i pripremu zada\u0107a, eseja, seminarskih radova.<\/p>\n<p>&nbsp;<\/p>\n<p><strong><u>d) Me\u0111uknji\u017eni\u010dna posudba<\/u><\/strong><\/p>\n<p>Me\u0111uknji\u017eni\u010dna posudba je knji\u017eni\u010dna usluga koja se temelji na suradnji s drugim knji\u017enicama, a omogu\u0107uje posudbu gra\u0111e (knjiga i \u010dlanaka) iz drugih knji\u017enica koju na\u0161a Knji\u017enica ne posjeduje.<\/p>\n<p>Zahtjev za me\u0111uknji\u017eni\u010dnu posudbu i sve vezane upite mo\u017eete zatra\u017eiti u Knji\u017enici.<\/p>\n<p>&nbsp;<\/p>\n<p><strong><u>e) Doga\u0111anja<\/u><\/strong><\/p>\n<p>Knji\u017enica obilje\u017eava zna\u010dajna doga\u0111anja i manifestacije:<\/p>\n<ul>\n<li>Valentinovo (14. velja\u010de)<\/li>\n<li>Svjetski dan \u010ditanja naglas (16. velja\u010de)<\/li>\n<li>Dan ru\u017ei\u010dastih majica (27. velja\u010de)<\/li>\n<li>Dan planinara (7. o\u017eujka)<\/li>\n<li>Svjetski dan kazali\u0161ta (27. o\u017eujka)<\/li>\n<li>Svjetski dan napu\u0161tenih \u017eivotinja (4. travnja)<\/li>\n<li>Dan planeta Zemlje (22. travnja)<\/li>\n<li>No\u0107 knjige \/ Svjetski dan knjige i autorskog prava (23. travnja)<\/li>\n<li>Me\u0111unarodni dan muzeja (18. svibnja)<\/li>\n<li>Me\u0111unarodni dan biolo\u0161ke raznolikosti (22. svibnja)<\/li>\n<li>Svjetski dan dobrovoljnog darivanja krvi (14. lipnja)<\/li>\n<li>Me\u0111unarodni dan pismenosti (8. rujna)<\/li>\n<li>Me\u0111unarodni dan starijih osoba (1. listopada)<\/li>\n<li>Mjesec hrvatske knjige (15. listopada \u2013 15. studenog)<\/li>\n<li>Dan hrvatskih knji\u017enica (11. studenog)<\/li>\n<li>Me\u0111unarodni dan tolerancije (16. studenog)<\/li>\n<li>Dan sje\u0107anja na \u017ertvu Vukovara (18. studenog)<\/li>\n<li>Me\u0111unarodni dan volontera (5. prosinca)<\/li>\n<li>Dan ljudskih prava (10. prosinca)<\/li>\n<\/ul>\n<hr \/>\n<p><strong>DJELATNOST I ZADA\u0106A \u0160KOLSKE KNJI\u017dNICE<\/strong><\/p>\n<p>\u201e\u0160kolska knji\u017enica je organizirana zbirka knji\u017ene i neknji\u017ene gra\u0111e koja kroz djelatnost knji\u017eni\u010dnog osoblja nabavlja, obra\u0111uje, \u010duva i daje na upotrebu gra\u0111u radi zadovoljavanja obrazovnih, kulturnih, informacijskih i stru\u010dnih potreba korisnika i permanentnog obrazovanja.\u201c<\/p>\n<p>\u201eDjelatnost \u0161kolske knji\u017enice ostvaruje se kao:<\/p>\n<ul>\n<li>neposredna odgojno \u2013 obrazovna djelatnost;<\/li>\n<li>stru\u010dna knji\u017eni\u010dna djelatnost;<\/li>\n<li>kulturna i javna djelatnost.\u201c<\/li>\n<\/ul>\n<p>&nbsp;<\/p>\n<p><strong>\u201eZada\u0107e \u0161kolske knji\u017enice su:<\/strong><\/p>\n<p>promicanje i unapre\u0111ivanje svih oblika odgojno \u2013 obrazovnih procesa; stvaranje uvjeta za u\u010denje; pomo\u0107 u\u010denicima u u\u010denju; poticanje istra\u017eiva\u010dkog duha i osobnog prosu\u0111ivanja; poticanje odgoja za demokraciju; razvijanje svijesti o vrijednosti multikulturalnosti; stvaranje uvjeta za interdisciplinarni pristup nastavi; poticanje duhovnog ozra\u010dja \u0161kole\u2026\u201c<\/p>\n<p>Knji\u017eni\u010dni fond u knji\u017enici je jedinstven i njime se slu\u017ee i u\u010denici i nastavnici. Sadr\u017eaj fonda ovisi o vrsti \u0161kole, odnosno o nastavnom planu i programu \u0160kole.<\/p>\n<p>Omjer knjiga je sljede\u0107i: 50% knjiga \u2013 lektira, a 50% stru\u010dne literature (razmjerna zastupljenost svakog stru\u010dnog predmeta u nastavi).<\/p>\n<p style=\"text-align: right;\"><em>(Standard za \u0161kolske knji\u017enice, 2000.)<\/em><\/p>\n<div id='gallery-1' class='gallery galleryid-19563 gallery-columns-3 gallery-size-medium'><figure class='gallery-item'>\n\t\t\t<div class='gallery-icon landscape'>\n\t\t\t\t<a href='https:\/\/katolicka-gimnazija.hr\/wp-content\/uploads\/2020\/07\/knjiznica-17.jpg'><img loading=\"lazy\" decoding=\"async\" width=\"300\" height=\"224\" src=\"https:\/\/katolicka-gimnazija.hr\/wp-content\/uploads\/2020\/07\/knjiznica-17-300x224.jpg\" class=\"attachment-medium size-medium\" alt=\"\" srcset=\"https:\/\/katolicka-gimnazija.hr\/wp-content\/uploads\/2020\/07\/knjiznica-17-300x224.jpg 300w, https:\/\/katolicka-gimnazija.hr\/wp-content\/uploads\/2020\/07\/knjiznica-17-768x575.jpg 768w, https:\/\/katolicka-gimnazija.hr\/wp-content\/uploads\/2020\/07\/knjiznica-17-1024x766.jpg 1024w, https:\/\/katolicka-gimnazija.hr\/wp-content\/uploads\/2020\/07\/knjiznica-17-400x300.jpg 400w, https:\/\/katolicka-gimnazija.hr\/wp-content\/uploads\/2020\/07\/knjiznica-17.jpg 1160w\" sizes=\"auto, (max-width: 300px) 100vw, 300px\" \/><\/a>\n\t\t\t<\/div><\/figure><figure class='gallery-item'>\n\t\t\t<div class='gallery-icon portrait'>\n\t\t\t\t<a href='https:\/\/katolicka-gimnazija.hr\/wp-content\/uploads\/2020\/07\/knjiznica-5.jpg'><img loading=\"lazy\" decoding=\"async\" width=\"225\" height=\"300\" src=\"https:\/\/katolicka-gimnazija.hr\/wp-content\/uploads\/2020\/07\/knjiznica-5-225x300.jpg\" class=\"attachment-medium size-medium\" alt=\"\" srcset=\"https:\/\/katolicka-gimnazija.hr\/wp-content\/uploads\/2020\/07\/knjiznica-5-225x300.jpg 225w, https:\/\/katolicka-gimnazija.hr\/wp-content\/uploads\/2020\/07\/knjiznica-5-768x1026.jpg 768w, https:\/\/katolicka-gimnazija.hr\/wp-content\/uploads\/2020\/07\/knjiznica-5-766x1024.jpg 766w, https:\/\/katolicka-gimnazija.hr\/wp-content\/uploads\/2020\/07\/knjiznica-5.jpg 1384w\" sizes=\"auto, (max-width: 225px) 100vw, 225px\" \/><\/a>\n\t\t\t<\/div><\/figure><figure class='gallery-item'>\n\t\t\t<div class='gallery-icon landscape'>\n\t\t\t\t<a href='https:\/\/katolicka-gimnazija.hr\/wp-content\/uploads\/2020\/07\/knjiznica-3-e1599471367279.jpg'><img loading=\"lazy\" decoding=\"async\" width=\"300\" height=\"150\" src=\"https:\/\/katolicka-gimnazija.hr\/wp-content\/uploads\/2020\/07\/knjiznica-3-e1599471367279-300x150.jpg\" class=\"attachment-medium size-medium\" alt=\"\" srcset=\"https:\/\/katolicka-gimnazija.hr\/wp-content\/uploads\/2020\/07\/knjiznica-3-e1599471367279-300x150.jpg 300w, https:\/\/katolicka-gimnazija.hr\/wp-content\/uploads\/2020\/07\/knjiznica-3-e1599471367279-768x384.jpg 768w, https:\/\/katolicka-gimnazija.hr\/wp-content\/uploads\/2020\/07\/knjiznica-3-e1599471367279-1024x512.jpg 1024w, https:\/\/katolicka-gimnazija.hr\/wp-content\/uploads\/2020\/07\/knjiznica-3-e1599471367279-400x200.jpg 400w, https:\/\/katolicka-gimnazija.hr\/wp-content\/uploads\/2020\/07\/knjiznica-3-e1599471367279.jpg 1387w\" sizes=\"auto, (max-width: 300px) 100vw, 300px\" \/><\/a>\n\t\t\t<\/div><\/figure><figure class='gallery-item'>\n\t\t\t<div class='gallery-icon landscape'>\n\t\t\t\t<a href='https:\/\/katolicka-gimnazija.hr\/wp-content\/uploads\/2020\/07\/knjiznica-1.jpg'><img loading=\"lazy\" decoding=\"async\" width=\"300\" height=\"225\" src=\"https:\/\/katolicka-gimnazija.hr\/wp-content\/uploads\/2020\/07\/knjiznica-1-300x225.jpg\" class=\"attachment-medium size-medium\" alt=\"\" srcset=\"https:\/\/katolicka-gimnazija.hr\/wp-content\/uploads\/2020\/07\/knjiznica-1-300x225.jpg 300w, https:\/\/katolicka-gimnazija.hr\/wp-content\/uploads\/2020\/07\/knjiznica-1-768x575.jpg 768w, https:\/\/katolicka-gimnazija.hr\/wp-content\/uploads\/2020\/07\/knjiznica-1-1024x766.jpg 1024w, https:\/\/katolicka-gimnazija.hr\/wp-content\/uploads\/2020\/07\/knjiznica-1-400x300.jpg 400w, https:\/\/katolicka-gimnazija.hr\/wp-content\/uploads\/2020\/07\/knjiznica-1.jpg 1387w\" sizes=\"auto, (max-width: 300px) 100vw, 300px\" \/><\/a>\n\t\t\t<\/div><\/figure><figure class='gallery-item'>\n\t\t\t<div class='gallery-icon portrait'>\n\t\t\t\t<a href='https:\/\/katolicka-gimnazija.hr\/wp-content\/uploads\/2020\/07\/knjiznica-4.jpg'><img loading=\"lazy\" decoding=\"async\" width=\"225\" height=\"300\" src=\"https:\/\/katolicka-gimnazija.hr\/wp-content\/uploads\/2020\/07\/knjiznica-4-225x300.jpg\" class=\"attachment-medium size-medium\" alt=\"\" srcset=\"https:\/\/katolicka-gimnazija.hr\/wp-content\/uploads\/2020\/07\/knjiznica-4-225x300.jpg 225w, https:\/\/katolicka-gimnazija.hr\/wp-content\/uploads\/2020\/07\/knjiznica-4.jpg 658w\" sizes=\"auto, (max-width: 225px) 100vw, 225px\" \/><\/a>\n\t\t\t<\/div><\/figure><figure class='gallery-item'>\n\t\t\t<div class='gallery-icon landscape'>\n\t\t\t\t<a href='https:\/\/katolicka-gimnazija.hr\/wp-content\/uploads\/2020\/07\/knjiznica-2.jpg'><img loading=\"lazy\" decoding=\"async\" width=\"300\" height=\"225\" src=\"https:\/\/katolicka-gimnazija.hr\/wp-content\/uploads\/2020\/07\/knjiznica-2-300x225.jpg\" class=\"attachment-medium size-medium\" alt=\"\" srcset=\"https:\/\/katolicka-gimnazija.hr\/wp-content\/uploads\/2020\/07\/knjiznica-2-300x225.jpg 300w, https:\/\/katolicka-gimnazija.hr\/wp-content\/uploads\/2020\/07\/knjiznica-2-768x575.jpg 768w, https:\/\/katolicka-gimnazija.hr\/wp-content\/uploads\/2020\/07\/knjiznica-2-1024x766.jpg 1024w, https:\/\/katolicka-gimnazija.hr\/wp-content\/uploads\/2020\/07\/knjiznica-2-400x300.jpg 400w, https:\/\/katolicka-gimnazija.hr\/wp-content\/uploads\/2020\/07\/knjiznica-2.jpg 1387w\" sizes=\"auto, (max-width: 300px) 100vw, 300px\" \/><\/a>\n\t\t\t<\/div><\/figure>\n\t\t<\/div>\n\n","protected":false},"excerpt":{"rendered":"<p>\u0160kolska knji\u017enica Katoli\u010dke gimnazije s pravom javnosti informacijsko je i multimedijalno sredi\u0161te \u0160kole. Knji\u017enica je sastavni dio odgojno \u2013 obrazovnog procesa i pru\u017ea bitne informacije za uspje\u0161no uklju\u010divanje \u0160kole u suvremeno dru\u0161tvo, temeljeno na znanju. Knji\u017enica promi\u010de \u010ditanje, u\u010denje za cijeli \u017eivot i osposobljava u\u010denike za \u017eivot odgovornih gra\u0111ana. KONTAKT Adresa: Trg svete Terezije 6 [&hellip;]<\/p>\n","protected":false},"author":2,"featured_media":19539,"comment_status":"closed","ping_status":"closed","sticky":false,"template":"","format":"standard","meta":{"footnotes":""},"categories":[217],"tags":[],"class_list":["post-19563","post","type-post","status-publish","format-standard","has-post-thumbnail","hentry","category-knjiznica"],"_links":{"self":[{"href":"https:\/\/katolicka-gimnazija.hr\/index.php\/wp-json\/wp\/v2\/posts\/19563","targetHints":{"allow":["GET"]}}],"collection":[{"href":"https:\/\/katolicka-gimnazija.hr\/index.php\/wp-json\/wp\/v2\/posts"}],"about":[{"href":"https:\/\/katolicka-gimnazija.hr\/index.php\/wp-json\/wp\/v2\/types\/post"}],"author":[{"embeddable":true,"href":"https:\/\/katolicka-gimnazija.hr\/index.php\/wp-json\/wp\/v2\/users\/2"}],"replies":[{"embeddable":true,"href":"https:\/\/katolicka-gimnazija.hr\/index.php\/wp-json\/wp\/v2\/comments?post=19563"}],"version-history":[{"count":14,"href":"https:\/\/katolicka-gimnazija.hr\/index.php\/wp-json\/wp\/v2\/posts\/19563\/revisions"}],"predecessor-version":[{"id":36813,"href":"https:\/\/katolicka-gimnazija.hr\/index.php\/wp-json\/wp\/v2\/posts\/19563\/revisions\/36813"}],"wp:featuredmedia":[{"embeddable":true,"href":"https:\/\/katolicka-gimnazija.hr\/index.php\/wp-json\/wp\/v2\/media\/19539"}],"wp:attachment":[{"href":"https:\/\/katolicka-gimnazija.hr\/index.php\/wp-json\/wp\/v2\/media?parent=19563"}],"wp:term":[{"taxonomy":"category","embeddable":true,"href":"https:\/\/katolicka-gimnazija.hr\/index.php\/wp-json\/wp\/v2\/categories?post=19563"},{"taxonomy":"post_tag","embeddable":true,"href":"https:\/\/katolicka-gimnazija.hr\/index.php\/wp-json\/wp\/v2\/tags?post=19563"}],"curies":[{"name":"wp","href":"https:\/\/api.w.org\/{rel}","templated":true}]}}