{"id":19627,"date":"2020-07-08T07:15:35","date_gmt":"2020-07-08T07:15:35","guid":{"rendered":"http:\/\/katolicka-gimnazija.hr\/?p=19627"},"modified":"2020-07-08T07:15:35","modified_gmt":"2020-07-08T07:15:35","slug":"najava-promjena-u-radu-i-organizaciji-tijekom-ljetnog-odmora-ucenika-2","status":"publish","type":"post","link":"https:\/\/katolicka-gimnazija.hr\/index.php\/2020\/07\/08\/najava-promjena-u-radu-i-organizaciji-tijekom-ljetnog-odmora-ucenika-2\/","title":{"rendered":"Najava promjena u radu i organizaciji tijekom ljetnog odmora u\u010denika"},"content":{"rendered":"<p style=\"font-weight: 400;\">Ljetni odmor u\u010denika za \u0161kolsku godinu 2019.\/2020. po\u010deo je 18. lipnja 2020. godine.<\/p>\n<p style=\"font-weight: 400;\">\n<p style=\"font-weight: 400;\">Najavljujemo roditeljima u\u010denika i u\u010denicima promjene u radu i organizaciji zaposlenih u \u0161kolskoj slu\u017ebi koji \u0107e zbog ljetnog odmora u\u010denika i godi\u0161njeg odmora radnika promijeniti radno vrijeme s gra\u0111anima (strankama).<\/p>\n<p style=\"font-weight: 400;\">Tajnica \u0161kole s gra\u0111anima (strankama) radi od ponedjeljka do petka:<\/p>\n<p style=\"font-weight: 400;\">od 18.6.2020. do 10.7.2020. od 8 do 14 sati i<\/p>\n<p style=\"font-weight: 400;\">od 13.7.2020. do 22.7.2020. godine od 8 do 12 sati.<\/p>\n<p style=\"font-weight: 400;\">\n<p style=\"font-weight: 400;\">Molimo u\u010denike 4. razreda da ovjeru obrasca za smje\u0161taj u studentski dom zahtijevaju isklju\u010divo do 22.7.2020. godine do 12 sati. S obzirom na to da ovjeru obrasca za smje\u0161taj u studentski dom ne napla\u0107ujemo, ovjeru istoga mo\u017eete zahtijevati i za vi\u0161e studentskih domova i prije kona\u010dne objave rezultata ispita dr\u017eavne mature.<\/p>\n<p style=\"font-weight: 400;\">\n<p style=\"font-weight: 400;\">Obavje\u0161tavamo vas da i tijekom trajanja epidemije bolesti COVID-19 posredujemo za povremeni rad redovitih u\u010denika na\u0161e \u0161kole. Roditeljima u\u010denika i u\u010denicima preporu\u010damo da se informiraju o higijenskim i ostalim radnim uvjetima mjesta rada kod poslodavca &#8211; naru\u010ditelja posla, s epidemiolo\u0161kog stajali\u0161ta.<\/p>\n<p style=\"font-weight: 400;\">\n<p style=\"font-weight: 400;\">Nastava nakon ljetnog odmora u\u010denika za \u0161kolsku godinu 2019.\/2020. po\u010det \u0107e 7. rujna 2020. godine.<\/p>\n","protected":false},"excerpt":{"rendered":"<p>Ljetni odmor u\u010denika za \u0161kolsku godinu 2019.\/2020. po\u010deo je 18. lipnja 2020. godine. Najavljujemo roditeljima u\u010denika i u\u010denicima promjene u radu i organizaciji zaposlenih u \u0161kolskoj slu\u017ebi koji \u0107e zbog ljetnog odmora u\u010denika i godi\u0161njeg odmora radnika promijeniti radno vrijeme s gra\u0111anima (strankama). Tajnica \u0161kole s gra\u0111anima (strankama) radi od ponedjeljka do petka: od 18.6.2020. [&hellip;]<\/p>\n","protected":false},"author":2,"featured_media":0,"comment_status":"closed","ping_status":"closed","sticky":false,"template":"","format":"standard","meta":{"footnotes":""},"categories":[3],"tags":[],"class_list":["post-19627","post","type-post","status-publish","format-standard","hentry","category-obavijesti"],"_links":{"self":[{"href":"https:\/\/katolicka-gimnazija.hr\/index.php\/wp-json\/wp\/v2\/posts\/19627","targetHints":{"allow":["GET"]}}],"collection":[{"href":"https:\/\/katolicka-gimnazija.hr\/index.php\/wp-json\/wp\/v2\/posts"}],"about":[{"href":"https:\/\/katolicka-gimnazija.hr\/index.php\/wp-json\/wp\/v2\/types\/post"}],"author":[{"embeddable":true,"href":"https:\/\/katolicka-gimnazija.hr\/index.php\/wp-json\/wp\/v2\/users\/2"}],"replies":[{"embeddable":true,"href":"https:\/\/katolicka-gimnazija.hr\/index.php\/wp-json\/wp\/v2\/comments?post=19627"}],"version-history":[{"count":1,"href":"https:\/\/katolicka-gimnazija.hr\/index.php\/wp-json\/wp\/v2\/posts\/19627\/revisions"}],"predecessor-version":[{"id":19628,"href":"https:\/\/katolicka-gimnazija.hr\/index.php\/wp-json\/wp\/v2\/posts\/19627\/revisions\/19628"}],"wp:attachment":[{"href":"https:\/\/katolicka-gimnazija.hr\/index.php\/wp-json\/wp\/v2\/media?parent=19627"}],"wp:term":[{"taxonomy":"category","embeddable":true,"href":"https:\/\/katolicka-gimnazija.hr\/index.php\/wp-json\/wp\/v2\/categories?post=19627"},{"taxonomy":"post_tag","embeddable":true,"href":"https:\/\/katolicka-gimnazija.hr\/index.php\/wp-json\/wp\/v2\/tags?post=19627"}],"curies":[{"name":"wp","href":"https:\/\/api.w.org\/{rel}","templated":true}]}}