{"id":1987,"date":"2015-12-01T21:04:56","date_gmt":"2015-12-01T21:04:56","guid":{"rendered":"http:\/\/katolicka-gimnazija.hr\/?p=1987"},"modified":"2018-12-28T14:49:37","modified_gmt":"2018-12-28T14:49:37","slug":"daruj-srce-za-bozic","status":"publish","type":"post","link":"https:\/\/katolicka-gimnazija.hr\/index.php\/2015\/12\/01\/daruj-srce-za-bozic\/","title":{"rendered":"DARUJ SRCE ZA BO\u017dI\u0106"},"content":{"rendered":"<p>Dragi prijatelji, bli\u017ei nam se Bo\u017ei\u0107, blagdan ro\u0111enja Kristova. Svake godine razmi\u0161ljamo o tome \u0161to \u0107emo pokloniti na\u0161im najmilijima, kako \u0107emo se dotjerati za polno\u0107ku, koliko kola\u010da ispe\u0107i, kako ku\u0107u urediti&#8230; No, je li nam to doista najpotrebnije ili je potrebnije pripremiti srce i du\u0161u? Kada bismo razmi\u0161ljali koji je najbolji poklon koji smo ikada ikome dali vjerojatno se ne biste mogli odlu\u010diti izme\u0111u silnih parfema, majica, kakve dobre knjige, slatkih poklona i tome sli\u010dno. A jesmo li ikada nekome doista poklonili srce? Srce \u010disto kao suza. Jer upravo je srce najvrijednije \u0161to imamo. A takav poklon je mogu\u0107.<\/p>\n<p>Upravo na temu <em>\u201eDaruj srce za Bo\u017ei\u0107<\/em>\u201c katedralni je kapelan vl\u010d. Krunoslav Siroglavi\u0107 zajedno s mladima iz katedralne \u017eupe pokrenuo kateheze na temu \u010disto\u0107e i hodanja u \u010disto\u0107i. Za vi\u0161e informacija o kakvim je katehezama zapravo rije\u010d odlu\u010dili smo pitati samog incijatora vl\u010d. Krunoslava.<\/p>\n<p><strong><a href=\"http:\/\/katolicka-gimnazija.hr\/wp-content\/uploads\/2015\/12\/DSC_0014.jpg\"><img loading=\"lazy\" decoding=\"async\" class=\"alignleft size-medium wp-image-1989\" src=\"http:\/\/katolicka-gimnazija.hr\/wp-content\/uploads\/2015\/12\/DSC_0014-300x200.jpg\" alt=\"DSC_0014\" width=\"300\" height=\"200\" srcset=\"https:\/\/katolicka-gimnazija.hr\/wp-content\/uploads\/2015\/12\/DSC_0014-300x200.jpg 300w, https:\/\/katolicka-gimnazija.hr\/wp-content\/uploads\/2015\/12\/DSC_0014-768x512.jpg 768w, https:\/\/katolicka-gimnazija.hr\/wp-content\/uploads\/2015\/12\/DSC_0014-400x267.jpg 400w, https:\/\/katolicka-gimnazija.hr\/wp-content\/uploads\/2015\/12\/DSC_0014-1024x683.jpg 1024w, https:\/\/katolicka-gimnazija.hr\/wp-content\/uploads\/2015\/12\/DSC_0014-360x240.jpg 360w, https:\/\/katolicka-gimnazija.hr\/wp-content\/uploads\/2015\/12\/DSC_0014-750x500.jpg 750w, https:\/\/katolicka-gimnazija.hr\/wp-content\/uploads\/2015\/12\/DSC_0014-430x287.jpg 430w, https:\/\/katolicka-gimnazija.hr\/wp-content\/uploads\/2015\/12\/DSC_0014-150x100.jpg 150w, https:\/\/katolicka-gimnazija.hr\/wp-content\/uploads\/2015\/12\/DSC_0014-100x67.jpg 100w\" sizes=\"auto, (max-width: 300px) 100vw, 300px\" \/><\/a>N<\/strong>: Hvaljen Isus i Marija! Vl\u010d. Krunoslave, mo\u017eete li nam re\u0107i kako ste do\u0161li na ovu ideju? \u0160to bi bila duhovna \u010disto\u0107a, odnosno \u0161to je to hodanje u \u010disto\u0107i za koje se Vi i Va\u0161i mladi zauzimate?<\/p>\n<p><strong>K<\/strong>: Na ideju smo do\u0161li jo\u0161 pro\u0161le godine kada smo vidjeli koliko mladih s razli\u010ditim talentima dolazi na klanjanje. Zapravo, najvi\u0161e su me potaknuli mladi za koje nisam ni znao da su tako zainteresirani za molitvu. Meni je, recimo, prije bilo nezamislivo da do\u0111emo kod nekoga na ro\u0111endan i da netko ka\u017ee: \u201eLjudi, ho\u0107emo se moliti?\u201c Taj mi je svijet bio novi, no kroz njega sam otkrio da je vjera zapravo najve\u0107i talent koji mladi posjeduju. Bez obzira na sve druge talente, vjera i polet koji oni nose u sebi ono su \u0161to Crkvu pokre\u0107e jer mladi vjernici su ljudi koji ne\u0161to \u017eive, a ne govore puno o tome. \u010cisto\u0107a je jedna divna i te\u0161ka stvar, ali i milost i \u010disti Bo\u017eji dar koji se mo\u017ee ostvariti jedino u molitvi. I to je najljep\u0161i poklon kojeg dvoje mladih ljudi koji hodaju mogu dati jedno drugome. To nije nikakva utopija, to je \u010dista vjera.<\/p>\n<p><strong>N<\/strong>: Smatrate li da je mladima danas privla\u010dno hodati onako kako to Crkva preporu\u010da?<\/p>\n<p><strong>K<\/strong>: Da! Posebno iz jednog razloga \u2013 jer su mladi shvatili da Crkva ni\u0161ta ne brani. Deset Bo\u017ejih zapovijedi koje je Bog dao Mojsiju, pa i sve \u0161to nas je Isus nau\u010dio, nije dano da bi se Bog nasla\u0111ivao jer mu \u010dovjek slu\u017ei, nego da \u010dovjek bude blagoslovljen i sretan ako se dr\u017ei zapovijedi. Sje\u0107ate se: <em>\u201eAko me ljubite, \u010duvat \u0107ete moje zapovijedi!\u201c <\/em>(Iv 14,16). Kada Crkva ka\u017ee: <em>\u201eNe sagrije\u0161i bludno!\u201c<\/em>, ona to ne govori da bi ne\u0161to zabranila, nego da poka\u017ee nama Isusovu radost kojom je on to \u017eivio. Samo, ono \u0161to se dogodilo jest to da nama ovaj svijet puno toga predstavlja kao da Crkva ne\u0161to brani, a to nije istina. Brak i sve\u0107eni\u0161tvo imaju jednaku priliku za svetost, ja sam u to siguran.<\/p>\n<p><strong>N<\/strong>: Kako vidite ulogu mladih parova u Crkvi, recimo u zajednici mladih po \u017eupama?<\/p>\n<p><strong>K<\/strong>: Nekada se govorilo kako je \u017eupnik \u201eupravlja\u010dki\u201c centar \u017eupe i da se sve oko njega vrti. No, novom evangelizacijom Crkva daje svim ljudima njihovo odgovorno mjesto u Crkvi, dok je uloga \u017eupnika kao voditelja i dalje ostala. Nikada nije cilj da \u017eupnik sam radi, nego da upravo mladi budu ti koji \u0107e \u017eupi dati poleta i koji \u0107e \u017eupu pokretati. Uz sve ostale pokazatelje jako stoji i ovaj \u2013 koliko su mladi aktivni u svojoj \u017eupi toliko je ta \u017eupa \u017eiva. A po vjernim mladim parovima ubrzo do\u0107i \u0107e i obitelji odgojene u Isusovu duhu.<\/p>\n<p><strong>N<\/strong>: Mislite li da je mladima u na\u0161em gradu stalo da izgrade sebe i svoju budu\u0107nost na temeljima Isusa Krista?<\/p>\n<p><strong>K<\/strong>: Smatram i uvjeren sam! Danas nema smisla biti poput drugih, \u017eivjeti osrednjost. Jednom prilikom bio sam kasno nave\u010der s nekoliko mladih na Sokolovcu, brdu iznad Po\u017eege, i vidjeli smo kako je cijeli grad osvijetljen no\u0107u. Netko je tada rekao: \u201eDaj Bo\u017ee da ovaj grad i ova svjetla svijetle duplo ja\u010de! Ali u srcima mladih.\u201c Mladi \u017eele ra\u010dunati s Bogom i dati mu sebe. Mnogi se od njih u ovom gradu jako otvaraju Duhu Svetom koji je uvijek pokreta\u010d svega. I oni koji se njemu otvore \u017eive njegovim \u017eivotom na koji pozivaju i druge. Odjednom su novi, dolaze na svete mise, pa i na krunicu koja im je do tada bila valjda najte\u017ea molitva koja postoji.<\/p>\n<p><strong>N<\/strong>: Koja je tu onda uloga sve\u0107enika? Odgovaraju li oni na sve \u010de\u0161\u0107e zahtjeve mladih za duhovno vodstvo? Jesu li uop\u0107e spremni na te izazove?<\/p>\n<p><strong><a href=\"http:\/\/katolicka-gimnazija.hr\/wp-content\/uploads\/2015\/12\/DSC_0020.jpg\"><img loading=\"lazy\" decoding=\"async\" class=\"alignleft size-medium wp-image-1990\" src=\"http:\/\/katolicka-gimnazija.hr\/wp-content\/uploads\/2015\/12\/DSC_0020-300x200.jpg\" alt=\"DSC_0020\" width=\"300\" height=\"200\" srcset=\"https:\/\/katolicka-gimnazija.hr\/wp-content\/uploads\/2015\/12\/DSC_0020-300x200.jpg 300w, https:\/\/katolicka-gimnazija.hr\/wp-content\/uploads\/2015\/12\/DSC_0020-768x512.jpg 768w, https:\/\/katolicka-gimnazija.hr\/wp-content\/uploads\/2015\/12\/DSC_0020-400x267.jpg 400w, https:\/\/katolicka-gimnazija.hr\/wp-content\/uploads\/2015\/12\/DSC_0020-1024x683.jpg 1024w, https:\/\/katolicka-gimnazija.hr\/wp-content\/uploads\/2015\/12\/DSC_0020-360x240.jpg 360w, https:\/\/katolicka-gimnazija.hr\/wp-content\/uploads\/2015\/12\/DSC_0020-750x500.jpg 750w, https:\/\/katolicka-gimnazija.hr\/wp-content\/uploads\/2015\/12\/DSC_0020-430x287.jpg 430w, https:\/\/katolicka-gimnazija.hr\/wp-content\/uploads\/2015\/12\/DSC_0020-150x100.jpg 150w, https:\/\/katolicka-gimnazija.hr\/wp-content\/uploads\/2015\/12\/DSC_0020-100x67.jpg 100w\" sizes=\"auto, (max-width: 300px) 100vw, 300px\" \/><\/a>K<\/strong>: Sve\u0107enici su isto tako ljudi sa svojom spolno\u0161\u0107u i svim svojim slabostima, no Bog je u\u010dinio da se preko na\u0161ih slabosti On proslavi. Isus nije do\u0161ao zbog jakih, nego zbog nas gre\u0161nika. Uloga sve\u0107enika jest da s pozicije koju je primio po poslanju, ponudi mladima da ostvare ono \u0161to \u017eele, da se mole, da slave Boga zajedno, da imaju kateheze uz njegovu prisutnost i da zajedno s njima radi, ali prvenstveno da s njima moli. Sve\u0107enik mora znati da je sve\u0107enik, ali treba biti i njihov prijatelj u kojem \u0107e oni ne\u0161to dobro mo\u0107i vidjeti.<\/p>\n<p><strong>N<\/strong>: Imate li povratnu informaciju kako je odjeknula ova inicijativa me\u0111u mladima? Kakav je odaziv na subotnje kateheze i klanjanja?<\/p>\n<p><strong>K<\/strong>: Ja vidim ono \u0161to mi drugi ka\u017eu. Mnogi su zainteresirani, mnogima su kateheze pomogle. Ovo nije ubiranje plodova, nego sijanje. Dobili su motivaciju ne samo za hodanje u \u010disto\u0107i u paru nego i osobno. Iznena\u0111en sam \u0161to vidim puno novih lica i to me jako raduje. Ali nije bitan broj, nego da oni to ponesu u sebi i da se to \u017eivi, te da na na\u0161im \u017eupama vlada \u201eatmosfera\u201c \u010disto\u0107e. Grijeh bludnosti je la\u017e, prljava prijevara Bo\u017eje slike u nama na koju smo stvoreni. Za cijelo vrijeme klanjanja, barem dva sve\u0107enika ispovijedaju i mladi im cijelo vrijeme prilaze. To je dovoljan pokazatelj da cijela stvar ide naprijed.<\/p>\n<p><strong>N<\/strong>: I za kraj, \u017eelite li \u0161to poru\u010diti svim onim parovima koji su u vezi, ali se jo\u0161 uvijek boje odva\u017eiti na ovakav, dosta revolucionaran i nov iskorak?<\/p>\n<p><strong><a href=\"http:\/\/katolicka-gimnazija.hr\/wp-content\/uploads\/2015\/12\/DSC_0022.jpg\"><img loading=\"lazy\" decoding=\"async\" class=\"alignleft size-medium wp-image-1991\" src=\"http:\/\/katolicka-gimnazija.hr\/wp-content\/uploads\/2015\/12\/DSC_0022-300x200.jpg\" alt=\"DSC_0022\" width=\"300\" height=\"200\" srcset=\"https:\/\/katolicka-gimnazija.hr\/wp-content\/uploads\/2015\/12\/DSC_0022-300x200.jpg 300w, https:\/\/katolicka-gimnazija.hr\/wp-content\/uploads\/2015\/12\/DSC_0022-768x512.jpg 768w, https:\/\/katolicka-gimnazija.hr\/wp-content\/uploads\/2015\/12\/DSC_0022-400x267.jpg 400w, https:\/\/katolicka-gimnazija.hr\/wp-content\/uploads\/2015\/12\/DSC_0022-1024x683.jpg 1024w, https:\/\/katolicka-gimnazija.hr\/wp-content\/uploads\/2015\/12\/DSC_0022-360x240.jpg 360w, https:\/\/katolicka-gimnazija.hr\/wp-content\/uploads\/2015\/12\/DSC_0022-750x500.jpg 750w, https:\/\/katolicka-gimnazija.hr\/wp-content\/uploads\/2015\/12\/DSC_0022-430x287.jpg 430w, https:\/\/katolicka-gimnazija.hr\/wp-content\/uploads\/2015\/12\/DSC_0022-150x100.jpg 150w, https:\/\/katolicka-gimnazija.hr\/wp-content\/uploads\/2015\/12\/DSC_0022-100x67.jpg 100w\" sizes=\"auto, (max-width: 300px) 100vw, 300px\" \/><\/a>K<\/strong>: Ovo je novi stari korak i ovo je normalno. \u017delim poru\u010diti jednu re\u010denicu iz Svetog Pisma: <em>\u201eSvojom \u0107ete se postojano\u0161\u0107u spasiti\u201c <\/em>(Lk 21,19). Dana\u0161nja svetost, svetost nas mladih nije svetost bez grijeha. Svijet i grijeh su ja\u010di od nas samih. Na\u0161a svetost jest svetost upornog ustajanja i vra\u0107anja jednom Bogu koji je na sebe uzeo na\u0161u ljudsku spolnost i bila mu je dobra! Svetost borbe i ustrajnosti je da svaki put kada padnemo odmah ustanemo. Moja glavna poruka jest da mladi nikada ne isklju\u010de molitvu iz svoga \u017eivota i da ne hodaju samo \u201enjih dvoje\u201c nego \u201enjih troje\u201c, da hodaju s Isusom koji je tako nenametljiv, a otvara o\u010di srca. To nije nikakva bajka, to je najljep\u0161e \u0161to se mo\u017ee \u017eivjeti. Ni\u0161ta bez Isusa!<\/p>\n<p>\u0160to imaju za re\u0107i neki parovi mladih o hodanju u \u010disto\u0107i i vjeri koju svojim \u017eivotom svjedo\u010de, pro\u010ditajte na facebook stranici Nautes KG.<\/p>\n<p><iframe loading=\"lazy\"  id=\"_ytid_59753\"  width=\"640\" height=\"360\"  data-origwidth=\"640\" data-origheight=\"360\" src=\"https:\/\/www.youtube.com\/embed\/WO1zUjni_pY?enablejsapi=1&#038;autoplay=0&#038;cc_load_policy=0&#038;cc_lang_pref=&#038;iv_load_policy=1&#038;loop=0&#038;rel=1&#038;fs=1&#038;playsinline=0&#038;autohide=2&#038;theme=dark&#038;color=red&#038;controls=1&#038;disablekb=0&#038;\" class=\"__youtube_prefs__  epyt-is-override  no-lazyload\" title=\"YouTube player\"  allow=\"fullscreen; accelerometer; autoplay; clipboard-write; encrypted-media; gyroscope; picture-in-picture; web-share\" referrerpolicy=\"strict-origin-when-cross-origin\" allowfullscreen data-no-lazy=\"1\" data-skipgform_ajax_framebjll=\"\"><\/iframe><\/p>\n","protected":false},"excerpt":{"rendered":"<p>Dragi prijatelji, bli\u017ei nam se Bo\u017ei\u0107, blagdan ro\u0111enja Kristova. Svake godine razmi\u0161ljamo o tome \u0161to \u0107emo pokloniti na\u0161im najmilijima, kako \u0107emo se dotjerati za polno\u0107ku, koliko kola\u010da ispe\u0107i, kako ku\u0107u urediti&#8230; No, je li nam to doista najpotrebnije ili je potrebnije pripremiti srce i du\u0161u? Kada bismo razmi\u0161ljali koji je najbolji poklon koji smo ikada [&hellip;]<\/p>\n","protected":false},"author":1,"featured_media":1988,"comment_status":"closed","ping_status":"closed","sticky":false,"template":"","format":"standard","meta":{"footnotes":""},"categories":[2],"tags":[],"class_list":["post-1987","post","type-post","status-publish","format-standard","has-post-thumbnail","hentry","category-vijesti"],"_links":{"self":[{"href":"https:\/\/katolicka-gimnazija.hr\/index.php\/wp-json\/wp\/v2\/posts\/1987","targetHints":{"allow":["GET"]}}],"collection":[{"href":"https:\/\/katolicka-gimnazija.hr\/index.php\/wp-json\/wp\/v2\/posts"}],"about":[{"href":"https:\/\/katolicka-gimnazija.hr\/index.php\/wp-json\/wp\/v2\/types\/post"}],"author":[{"embeddable":true,"href":"https:\/\/katolicka-gimnazija.hr\/index.php\/wp-json\/wp\/v2\/users\/1"}],"replies":[{"embeddable":true,"href":"https:\/\/katolicka-gimnazija.hr\/index.php\/wp-json\/wp\/v2\/comments?post=1987"}],"version-history":[{"count":5,"href":"https:\/\/katolicka-gimnazija.hr\/index.php\/wp-json\/wp\/v2\/posts\/1987\/revisions"}],"predecessor-version":[{"id":15175,"href":"https:\/\/katolicka-gimnazija.hr\/index.php\/wp-json\/wp\/v2\/posts\/1987\/revisions\/15175"}],"wp:featuredmedia":[{"embeddable":true,"href":"https:\/\/katolicka-gimnazija.hr\/index.php\/wp-json\/wp\/v2\/media\/1988"}],"wp:attachment":[{"href":"https:\/\/katolicka-gimnazija.hr\/index.php\/wp-json\/wp\/v2\/media?parent=1987"}],"wp:term":[{"taxonomy":"category","embeddable":true,"href":"https:\/\/katolicka-gimnazija.hr\/index.php\/wp-json\/wp\/v2\/categories?post=1987"},{"taxonomy":"post_tag","embeddable":true,"href":"https:\/\/katolicka-gimnazija.hr\/index.php\/wp-json\/wp\/v2\/tags?post=1987"}],"curies":[{"name":"wp","href":"https:\/\/api.w.org\/{rel}","templated":true}]}}