{"id":20095,"date":"2020-09-29T09:26:00","date_gmt":"2020-09-29T09:26:00","guid":{"rendered":"http:\/\/katolicka-gimnazija.hr\/?p=20095"},"modified":"2020-09-29T09:26:33","modified_gmt":"2020-09-29T09:26:33","slug":"zupanijsko-natejcanje-iz-likovne-umjetnosti-2020","status":"publish","type":"post","link":"https:\/\/katolicka-gimnazija.hr\/index.php\/2020\/09\/29\/zupanijsko-natejcanje-iz-likovne-umjetnosti-2020\/","title":{"rendered":"\u017dupanijsko natejcanje iz Likovne umjetnosti 2020."},"content":{"rendered":"<p>Na naknadno odr\u017eanom \u017eupanijskom natjecanju iz predmeta Likovna umjetnost Karlo Bleiziffer, u\u010denik 4.a razreda na\u0161e \u0161kole, ove je godine zauzeo tre\u0107e mjesto. Na istom natjecanju predstavljeni su i radovi Helene Kesi\u0107 (4.b) i biv\u0161eg maturanta Ivana Caha.<\/p>\n<p>Radove ovogodi\u0161njih natjecatelja mo\u017eete pogledati u virtualnoj izlo\u017ebi na sljede\u0107oj poveznici.<\/p>\n<p><a href=\"https:\/\/padlet.com\/nikolinazanetti\/gs2o29p4vhg654y3\">Virtualna izlo\u017eba radova \u017dNLIK 2020.<\/a><\/p>\n","protected":false},"excerpt":{"rendered":"<p>Na naknadno odr\u017eanom \u017eupanijskom natjecanju iz predmeta Likovna umjetnost Karlo Bleiziffer, u\u010denik 4.a razreda na\u0161e \u0161kole, ove je godine zauzeo tre\u0107e mjesto. Na istom natjecanju predstavljeni su i radovi Helene Kesi\u0107 (4.b) i biv\u0161eg maturanta Ivana Caha. Radove ovogodi\u0161njih natjecatelja mo\u017eete pogledati u virtualnoj izlo\u017ebi na sljede\u0107oj poveznici. Virtualna izlo\u017eba radova \u017dNLIK 2020.<\/p>\n","protected":false},"author":2,"featured_media":20097,"comment_status":"closed","ping_status":"closed","sticky":false,"template":"","format":"standard","meta":{"footnotes":""},"categories":[2],"tags":[],"class_list":["post-20095","post","type-post","status-publish","format-standard","has-post-thumbnail","hentry","category-vijesti"],"_links":{"self":[{"href":"https:\/\/katolicka-gimnazija.hr\/index.php\/wp-json\/wp\/v2\/posts\/20095","targetHints":{"allow":["GET"]}}],"collection":[{"href":"https:\/\/katolicka-gimnazija.hr\/index.php\/wp-json\/wp\/v2\/posts"}],"about":[{"href":"https:\/\/katolicka-gimnazija.hr\/index.php\/wp-json\/wp\/v2\/types\/post"}],"author":[{"embeddable":true,"href":"https:\/\/katolicka-gimnazija.hr\/index.php\/wp-json\/wp\/v2\/users\/2"}],"replies":[{"embeddable":true,"href":"https:\/\/katolicka-gimnazija.hr\/index.php\/wp-json\/wp\/v2\/comments?post=20095"}],"version-history":[{"count":2,"href":"https:\/\/katolicka-gimnazija.hr\/index.php\/wp-json\/wp\/v2\/posts\/20095\/revisions"}],"predecessor-version":[{"id":20099,"href":"https:\/\/katolicka-gimnazija.hr\/index.php\/wp-json\/wp\/v2\/posts\/20095\/revisions\/20099"}],"wp:featuredmedia":[{"embeddable":true,"href":"https:\/\/katolicka-gimnazija.hr\/index.php\/wp-json\/wp\/v2\/media\/20097"}],"wp:attachment":[{"href":"https:\/\/katolicka-gimnazija.hr\/index.php\/wp-json\/wp\/v2\/media?parent=20095"}],"wp:term":[{"taxonomy":"category","embeddable":true,"href":"https:\/\/katolicka-gimnazija.hr\/index.php\/wp-json\/wp\/v2\/categories?post=20095"},{"taxonomy":"post_tag","embeddable":true,"href":"https:\/\/katolicka-gimnazija.hr\/index.php\/wp-json\/wp\/v2\/tags?post=20095"}],"curies":[{"name":"wp","href":"https:\/\/api.w.org\/{rel}","templated":true}]}}