{"id":20102,"date":"2020-09-30T16:02:02","date_gmt":"2020-09-30T16:02:02","guid":{"rendered":"http:\/\/katolicka-gimnazija.hr\/?p=20102"},"modified":"2020-09-30T16:09:47","modified_gmt":"2020-09-30T16:09:47","slug":"proglasenje-pobjednika-medurazrednih-natjecanja-sk-god-2019-2020","status":"publish","type":"post","link":"https:\/\/katolicka-gimnazija.hr\/index.php\/2020\/09\/30\/proglasenje-pobjednika-medurazrednih-natjecanja-sk-god-2019-2020\/","title":{"rendered":"Progla\u0161enje pobjednika me\u0111urazrednih natjecanja (\u0161k. god. 2019.\/2020.)"},"content":{"rendered":"<p><a href=\"http:\/\/katolicka-gimnazija.hr\/wp-content\/uploads\/2020\/09\/15.jpg\"><img loading=\"lazy\" decoding=\"async\" class=\"alignleft size-medium wp-image-20103\" src=\"http:\/\/katolicka-gimnazija.hr\/wp-content\/uploads\/2020\/09\/15-300x200.jpg\" alt=\"\" width=\"300\" height=\"200\" srcset=\"https:\/\/katolicka-gimnazija.hr\/wp-content\/uploads\/2020\/09\/15-300x200.jpg 300w, https:\/\/katolicka-gimnazija.hr\/wp-content\/uploads\/2020\/09\/15-1024x683.jpg 1024w, https:\/\/katolicka-gimnazija.hr\/wp-content\/uploads\/2020\/09\/15-768x512.jpg 768w, https:\/\/katolicka-gimnazija.hr\/wp-content\/uploads\/2020\/09\/15-1536x1024.jpg 1536w, https:\/\/katolicka-gimnazija.hr\/wp-content\/uploads\/2020\/09\/15-400x267.jpg 400w, https:\/\/katolicka-gimnazija.hr\/wp-content\/uploads\/2020\/09\/15.jpg 2016w\" sizes=\"auto, (max-width: 300px) 100vw, 300px\" \/><\/a>Jedna od brojnih izvannastavnih aktivnosti u\u010denika Katoli\u010dke gimnazije s pravom javnosti u Po\u017eegi jesu me\u0111urazredna mjese\u010dna natjecanja u raznim podru\u010djima. Tijekom pro\u0161le \u0161kolske godine (2019.\/2020.) ovakva su se natjecanja redovito provodila sve do po\u010detka drugog polugodi\u0161ta, kada je do\u0161lo do pandemije koronavirusa, zbog \u010dega su natjecanja bila prekinuta. U ovoj novoj \u0161kolskoj godini u\u010denici su se vratili u svoje klupe, a u \u0161koli su progla\u0161eni pobjednici spomenutih mjese\u010dnih natjecanja.<\/p>\n<p>&nbsp;<\/p>\n<p>&nbsp;<\/p>\n<p>U minuloj \u0161kolskoj godini provedeno je pet mjese\u010dnih natjecanja u sljede\u0107im podru\u010djima:<\/p>\n<ol>\n<li>Kviz znanja prigodom Dana \u0161kole (15. listopada 2019.)<\/li>\n<li>Penjanje na \u0161kolsku umjetnu stijenu (22. listopada 2019.)<\/li>\n<li>Humanitarna akcija \u201ePlasti\u010dnim \u010depovima do skupih lijekova (1.-30. studenog 2019.)<\/li>\n<li>Prisutnost u\u010denika na Ve\u010deri matematike (4. prosinca 2019. godine)<\/li>\n<li>Maskiranje u prigodi ma\u0161kara (25. velja\u010de 2020.)<\/li>\n<\/ol>\n<p><a href=\"http:\/\/katolicka-gimnazija.hr\/wp-content\/uploads\/2020\/09\/2-1.jpg\"><img loading=\"lazy\" decoding=\"async\" class=\"size-medium wp-image-20111 alignright\" src=\"http:\/\/katolicka-gimnazija.hr\/wp-content\/uploads\/2020\/09\/2-1-300x200.jpg\" alt=\"\" width=\"300\" height=\"200\" srcset=\"https:\/\/katolicka-gimnazija.hr\/wp-content\/uploads\/2020\/09\/2-1-300x200.jpg 300w, https:\/\/katolicka-gimnazija.hr\/wp-content\/uploads\/2020\/09\/2-1-1024x683.jpg 1024w, https:\/\/katolicka-gimnazija.hr\/wp-content\/uploads\/2020\/09\/2-1-768x512.jpg 768w, https:\/\/katolicka-gimnazija.hr\/wp-content\/uploads\/2020\/09\/2-1-400x267.jpg 400w, https:\/\/katolicka-gimnazija.hr\/wp-content\/uploads\/2020\/09\/2-1.jpg 1500w\" sizes=\"auto, (max-width: 300px) 100vw, 300px\" \/><\/a><\/p>\n<p>&nbsp;<\/p>\n<p>Pobjednici pro\u0161logodi\u0161njih mjese\u010dnih razrednih natjecanja su u\u010denici tada\u0161njeg 3.b razreda, a ovogodi\u0161nji maturanti 4.b razreda, na \u010delu s njihovom razrednicom prof. Ivanom Zovko. O tome koliko je konkurencija bila velika svjedo\u010di i kona\u010dni zbroj bodova prema kojem su pobjednici imali 1 bod vi\u0161e od ovogodi\u0161njeg 3.b razreda. Od srca \u010destitamo pobjednicima maturantima. Viribus unitis, sic itur ad astra! Udru\u017eenim snagama, tako se ide do zvijezda!<\/p>\n<div id='gallery-1' class='gallery galleryid-20102 gallery-columns-3 gallery-size-thumbnail'><figure class='gallery-item'>\n\t\t\t<div class='gallery-icon landscape'>\n\t\t\t\t<a href='https:\/\/katolicka-gimnazija.hr\/index.php\/2020\/09\/30\/proglasenje-pobjednika-medurazrednih-natjecanja-sk-god-2019-2020\/ukupan-poredak-nakon-maskara\/'><img loading=\"lazy\" decoding=\"async\" width=\"150\" height=\"150\" src=\"https:\/\/katolicka-gimnazija.hr\/wp-content\/uploads\/2020\/09\/Ukupan-poredak-nakon-ma\u0161kara-150x150.jpg\" class=\"attachment-thumbnail size-thumbnail\" alt=\"\" \/><\/a>\n\t\t\t<\/div><\/figure><figure class='gallery-item'>\n\t\t\t<div class='gallery-icon landscape'>\n\t\t\t\t<a href='https:\/\/katolicka-gimnazija.hr\/index.php\/2020\/09\/30\/proglasenje-pobjednika-medurazrednih-natjecanja-sk-god-2019-2020\/3-16\/'><img loading=\"lazy\" decoding=\"async\" width=\"150\" height=\"150\" src=\"https:\/\/katolicka-gimnazija.hr\/wp-content\/uploads\/2020\/09\/3-150x150.jpg\" class=\"attachment-thumbnail size-thumbnail\" alt=\"\" \/><\/a>\n\t\t\t<\/div><\/figure><figure class='gallery-item'>\n\t\t\t<div class='gallery-icon landscape'>\n\t\t\t\t<a href='https:\/\/katolicka-gimnazija.hr\/index.php\/2020\/09\/30\/proglasenje-pobjednika-medurazrednih-natjecanja-sk-god-2019-2020\/4-12\/'><img loading=\"lazy\" decoding=\"async\" width=\"150\" height=\"150\" src=\"https:\/\/katolicka-gimnazija.hr\/wp-content\/uploads\/2020\/09\/4-150x150.jpg\" class=\"attachment-thumbnail size-thumbnail\" alt=\"\" \/><\/a>\n\t\t\t<\/div><\/figure><figure class='gallery-item'>\n\t\t\t<div class='gallery-icon landscape'>\n\t\t\t\t<a href='https:\/\/katolicka-gimnazija.hr\/index.php\/2020\/09\/30\/proglasenje-pobjednika-medurazrednih-natjecanja-sk-god-2019-2020\/5-14\/'><img loading=\"lazy\" decoding=\"async\" width=\"150\" height=\"150\" src=\"https:\/\/katolicka-gimnazija.hr\/wp-content\/uploads\/2020\/09\/5-150x150.jpg\" class=\"attachment-thumbnail size-thumbnail\" alt=\"\" \/><\/a>\n\t\t\t<\/div><\/figure><figure class='gallery-item'>\n\t\t\t<div class='gallery-icon landscape'>\n\t\t\t\t<a href='https:\/\/katolicka-gimnazija.hr\/index.php\/2020\/09\/30\/proglasenje-pobjednika-medurazrednih-natjecanja-sk-god-2019-2020\/6-10\/'><img loading=\"lazy\" decoding=\"async\" width=\"150\" height=\"150\" src=\"https:\/\/katolicka-gimnazija.hr\/wp-content\/uploads\/2020\/09\/6-150x150.jpg\" class=\"attachment-thumbnail size-thumbnail\" alt=\"\" \/><\/a>\n\t\t\t<\/div><\/figure><figure class='gallery-item'>\n\t\t\t<div class='gallery-icon landscape'>\n\t\t\t\t<a href='https:\/\/katolicka-gimnazija.hr\/index.php\/2020\/09\/30\/proglasenje-pobjednika-medurazrednih-natjecanja-sk-god-2019-2020\/7-11\/'><img loading=\"lazy\" decoding=\"async\" width=\"150\" height=\"150\" src=\"https:\/\/katolicka-gimnazija.hr\/wp-content\/uploads\/2020\/09\/7-150x150.jpg\" class=\"attachment-thumbnail size-thumbnail\" alt=\"\" \/><\/a>\n\t\t\t<\/div><\/figure><figure class='gallery-item'>\n\t\t\t<div class='gallery-icon portrait'>\n\t\t\t\t<a href='https:\/\/katolicka-gimnazija.hr\/index.php\/2020\/09\/30\/proglasenje-pobjednika-medurazrednih-natjecanja-sk-god-2019-2020\/8-10\/'><img loading=\"lazy\" decoding=\"async\" width=\"150\" height=\"150\" src=\"https:\/\/katolicka-gimnazija.hr\/wp-content\/uploads\/2020\/09\/8-150x150.jpg\" class=\"attachment-thumbnail size-thumbnail\" alt=\"\" \/><\/a>\n\t\t\t<\/div><\/figure><figure class='gallery-item'>\n\t\t\t<div class='gallery-icon landscape'>\n\t\t\t\t<a href='https:\/\/katolicka-gimnazija.hr\/index.php\/2020\/09\/30\/proglasenje-pobjednika-medurazrednih-natjecanja-sk-god-2019-2020\/9-7\/'><img loading=\"lazy\" decoding=\"async\" width=\"150\" height=\"150\" src=\"https:\/\/katolicka-gimnazija.hr\/wp-content\/uploads\/2020\/09\/9-150x150.jpg\" class=\"attachment-thumbnail size-thumbnail\" alt=\"\" \/><\/a>\n\t\t\t<\/div><\/figure><figure class='gallery-item'>\n\t\t\t<div class='gallery-icon portrait'>\n\t\t\t\t<a href='https:\/\/katolicka-gimnazija.hr\/index.php\/2020\/09\/30\/proglasenje-pobjednika-medurazrednih-natjecanja-sk-god-2019-2020\/10-8\/'><img loading=\"lazy\" decoding=\"async\" width=\"150\" height=\"150\" src=\"https:\/\/katolicka-gimnazija.hr\/wp-content\/uploads\/2020\/09\/10-150x150.jpg\" class=\"attachment-thumbnail size-thumbnail\" alt=\"\" \/><\/a>\n\t\t\t<\/div><\/figure><figure class='gallery-item'>\n\t\t\t<div class='gallery-icon landscape'>\n\t\t\t\t<a href='https:\/\/katolicka-gimnazija.hr\/index.php\/2020\/09\/30\/proglasenje-pobjednika-medurazrednih-natjecanja-sk-god-2019-2020\/11-13\/'><img loading=\"lazy\" decoding=\"async\" width=\"150\" height=\"150\" src=\"https:\/\/katolicka-gimnazija.hr\/wp-content\/uploads\/2020\/09\/11-150x150.jpg\" class=\"attachment-thumbnail size-thumbnail\" alt=\"\" \/><\/a>\n\t\t\t<\/div><\/figure><figure class='gallery-item'>\n\t\t\t<div class='gallery-icon landscape'>\n\t\t\t\t<a href='https:\/\/katolicka-gimnazija.hr\/index.php\/2020\/09\/30\/proglasenje-pobjednika-medurazrednih-natjecanja-sk-god-2019-2020\/12-10\/'><img loading=\"lazy\" decoding=\"async\" width=\"150\" height=\"150\" src=\"https:\/\/katolicka-gimnazija.hr\/wp-content\/uploads\/2020\/09\/12-150x150.jpg\" class=\"attachment-thumbnail size-thumbnail\" alt=\"\" \/><\/a>\n\t\t\t<\/div><\/figure><figure class='gallery-item'>\n\t\t\t<div class='gallery-icon landscape'>\n\t\t\t\t<a href='https:\/\/katolicka-gimnazija.hr\/index.php\/2020\/09\/30\/proglasenje-pobjednika-medurazrednih-natjecanja-sk-god-2019-2020\/13-10\/'><img loading=\"lazy\" decoding=\"async\" width=\"150\" height=\"150\" src=\"https:\/\/katolicka-gimnazija.hr\/wp-content\/uploads\/2020\/09\/13-150x150.jpg\" class=\"attachment-thumbnail size-thumbnail\" alt=\"\" \/><\/a>\n\t\t\t<\/div><\/figure><figure class='gallery-item'>\n\t\t\t<div class='gallery-icon landscape'>\n\t\t\t\t<a href='https:\/\/katolicka-gimnazija.hr\/index.php\/2020\/09\/30\/proglasenje-pobjednika-medurazrednih-natjecanja-sk-god-2019-2020\/14-8\/'><img loading=\"lazy\" decoding=\"async\" width=\"150\" height=\"150\" src=\"https:\/\/katolicka-gimnazija.hr\/wp-content\/uploads\/2020\/09\/14-150x150.jpg\" class=\"attachment-thumbnail size-thumbnail\" alt=\"\" \/><\/a>\n\t\t\t<\/div><\/figure><figure class='gallery-item'>\n\t\t\t<div class='gallery-icon landscape'>\n\t\t\t\t<a href='https:\/\/katolicka-gimnazija.hr\/index.php\/2020\/09\/30\/proglasenje-pobjednika-medurazrednih-natjecanja-sk-god-2019-2020\/16-6\/'><img loading=\"lazy\" decoding=\"async\" width=\"150\" height=\"150\" src=\"https:\/\/katolicka-gimnazija.hr\/wp-content\/uploads\/2020\/09\/16-150x150.jpg\" class=\"attachment-thumbnail size-thumbnail\" alt=\"\" \/><\/a>\n\t\t\t<\/div><\/figure><figure class='gallery-item'>\n\t\t\t<div class='gallery-icon landscape'>\n\t\t\t\t<a href='https:\/\/katolicka-gimnazija.hr\/index.php\/2020\/09\/30\/proglasenje-pobjednika-medurazrednih-natjecanja-sk-god-2019-2020\/17-6\/'><img loading=\"lazy\" decoding=\"async\" width=\"150\" height=\"150\" src=\"https:\/\/katolicka-gimnazija.hr\/wp-content\/uploads\/2020\/09\/17-150x150.jpg\" class=\"attachment-thumbnail size-thumbnail\" alt=\"\" \/><\/a>\n\t\t\t<\/div><\/figure><figure class='gallery-item'>\n\t\t\t<div class='gallery-icon landscape'>\n\t\t\t\t<a href='https:\/\/katolicka-gimnazija.hr\/index.php\/2020\/09\/30\/proglasenje-pobjednika-medurazrednih-natjecanja-sk-god-2019-2020\/18-6\/'><img loading=\"lazy\" decoding=\"async\" width=\"150\" height=\"150\" src=\"https:\/\/katolicka-gimnazija.hr\/wp-content\/uploads\/2020\/09\/18-150x150.jpg\" class=\"attachment-thumbnail size-thumbnail\" alt=\"\" \/><\/a>\n\t\t\t<\/div><\/figure>\n\t\t<\/div>\n\n","protected":false},"excerpt":{"rendered":"<p>Jedna od brojnih izvannastavnih aktivnosti u\u010denika Katoli\u010dke gimnazije s pravom javnosti u Po\u017eegi jesu me\u0111urazredna mjese\u010dna natjecanja u raznim podru\u010djima. Tijekom pro\u0161le \u0161kolske godine (2019.\/2020.) ovakva su se natjecanja redovito provodila sve do po\u010detka drugog polugodi\u0161ta, kada je do\u0161lo do pandemije koronavirusa, zbog \u010dega su natjecanja bila prekinuta. U ovoj novoj \u0161kolskoj godini u\u010denici su [&hellip;]<\/p>\n","protected":false},"author":77,"featured_media":20113,"comment_status":"closed","ping_status":"closed","sticky":false,"template":"","format":"standard","meta":{"footnotes":""},"categories":[2],"tags":[],"class_list":["post-20102","post","type-post","status-publish","format-standard","has-post-thumbnail","hentry","category-vijesti"],"_links":{"self":[{"href":"https:\/\/katolicka-gimnazija.hr\/index.php\/wp-json\/wp\/v2\/posts\/20102","targetHints":{"allow":["GET"]}}],"collection":[{"href":"https:\/\/katolicka-gimnazija.hr\/index.php\/wp-json\/wp\/v2\/posts"}],"about":[{"href":"https:\/\/katolicka-gimnazija.hr\/index.php\/wp-json\/wp\/v2\/types\/post"}],"author":[{"embeddable":true,"href":"https:\/\/katolicka-gimnazija.hr\/index.php\/wp-json\/wp\/v2\/users\/77"}],"replies":[{"embeddable":true,"href":"https:\/\/katolicka-gimnazija.hr\/index.php\/wp-json\/wp\/v2\/comments?post=20102"}],"version-history":[{"count":9,"href":"https:\/\/katolicka-gimnazija.hr\/index.php\/wp-json\/wp\/v2\/posts\/20102\/revisions"}],"predecessor-version":[{"id":20131,"href":"https:\/\/katolicka-gimnazija.hr\/index.php\/wp-json\/wp\/v2\/posts\/20102\/revisions\/20131"}],"wp:featuredmedia":[{"embeddable":true,"href":"https:\/\/katolicka-gimnazija.hr\/index.php\/wp-json\/wp\/v2\/media\/20113"}],"wp:attachment":[{"href":"https:\/\/katolicka-gimnazija.hr\/index.php\/wp-json\/wp\/v2\/media?parent=20102"}],"wp:term":[{"taxonomy":"category","embeddable":true,"href":"https:\/\/katolicka-gimnazija.hr\/index.php\/wp-json\/wp\/v2\/categories?post=20102"},{"taxonomy":"post_tag","embeddable":true,"href":"https:\/\/katolicka-gimnazija.hr\/index.php\/wp-json\/wp\/v2\/tags?post=20102"}],"curies":[{"name":"wp","href":"https:\/\/api.w.org\/{rel}","templated":true}]}}