{"id":20438,"date":"2020-10-29T17:17:24","date_gmt":"2020-10-29T17:17:24","guid":{"rendered":"http:\/\/katolicka-gimnazija.hr\/?p=20438"},"modified":"2020-11-02T07:11:32","modified_gmt":"2020-11-02T07:11:32","slug":"hsss-prepoznao-vrijednost-sportskih-aktivnosti-nase-mlade-skole","status":"publish","type":"post","link":"https:\/\/katolicka-gimnazija.hr\/index.php\/2020\/10\/29\/hsss-prepoznao-vrijednost-sportskih-aktivnosti-nase-mlade-skole\/","title":{"rendered":"H\u0160SS prepoznao vrijednost sportskih aktivnosti na\u0161e mlade \u0161kole"},"content":{"rendered":"<p>Danas, 29. listopada, na\u0161u \u0161kolu, Katoli\u010dku gimnaziju, posjetila je novinarska ekipa Hrvatskog \u0161kolskog sportskog saveza iz Zagreba i predsjednik \u017dupanijskog sportskog saveza Po\u017ee\u0161ko-slavonske \u017eupanije Albinko Bagari\u0107. Goste su u ime \u0161kole do\u010dekali ravnatelj prof. Ivan Bedeni\u010di\u0107 i profesor tjelesne i zdravstvene kulture, voditelj svih sportskih reprezentacija i organizator sportskih manifestacija, Mario Ragu\u017e.<\/p>\n<p>Na\u0161a \u0160kola, unato\u010d malom broju u\u010denika, uklju\u010dena je u puno sportskih sadr\u017eaja\u00a0koje nastojimo ostvariti kvalitetno i <a href=\"http:\/\/katolicka-gimnazija.hr\/wp-content\/uploads\/2020\/10\/DSC_6359.jpg\"><img loading=\"lazy\" decoding=\"async\" class=\"alignleft size-medium wp-image-20434\" src=\"http:\/\/katolicka-gimnazija.hr\/wp-content\/uploads\/2020\/10\/DSC_6359-300x200.jpg\" alt=\"\" width=\"300\" height=\"200\" srcset=\"https:\/\/katolicka-gimnazija.hr\/wp-content\/uploads\/2020\/10\/DSC_6359-300x200.jpg 300w, https:\/\/katolicka-gimnazija.hr\/wp-content\/uploads\/2020\/10\/DSC_6359-1024x683.jpg 1024w, https:\/\/katolicka-gimnazija.hr\/wp-content\/uploads\/2020\/10\/DSC_6359-768x512.jpg 768w, https:\/\/katolicka-gimnazija.hr\/wp-content\/uploads\/2020\/10\/DSC_6359-1536x1024.jpg 1536w, https:\/\/katolicka-gimnazija.hr\/wp-content\/uploads\/2020\/10\/DSC_6359-2048x1365.jpg 2048w, https:\/\/katolicka-gimnazija.hr\/wp-content\/uploads\/2020\/10\/DSC_6359-400x267.jpg 400w\" sizes=\"auto, (max-width: 300px) 100vw, 300px\" \/><\/a>profesionalno. Upravo je to bila motivacija da predstavnici H\u0160SS-a odlu\u010de napraviti reporta\u017eu o nama razini na\u0161e \u017eupanije. Razna sportska natjecanja i sportske manifestacije, planinarenje \u0160kolskog planinarskog dru\u0161tva \u201ePegaza\u201c, penjanje na umjetnu stijenu te ostale sportske izvannastavne aktivnosti sastavni su dio sportskog \u017eivota na\u0161e \u0160kole te na taj na\u010din omogu\u0107avamo svakom u\u010deniku koji to \u017eeli izgradnju samoga sebe kroz razvijanje motori\u010dkih sposobnosti, usavr\u0161avanju kondicije i sl .<br \/>\nPredsjednik \u017dupanijskog sportskog saveza i profesor u Osnovnoj \u0161koli Dragutina Lermana u Brestovcu, Albinko Bagari\u0107, objasnio je kako funkcioniraju natjecanja u na\u0161oj \u017eupaniji. Posebno je istaknuo da se godi\u0161nje provodi deset natjecanja u obje kategorije, odnosno me\u0111u dje\u010dacima i djevoj\u010dicama.<\/p>\n<p>Ravnatelj Bedeni\u010di\u0107 istaknuo je kako u njegovoj mladosti nije bilo puno izbora kao danas, ali i da se puno radilo. Kao gimnazijalac, podijelio je s prisutnima, i\u0161ao mu je jako dobro stolni tenis te su puno tr\u010dali. Spomenuo je stare Grke te rekao kako su oni osobito brinuli o svome tijelu korz odgojni poznat pod pojmom kalokagatija, \u0161to je podrazumijevalo harmoniju lijepog i dobrog, jedinstvo tjelesnog i duhovnog odgoja. Tako\u0111er, kao kr\u0161\u0107anin smatra da je tijelo hram Duha Svetoga i da je jedan od najboljih na\u010dina za odr\u017eavanje svoga tijelo zdravim upravo treniranje i bavljenje sportom.<br \/>\n<a href=\"http:\/\/katolicka-gimnazija.hr\/wp-content\/uploads\/2020\/10\/DSC_6363.jpg\"><img loading=\"lazy\" decoding=\"async\" class=\"size-medium wp-image-20435 alignright\" src=\"http:\/\/katolicka-gimnazija.hr\/wp-content\/uploads\/2020\/10\/DSC_6363-300x200.jpg\" alt=\"\" width=\"300\" height=\"200\" srcset=\"https:\/\/katolicka-gimnazija.hr\/wp-content\/uploads\/2020\/10\/DSC_6363-300x200.jpg 300w, https:\/\/katolicka-gimnazija.hr\/wp-content\/uploads\/2020\/10\/DSC_6363-1024x683.jpg 1024w, https:\/\/katolicka-gimnazija.hr\/wp-content\/uploads\/2020\/10\/DSC_6363-768x512.jpg 768w, https:\/\/katolicka-gimnazija.hr\/wp-content\/uploads\/2020\/10\/DSC_6363-1536x1024.jpg 1536w, https:\/\/katolicka-gimnazija.hr\/wp-content\/uploads\/2020\/10\/DSC_6363-2048x1365.jpg 2048w, https:\/\/katolicka-gimnazija.hr\/wp-content\/uploads\/2020\/10\/DSC_6363-400x267.jpg 400w\" sizes=\"auto, (max-width: 300px) 100vw, 300px\" \/><\/a><\/p>\n<p>Potom je za predstavnike H\u0160SS-a svoju izjavu dao jedan od najsvestranijih sporta\u0161a na\u0161e \u0161kole, maturant Karlo Antunovi\u0107, koji je ukratko objasnio koliko je sport va\u017ean, pogotovo u ovim danima pandemije koronavirusa kad su ljudi zatvoreni u ku\u0107ama. Rekao je da se sportom bavi od pete godine te da je ostvario puno uspjeha kako u nogometu tako i u atletici. Nakon kratkog razgovora pokazao nam je svoju nogometnu tehniku te je prezentirao nekoliko vje\u017ebi koje svatko od nas mo\u017ee napraviti kod ku\u0107e.<br \/>\nDoma\u0107in, prof. Ragu\u017e potom je gostima pokazao sportsku dvoranu ali i dragocjenu umjetnu stijenu, najve\u0107u u ovom dijelu Hrvatske, ali i istaknuo da su prava vrijednost na\u0161eg \u0161kolskog sporta zapravo brojni uspjesi na\u0161ih sporta\u0161a o \u010demu svjedo\u010de i pehari koji postavljeni u hodnicima \u0161kole.<\/p>\n<div id='gallery-1' class='gallery galleryid-20438 gallery-columns-3 gallery-size-medium'><figure class='gallery-item'>\n\t\t\t<div class='gallery-icon landscape'>\n\t\t\t\t<a href='https:\/\/katolicka-gimnazija.hr\/wp-content\/uploads\/2020\/10\/DSC_6342.jpg'><img loading=\"lazy\" decoding=\"async\" width=\"300\" height=\"200\" src=\"https:\/\/katolicka-gimnazija.hr\/wp-content\/uploads\/2020\/10\/DSC_6342-300x200.jpg\" class=\"attachment-medium size-medium\" alt=\"\" srcset=\"https:\/\/katolicka-gimnazija.hr\/wp-content\/uploads\/2020\/10\/DSC_6342-300x200.jpg 300w, https:\/\/katolicka-gimnazija.hr\/wp-content\/uploads\/2020\/10\/DSC_6342-1024x683.jpg 1024w, https:\/\/katolicka-gimnazija.hr\/wp-content\/uploads\/2020\/10\/DSC_6342-768x512.jpg 768w, https:\/\/katolicka-gimnazija.hr\/wp-content\/uploads\/2020\/10\/DSC_6342-1536x1024.jpg 1536w, https:\/\/katolicka-gimnazija.hr\/wp-content\/uploads\/2020\/10\/DSC_6342-2048x1365.jpg 2048w, https:\/\/katolicka-gimnazija.hr\/wp-content\/uploads\/2020\/10\/DSC_6342-400x267.jpg 400w\" sizes=\"auto, (max-width: 300px) 100vw, 300px\" \/><\/a>\n\t\t\t<\/div><\/figure><figure class='gallery-item'>\n\t\t\t<div class='gallery-icon landscape'>\n\t\t\t\t<a href='https:\/\/katolicka-gimnazija.hr\/wp-content\/uploads\/2020\/10\/DSC_6257.jpg'><img loading=\"lazy\" decoding=\"async\" width=\"300\" height=\"200\" src=\"https:\/\/katolicka-gimnazija.hr\/wp-content\/uploads\/2020\/10\/DSC_6257-300x200.jpg\" class=\"attachment-medium size-medium\" alt=\"\" srcset=\"https:\/\/katolicka-gimnazija.hr\/wp-content\/uploads\/2020\/10\/DSC_6257-300x200.jpg 300w, https:\/\/katolicka-gimnazija.hr\/wp-content\/uploads\/2020\/10\/DSC_6257-1024x683.jpg 1024w, https:\/\/katolicka-gimnazija.hr\/wp-content\/uploads\/2020\/10\/DSC_6257-768x512.jpg 768w, https:\/\/katolicka-gimnazija.hr\/wp-content\/uploads\/2020\/10\/DSC_6257-1536x1024.jpg 1536w, https:\/\/katolicka-gimnazija.hr\/wp-content\/uploads\/2020\/10\/DSC_6257-2048x1365.jpg 2048w, https:\/\/katolicka-gimnazija.hr\/wp-content\/uploads\/2020\/10\/DSC_6257-400x267.jpg 400w\" sizes=\"auto, (max-width: 300px) 100vw, 300px\" \/><\/a>\n\t\t\t<\/div><\/figure><figure class='gallery-item'>\n\t\t\t<div class='gallery-icon landscape'>\n\t\t\t\t<a href='https:\/\/katolicka-gimnazija.hr\/wp-content\/uploads\/2020\/10\/DSC_6266.jpg'><img loading=\"lazy\" decoding=\"async\" width=\"300\" height=\"200\" src=\"https:\/\/katolicka-gimnazija.hr\/wp-content\/uploads\/2020\/10\/DSC_6266-300x200.jpg\" class=\"attachment-medium size-medium\" alt=\"\" srcset=\"https:\/\/katolicka-gimnazija.hr\/wp-content\/uploads\/2020\/10\/DSC_6266-300x200.jpg 300w, https:\/\/katolicka-gimnazija.hr\/wp-content\/uploads\/2020\/10\/DSC_6266-1024x683.jpg 1024w, https:\/\/katolicka-gimnazija.hr\/wp-content\/uploads\/2020\/10\/DSC_6266-768x512.jpg 768w, https:\/\/katolicka-gimnazija.hr\/wp-content\/uploads\/2020\/10\/DSC_6266-1536x1024.jpg 1536w, https:\/\/katolicka-gimnazija.hr\/wp-content\/uploads\/2020\/10\/DSC_6266-2048x1365.jpg 2048w, https:\/\/katolicka-gimnazija.hr\/wp-content\/uploads\/2020\/10\/DSC_6266-400x267.jpg 400w\" sizes=\"auto, (max-width: 300px) 100vw, 300px\" \/><\/a>\n\t\t\t<\/div><\/figure><figure class='gallery-item'>\n\t\t\t<div class='gallery-icon landscape'>\n\t\t\t\t<a href='https:\/\/katolicka-gimnazija.hr\/wp-content\/uploads\/2020\/10\/DSC_6256.jpg'><img loading=\"lazy\" decoding=\"async\" width=\"300\" height=\"200\" src=\"https:\/\/katolicka-gimnazija.hr\/wp-content\/uploads\/2020\/10\/DSC_6256-300x200.jpg\" class=\"attachment-medium size-medium\" alt=\"\" srcset=\"https:\/\/katolicka-gimnazija.hr\/wp-content\/uploads\/2020\/10\/DSC_6256-300x200.jpg 300w, https:\/\/katolicka-gimnazija.hr\/wp-content\/uploads\/2020\/10\/DSC_6256-1024x683.jpg 1024w, https:\/\/katolicka-gimnazija.hr\/wp-content\/uploads\/2020\/10\/DSC_6256-768x512.jpg 768w, https:\/\/katolicka-gimnazija.hr\/wp-content\/uploads\/2020\/10\/DSC_6256-1536x1024.jpg 1536w, https:\/\/katolicka-gimnazija.hr\/wp-content\/uploads\/2020\/10\/DSC_6256-2048x1365.jpg 2048w, https:\/\/katolicka-gimnazija.hr\/wp-content\/uploads\/2020\/10\/DSC_6256-400x267.jpg 400w\" sizes=\"auto, (max-width: 300px) 100vw, 300px\" \/><\/a>\n\t\t\t<\/div><\/figure><figure class='gallery-item'>\n\t\t\t<div class='gallery-icon landscape'>\n\t\t\t\t<a href='https:\/\/katolicka-gimnazija.hr\/wp-content\/uploads\/2020\/10\/DSC_6262.jpg'><img loading=\"lazy\" decoding=\"async\" width=\"300\" height=\"200\" src=\"https:\/\/katolicka-gimnazija.hr\/wp-content\/uploads\/2020\/10\/DSC_6262-300x200.jpg\" class=\"attachment-medium size-medium\" alt=\"\" srcset=\"https:\/\/katolicka-gimnazija.hr\/wp-content\/uploads\/2020\/10\/DSC_6262-300x200.jpg 300w, https:\/\/katolicka-gimnazija.hr\/wp-content\/uploads\/2020\/10\/DSC_6262-1024x683.jpg 1024w, https:\/\/katolicka-gimnazija.hr\/wp-content\/uploads\/2020\/10\/DSC_6262-768x512.jpg 768w, https:\/\/katolicka-gimnazija.hr\/wp-content\/uploads\/2020\/10\/DSC_6262-1536x1024.jpg 1536w, https:\/\/katolicka-gimnazija.hr\/wp-content\/uploads\/2020\/10\/DSC_6262-2048x1365.jpg 2048w, https:\/\/katolicka-gimnazija.hr\/wp-content\/uploads\/2020\/10\/DSC_6262-400x267.jpg 400w\" sizes=\"auto, (max-width: 300px) 100vw, 300px\" \/><\/a>\n\t\t\t<\/div><\/figure><figure class='gallery-item'>\n\t\t\t<div class='gallery-icon landscape'>\n\t\t\t\t<a href='https:\/\/katolicka-gimnazija.hr\/wp-content\/uploads\/2020\/10\/DSC_6261.jpg'><img loading=\"lazy\" decoding=\"async\" width=\"300\" height=\"200\" src=\"https:\/\/katolicka-gimnazija.hr\/wp-content\/uploads\/2020\/10\/DSC_6261-300x200.jpg\" class=\"attachment-medium size-medium\" alt=\"\" srcset=\"https:\/\/katolicka-gimnazija.hr\/wp-content\/uploads\/2020\/10\/DSC_6261-300x200.jpg 300w, https:\/\/katolicka-gimnazija.hr\/wp-content\/uploads\/2020\/10\/DSC_6261-1024x683.jpg 1024w, https:\/\/katolicka-gimnazija.hr\/wp-content\/uploads\/2020\/10\/DSC_6261-768x512.jpg 768w, https:\/\/katolicka-gimnazija.hr\/wp-content\/uploads\/2020\/10\/DSC_6261-1536x1024.jpg 1536w, https:\/\/katolicka-gimnazija.hr\/wp-content\/uploads\/2020\/10\/DSC_6261-2048x1365.jpg 2048w, https:\/\/katolicka-gimnazija.hr\/wp-content\/uploads\/2020\/10\/DSC_6261-400x267.jpg 400w\" sizes=\"auto, (max-width: 300px) 100vw, 300px\" \/><\/a>\n\t\t\t<\/div><\/figure><figure class='gallery-item'>\n\t\t\t<div class='gallery-icon landscape'>\n\t\t\t\t<a href='https:\/\/katolicka-gimnazija.hr\/wp-content\/uploads\/2020\/10\/DSC_6263.jpg'><img loading=\"lazy\" decoding=\"async\" width=\"300\" height=\"200\" src=\"https:\/\/katolicka-gimnazija.hr\/wp-content\/uploads\/2020\/10\/DSC_6263-300x200.jpg\" class=\"attachment-medium size-medium\" alt=\"\" srcset=\"https:\/\/katolicka-gimnazija.hr\/wp-content\/uploads\/2020\/10\/DSC_6263-300x200.jpg 300w, https:\/\/katolicka-gimnazija.hr\/wp-content\/uploads\/2020\/10\/DSC_6263-1024x683.jpg 1024w, https:\/\/katolicka-gimnazija.hr\/wp-content\/uploads\/2020\/10\/DSC_6263-768x512.jpg 768w, https:\/\/katolicka-gimnazija.hr\/wp-content\/uploads\/2020\/10\/DSC_6263-1536x1024.jpg 1536w, https:\/\/katolicka-gimnazija.hr\/wp-content\/uploads\/2020\/10\/DSC_6263-2048x1365.jpg 2048w, https:\/\/katolicka-gimnazija.hr\/wp-content\/uploads\/2020\/10\/DSC_6263-400x267.jpg 400w\" sizes=\"auto, (max-width: 300px) 100vw, 300px\" \/><\/a>\n\t\t\t<\/div><\/figure><figure class='gallery-item'>\n\t\t\t<div class='gallery-icon landscape'>\n\t\t\t\t<a href='https:\/\/katolicka-gimnazija.hr\/wp-content\/uploads\/2020\/10\/DSC_6301.jpg'><img loading=\"lazy\" decoding=\"async\" width=\"300\" height=\"200\" src=\"https:\/\/katolicka-gimnazija.hr\/wp-content\/uploads\/2020\/10\/DSC_6301-300x200.jpg\" class=\"attachment-medium size-medium\" alt=\"\" srcset=\"https:\/\/katolicka-gimnazija.hr\/wp-content\/uploads\/2020\/10\/DSC_6301-300x200.jpg 300w, https:\/\/katolicka-gimnazija.hr\/wp-content\/uploads\/2020\/10\/DSC_6301-1024x683.jpg 1024w, https:\/\/katolicka-gimnazija.hr\/wp-content\/uploads\/2020\/10\/DSC_6301-768x512.jpg 768w, https:\/\/katolicka-gimnazija.hr\/wp-content\/uploads\/2020\/10\/DSC_6301-1536x1024.jpg 1536w, https:\/\/katolicka-gimnazija.hr\/wp-content\/uploads\/2020\/10\/DSC_6301-2048x1365.jpg 2048w, https:\/\/katolicka-gimnazija.hr\/wp-content\/uploads\/2020\/10\/DSC_6301-400x267.jpg 400w\" sizes=\"auto, (max-width: 300px) 100vw, 300px\" \/><\/a>\n\t\t\t<\/div><\/figure><figure class='gallery-item'>\n\t\t\t<div class='gallery-icon landscape'>\n\t\t\t\t<a href='https:\/\/katolicka-gimnazija.hr\/wp-content\/uploads\/2020\/10\/DSC_6363.jpg'><img loading=\"lazy\" decoding=\"async\" width=\"300\" height=\"200\" src=\"https:\/\/katolicka-gimnazija.hr\/wp-content\/uploads\/2020\/10\/DSC_6363-300x200.jpg\" class=\"attachment-medium size-medium\" alt=\"\" srcset=\"https:\/\/katolicka-gimnazija.hr\/wp-content\/uploads\/2020\/10\/DSC_6363-300x200.jpg 300w, https:\/\/katolicka-gimnazija.hr\/wp-content\/uploads\/2020\/10\/DSC_6363-1024x683.jpg 1024w, https:\/\/katolicka-gimnazija.hr\/wp-content\/uploads\/2020\/10\/DSC_6363-768x512.jpg 768w, https:\/\/katolicka-gimnazija.hr\/wp-content\/uploads\/2020\/10\/DSC_6363-1536x1024.jpg 1536w, https:\/\/katolicka-gimnazija.hr\/wp-content\/uploads\/2020\/10\/DSC_6363-2048x1365.jpg 2048w, https:\/\/katolicka-gimnazija.hr\/wp-content\/uploads\/2020\/10\/DSC_6363-400x267.jpg 400w\" sizes=\"auto, (max-width: 300px) 100vw, 300px\" \/><\/a>\n\t\t\t<\/div><\/figure><figure class='gallery-item'>\n\t\t\t<div class='gallery-icon landscape'>\n\t\t\t\t<a href='https:\/\/katolicka-gimnazija.hr\/wp-content\/uploads\/2020\/10\/DSC_6359.jpg'><img loading=\"lazy\" decoding=\"async\" width=\"300\" height=\"200\" src=\"https:\/\/katolicka-gimnazija.hr\/wp-content\/uploads\/2020\/10\/DSC_6359-300x200.jpg\" class=\"attachment-medium size-medium\" alt=\"\" srcset=\"https:\/\/katolicka-gimnazija.hr\/wp-content\/uploads\/2020\/10\/DSC_6359-300x200.jpg 300w, https:\/\/katolicka-gimnazija.hr\/wp-content\/uploads\/2020\/10\/DSC_6359-1024x683.jpg 1024w, https:\/\/katolicka-gimnazija.hr\/wp-content\/uploads\/2020\/10\/DSC_6359-768x512.jpg 768w, https:\/\/katolicka-gimnazija.hr\/wp-content\/uploads\/2020\/10\/DSC_6359-1536x1024.jpg 1536w, https:\/\/katolicka-gimnazija.hr\/wp-content\/uploads\/2020\/10\/DSC_6359-2048x1365.jpg 2048w, https:\/\/katolicka-gimnazija.hr\/wp-content\/uploads\/2020\/10\/DSC_6359-400x267.jpg 400w\" sizes=\"auto, (max-width: 300px) 100vw, 300px\" \/><\/a>\n\t\t\t<\/div><\/figure><figure class='gallery-item'>\n\t\t\t<div class='gallery-icon landscape'>\n\t\t\t\t<a href='https:\/\/katolicka-gimnazija.hr\/wp-content\/uploads\/2020\/10\/DSC_6277.jpg'><img loading=\"lazy\" decoding=\"async\" width=\"300\" height=\"200\" src=\"https:\/\/katolicka-gimnazija.hr\/wp-content\/uploads\/2020\/10\/DSC_6277-300x200.jpg\" class=\"attachment-medium size-medium\" alt=\"\" srcset=\"https:\/\/katolicka-gimnazija.hr\/wp-content\/uploads\/2020\/10\/DSC_6277-300x200.jpg 300w, https:\/\/katolicka-gimnazija.hr\/wp-content\/uploads\/2020\/10\/DSC_6277-1024x683.jpg 1024w, https:\/\/katolicka-gimnazija.hr\/wp-content\/uploads\/2020\/10\/DSC_6277-768x512.jpg 768w, https:\/\/katolicka-gimnazija.hr\/wp-content\/uploads\/2020\/10\/DSC_6277-1536x1024.jpg 1536w, https:\/\/katolicka-gimnazija.hr\/wp-content\/uploads\/2020\/10\/DSC_6277-2048x1365.jpg 2048w, https:\/\/katolicka-gimnazija.hr\/wp-content\/uploads\/2020\/10\/DSC_6277-400x267.jpg 400w\" sizes=\"auto, (max-width: 300px) 100vw, 300px\" \/><\/a>\n\t\t\t<\/div><\/figure><figure class='gallery-item'>\n\t\t\t<div class='gallery-icon landscape'>\n\t\t\t\t<a href='https:\/\/katolicka-gimnazija.hr\/wp-content\/uploads\/2020\/10\/DSC_6316.jpg'><img loading=\"lazy\" decoding=\"async\" width=\"300\" height=\"200\" src=\"https:\/\/katolicka-gimnazija.hr\/wp-content\/uploads\/2020\/10\/DSC_6316-300x200.jpg\" class=\"attachment-medium size-medium\" alt=\"\" srcset=\"https:\/\/katolicka-gimnazija.hr\/wp-content\/uploads\/2020\/10\/DSC_6316-300x200.jpg 300w, https:\/\/katolicka-gimnazija.hr\/wp-content\/uploads\/2020\/10\/DSC_6316-1024x683.jpg 1024w, https:\/\/katolicka-gimnazija.hr\/wp-content\/uploads\/2020\/10\/DSC_6316-768x512.jpg 768w, https:\/\/katolicka-gimnazija.hr\/wp-content\/uploads\/2020\/10\/DSC_6316-1536x1024.jpg 1536w, https:\/\/katolicka-gimnazija.hr\/wp-content\/uploads\/2020\/10\/DSC_6316-2048x1365.jpg 2048w, https:\/\/katolicka-gimnazija.hr\/wp-content\/uploads\/2020\/10\/DSC_6316-400x267.jpg 400w\" sizes=\"auto, (max-width: 300px) 100vw, 300px\" \/><\/a>\n\t\t\t<\/div><\/figure><figure class='gallery-item'>\n\t\t\t<div class='gallery-icon landscape'>\n\t\t\t\t<a href='https:\/\/katolicka-gimnazija.hr\/wp-content\/uploads\/2020\/10\/DSC_6366.jpg'><img loading=\"lazy\" decoding=\"async\" width=\"300\" height=\"200\" src=\"https:\/\/katolicka-gimnazija.hr\/wp-content\/uploads\/2020\/10\/DSC_6366-300x200.jpg\" class=\"attachment-medium size-medium\" alt=\"\" srcset=\"https:\/\/katolicka-gimnazija.hr\/wp-content\/uploads\/2020\/10\/DSC_6366-300x200.jpg 300w, https:\/\/katolicka-gimnazija.hr\/wp-content\/uploads\/2020\/10\/DSC_6366-1024x683.jpg 1024w, https:\/\/katolicka-gimnazija.hr\/wp-content\/uploads\/2020\/10\/DSC_6366-768x512.jpg 768w, https:\/\/katolicka-gimnazija.hr\/wp-content\/uploads\/2020\/10\/DSC_6366-1536x1024.jpg 1536w, https:\/\/katolicka-gimnazija.hr\/wp-content\/uploads\/2020\/10\/DSC_6366-2048x1365.jpg 2048w, https:\/\/katolicka-gimnazija.hr\/wp-content\/uploads\/2020\/10\/DSC_6366-400x267.jpg 400w\" sizes=\"auto, (max-width: 300px) 100vw, 300px\" \/><\/a>\n\t\t\t<\/div><\/figure><figure class='gallery-item'>\n\t\t\t<div class='gallery-icon landscape'>\n\t\t\t\t<a href='https:\/\/katolicka-gimnazija.hr\/wp-content\/uploads\/2020\/10\/DSC_6286.jpg'><img loading=\"lazy\" decoding=\"async\" width=\"300\" height=\"200\" src=\"https:\/\/katolicka-gimnazija.hr\/wp-content\/uploads\/2020\/10\/DSC_6286-300x200.jpg\" class=\"attachment-medium size-medium\" alt=\"\" srcset=\"https:\/\/katolicka-gimnazija.hr\/wp-content\/uploads\/2020\/10\/DSC_6286-300x200.jpg 300w, https:\/\/katolicka-gimnazija.hr\/wp-content\/uploads\/2020\/10\/DSC_6286-1024x683.jpg 1024w, https:\/\/katolicka-gimnazija.hr\/wp-content\/uploads\/2020\/10\/DSC_6286-768x512.jpg 768w, https:\/\/katolicka-gimnazija.hr\/wp-content\/uploads\/2020\/10\/DSC_6286-1536x1024.jpg 1536w, https:\/\/katolicka-gimnazija.hr\/wp-content\/uploads\/2020\/10\/DSC_6286-2048x1365.jpg 2048w, https:\/\/katolicka-gimnazija.hr\/wp-content\/uploads\/2020\/10\/DSC_6286-400x267.jpg 400w\" sizes=\"auto, (max-width: 300px) 100vw, 300px\" \/><\/a>\n\t\t\t<\/div><\/figure><figure class='gallery-item'>\n\t\t\t<div class='gallery-icon landscape'>\n\t\t\t\t<a href='https:\/\/katolicka-gimnazija.hr\/wp-content\/uploads\/2020\/10\/DSC_6253.jpg'><img loading=\"lazy\" decoding=\"async\" width=\"300\" height=\"200\" src=\"https:\/\/katolicka-gimnazija.hr\/wp-content\/uploads\/2020\/10\/DSC_6253-300x200.jpg\" class=\"attachment-medium size-medium\" alt=\"\" srcset=\"https:\/\/katolicka-gimnazija.hr\/wp-content\/uploads\/2020\/10\/DSC_6253-300x200.jpg 300w, https:\/\/katolicka-gimnazija.hr\/wp-content\/uploads\/2020\/10\/DSC_6253-1024x683.jpg 1024w, https:\/\/katolicka-gimnazija.hr\/wp-content\/uploads\/2020\/10\/DSC_6253-768x512.jpg 768w, https:\/\/katolicka-gimnazija.hr\/wp-content\/uploads\/2020\/10\/DSC_6253-1536x1024.jpg 1536w, https:\/\/katolicka-gimnazija.hr\/wp-content\/uploads\/2020\/10\/DSC_6253-2048x1365.jpg 2048w, https:\/\/katolicka-gimnazija.hr\/wp-content\/uploads\/2020\/10\/DSC_6253-400x267.jpg 400w\" sizes=\"auto, (max-width: 300px) 100vw, 300px\" \/><\/a>\n\t\t\t<\/div><\/figure>\n\t\t<\/div>\n\n","protected":false},"excerpt":{"rendered":"<p>Danas, 29. listopada, na\u0161u \u0161kolu, Katoli\u010dku gimnaziju, posjetila je novinarska ekipa Hrvatskog \u0161kolskog sportskog saveza iz Zagreba i predsjednik \u017dupanijskog sportskog saveza Po\u017ee\u0161ko-slavonske \u017eupanije Albinko Bagari\u0107. Goste su u ime \u0161kole do\u010dekali ravnatelj prof. Ivan Bedeni\u010di\u0107 i profesor tjelesne i zdravstvene kulture, voditelj svih sportskih reprezentacija i organizator sportskih manifestacija, Mario Ragu\u017e. Na\u0161a \u0160kola, unato\u010d [&hellip;]<\/p>\n","protected":false},"author":65,"featured_media":20427,"comment_status":"closed","ping_status":"closed","sticky":false,"template":"","format":"standard","meta":{"footnotes":""},"categories":[210,2],"tags":[],"class_list":["post-20438","post","type-post","status-publish","format-standard","has-post-thumbnail","hentry","category-sport","category-vijesti"],"_links":{"self":[{"href":"https:\/\/katolicka-gimnazija.hr\/index.php\/wp-json\/wp\/v2\/posts\/20438","targetHints":{"allow":["GET"]}}],"collection":[{"href":"https:\/\/katolicka-gimnazija.hr\/index.php\/wp-json\/wp\/v2\/posts"}],"about":[{"href":"https:\/\/katolicka-gimnazija.hr\/index.php\/wp-json\/wp\/v2\/types\/post"}],"author":[{"embeddable":true,"href":"https:\/\/katolicka-gimnazija.hr\/index.php\/wp-json\/wp\/v2\/users\/65"}],"replies":[{"embeddable":true,"href":"https:\/\/katolicka-gimnazija.hr\/index.php\/wp-json\/wp\/v2\/comments?post=20438"}],"version-history":[{"count":4,"href":"https:\/\/katolicka-gimnazija.hr\/index.php\/wp-json\/wp\/v2\/posts\/20438\/revisions"}],"predecessor-version":[{"id":20459,"href":"https:\/\/katolicka-gimnazija.hr\/index.php\/wp-json\/wp\/v2\/posts\/20438\/revisions\/20459"}],"wp:featuredmedia":[{"embeddable":true,"href":"https:\/\/katolicka-gimnazija.hr\/index.php\/wp-json\/wp\/v2\/media\/20427"}],"wp:attachment":[{"href":"https:\/\/katolicka-gimnazija.hr\/index.php\/wp-json\/wp\/v2\/media?parent=20438"}],"wp:term":[{"taxonomy":"category","embeddable":true,"href":"https:\/\/katolicka-gimnazija.hr\/index.php\/wp-json\/wp\/v2\/categories?post=20438"},{"taxonomy":"post_tag","embeddable":true,"href":"https:\/\/katolicka-gimnazija.hr\/index.php\/wp-json\/wp\/v2\/tags?post=20438"}],"curies":[{"name":"wp","href":"https:\/\/api.w.org\/{rel}","templated":true}]}}