{"id":20685,"date":"2020-12-10T18:39:46","date_gmt":"2020-12-10T18:39:46","guid":{"rendered":"http:\/\/katolicka-gimnazija.hr\/?p=20685"},"modified":"2020-12-10T18:39:46","modified_gmt":"2020-12-10T18:39:46","slug":"adventska-duhovna-obnova-djelatnika-pozeskih-katolickih-skola","status":"publish","type":"post","link":"https:\/\/katolicka-gimnazija.hr\/index.php\/2020\/12\/10\/adventska-duhovna-obnova-djelatnika-pozeskih-katolickih-skola\/","title":{"rendered":"Adventska duhovna obnova djelatnika po\u017ee\u0161kih katoli\u010dkih \u0161kola"},"content":{"rendered":"<p>U pripravi za svetkovinu Isusova ro\u0111enja, u srijedu, 9. prosinca 2020. godine odr\u017eana je adventska duhovna obnova za u\u010ditelje i druge djelatnike Katoli\u010dke osnovne \u0161kole i Katoli\u010dke gimnazije s pravom javnosti u Po\u017eegi. Obnovu je, uz pridr\u017eavanje svih propisanih epidemiolo\u0161kih mjera predvodio vl\u010d. Pavao Mikul\u010di\u0107, povjerenik \u0110akova\u010dko-osje\u010dke nadbiskupije za osnivanje katoli\u010dkih \u0161kola, a cjelovit program obnove odr\u017eao se u Po\u017ee\u0161koj Katedrali.<\/p>\n<p><a href=\"http:\/\/katolicka-gimnazija.hr\/wp-content\/uploads\/2020\/12\/P1011458.jpg\"><img loading=\"lazy\" decoding=\"async\" class=\"alignleft size-medium wp-image-20694\" src=\"http:\/\/katolicka-gimnazija.hr\/wp-content\/uploads\/2020\/12\/P1011458-300x201.jpg\" alt=\"\" width=\"300\" height=\"201\" srcset=\"https:\/\/katolicka-gimnazija.hr\/wp-content\/uploads\/2020\/12\/P1011458-300x201.jpg 300w, https:\/\/katolicka-gimnazija.hr\/wp-content\/uploads\/2020\/12\/P1011458-1024x684.jpg 1024w, https:\/\/katolicka-gimnazija.hr\/wp-content\/uploads\/2020\/12\/P1011458-768x513.jpg 768w, https:\/\/katolicka-gimnazija.hr\/wp-content\/uploads\/2020\/12\/P1011458-1536x1027.jpg 1536w, https:\/\/katolicka-gimnazija.hr\/wp-content\/uploads\/2020\/12\/P1011458-400x267.jpg 400w, https:\/\/katolicka-gimnazija.hr\/wp-content\/uploads\/2020\/12\/P1011458.jpg 1800w\" sizes=\"auto, (max-width: 300px) 100vw, 300px\" \/><\/a>Na po\u010detku programa nazo\u010dne je pozdravio vl\u010d. Marijan Paveli\u0107, vjerou\u010ditelj u Katoli\u010dkoj osnovnoj \u0161koli u Po\u017eegi, koji je pritom predstavio voditelja obnove. Program je zapo\u010deo nagovorom na temu: \u201eAutenti\u010dan vjerni\u010dki \u017eivot i privla\u010dnost Crkve\u201c. U uvodnom dijelu vl\u010d. Mikul\u010di\u0107 je podsjetio nazo\u010dne kako je advent kao vrijeme i\u0161\u010dekivanja razdoblje aktivnog rada na sebi. Evan\u0111eoskim rije\u010dima Ivana Krstitelja \u201epripravite put Gospodinu, poravnite mu staze\u201c (usp. Lk 3,4) potaknuo ih je da preispitaju \u0161to u svom \u017eivotu trebaju promijeniti i popraviti. Potom im je predstavio Ivana Krstitelja kao u\u010ditelja kojega su mnogi slu\u0161ali i slijedili. \u201eGovorio je ono \u0161to je \u017eivio, a \u017eivio ono \u0161to je govorio. U svemu \u0161to je \u010dinio, uvijek je pokazivao na Krista i ostavio nam primjer autenti\u010dnog \u017eivota\u201c, kazao je Mikuli\u0107 i pozvao djelatnike katoli\u010dkih \u0161kola da ga nasljeduju rekav\u0161i \u201eCrkvu mo\u017eemo i danas u\u010diniti privla\u010dnom ukoliko budemo autenti\u010dni\u201c.<\/p>\n<p>Osvrnuv\u0161i se na dokumente o katoli\u010dkim \u0161kolama posvijestio je prisutnima kako katoli\u010dkih identitet \u0161kole ovisi upravo o njima te ih potaknuo da svim svojim sposobnostima, znanjem i srcem izgra\u0111uju duh \u0161kole.<\/p>\n<p>U posljednjem dijelu nagovora progovorio je o misijskom poslanju djelatnika u katoli\u010dkim \u0161kolama. Poru\u010dio im je kako, pored obrazovanja, imaju obvezu privod<a href=\"http:\/\/katolicka-gimnazija.hr\/wp-content\/uploads\/2020\/12\/P1011470.jpg\"><img loading=\"lazy\" decoding=\"async\" class=\"size-medium wp-image-20699 alignright\" src=\"http:\/\/katolicka-gimnazija.hr\/wp-content\/uploads\/2020\/12\/P1011470-300x201.jpg\" alt=\"\" width=\"300\" height=\"201\" srcset=\"https:\/\/katolicka-gimnazija.hr\/wp-content\/uploads\/2020\/12\/P1011470-300x201.jpg 300w, https:\/\/katolicka-gimnazija.hr\/wp-content\/uploads\/2020\/12\/P1011470-1024x684.jpg 1024w, https:\/\/katolicka-gimnazija.hr\/wp-content\/uploads\/2020\/12\/P1011470-768x513.jpg 768w, https:\/\/katolicka-gimnazija.hr\/wp-content\/uploads\/2020\/12\/P1011470-1536x1027.jpg 1536w, https:\/\/katolicka-gimnazija.hr\/wp-content\/uploads\/2020\/12\/P1011470-400x267.jpg 400w, https:\/\/katolicka-gimnazija.hr\/wp-content\/uploads\/2020\/12\/P1011470.jpg 1800w\" sizes=\"auto, (max-width: 300px) 100vw, 300px\" \/><\/a>iti povjerene im mlade Isusu Kristu te im svojim primjerom pokazati Kristovu ljubav prema \u010dovjeku. Nagovor je zaklju\u010dio rije\u010dima sv. Ivana Pavla II.: \u201eDragi u\u010ditelji, katoli\u010dka \u0161kola je u Va\u0161im rukama. Ona je slika Va\u0161ih uvjerenja. Njezino postojanje ovisi zaista o vama. Ona je jedno od povla\u0161tenih mjesta, uz obitelj te \u017eupne zajednice, gdje se prenosi na\u0161a vjera. Ona predstavlja i trajan napor, koji ne mo\u017ee imati uspjeha bez suradnje svih uklju\u010denih u odgojno-obrazovni proces. Vi ste pozvani, dragi u\u010ditelji, uz roditelje djece koja su Vam povjerena na odgoj i obrazovanje, stvarati \u0161kolu koja prenosi one vrijednosti koje biste Vi htjeli da budu prenesene onima koji \u0107e do\u0107i poslije Vas.\u201c<\/p>\n<p>Potom je uslijedilo pokorni\u010dko bogoslu\u017eje u kojem je predvoditelj potaknuo okupljene na ispit savjesti i sakrament pomirenja. Kao neposrednu pripravu za svetu misu, djelatnici Katoli\u010dke osnovne \u0161kole predvodili su molitvu slavnih otajstava krunice Bla\u017eene Djevice Marije s posebnom nakanom za sve oboljele od COVID-a 19, njihove obitelji, a napose preminule.<\/p>\n<p><a href=\"http:\/\/katolicka-gimnazija.hr\/wp-content\/uploads\/2020\/12\/P1011529.jpg\"><img loading=\"lazy\" decoding=\"async\" class=\"alignleft size-medium wp-image-20689\" src=\"http:\/\/katolicka-gimnazija.hr\/wp-content\/uploads\/2020\/12\/P1011529-300x201.jpg\" alt=\"\" width=\"300\" height=\"201\" srcset=\"https:\/\/katolicka-gimnazija.hr\/wp-content\/uploads\/2020\/12\/P1011529-300x201.jpg 300w, https:\/\/katolicka-gimnazija.hr\/wp-content\/uploads\/2020\/12\/P1011529-1024x684.jpg 1024w, https:\/\/katolicka-gimnazija.hr\/wp-content\/uploads\/2020\/12\/P1011529-768x513.jpg 768w, https:\/\/katolicka-gimnazija.hr\/wp-content\/uploads\/2020\/12\/P1011529-1536x1027.jpg 1536w, https:\/\/katolicka-gimnazija.hr\/wp-content\/uploads\/2020\/12\/P1011529-400x267.jpg 400w, https:\/\/katolicka-gimnazija.hr\/wp-content\/uploads\/2020\/12\/P1011529.jpg 1800w\" sizes=\"auto, (max-width: 300px) 100vw, 300px\" \/><\/a>Vrhunac programa bilo je euharistijsko slavlje koje je predvodio vl\u010d. Mikul\u010di\u0107. Djelatnici Katoli\u010dke gimnazije \u010ditali su \u010ditanja i uputili Bogu molitvu vjernika. Prigodnu propovijed vl\u010d. Mikul\u010di\u0107 je zapo\u010deo koriste\u0107i tekst Georga Carlina koji dana\u0161nje vrijeme opisuje kao \u201evrijeme visokih zgrada, a niskog karaktera, vrijeme \u0161irokih auto-cesta, a uskih gledi\u0161ta, vrijeme kada smo nau\u010dili kako da pre\u017eivljavamo, ali ne i kako da \u017eivimo\u2026\u201c. Potom se osvrnuo na navije\u0161tenu Bo\u017eju rije\u010d i ohrabrio nazo\u010dne da se odva\u017ee potra\u017eiti odmor preuzimaju\u0107i Kristov \u201eslatki jaram i lako breme\u201c (uspr. Mt 11,30).<\/p>\n<p>Na kraju euharistijskog slavlja vl\u010d. Paveli\u0107 je zahvalio predvoditelju obnove na poticajnim rije\u010dima i po\u017eelio mu uspje\u0161an rad u povjerenoj mu slu\u017ebi.<\/p>\n<p>&nbsp;<\/p>\n<div id='gallery-1' class='gallery galleryid-20685 gallery-columns-3 gallery-size-thumbnail'><figure class='gallery-item'>\n\t\t\t<div class='gallery-icon landscape'>\n\t\t\t\t<a href='https:\/\/katolicka-gimnazija.hr\/wp-content\/uploads\/2020\/12\/P1011517.jpg'><img loading=\"lazy\" decoding=\"async\" width=\"150\" height=\"150\" src=\"https:\/\/katolicka-gimnazija.hr\/wp-content\/uploads\/2020\/12\/P1011517-150x150.jpg\" class=\"attachment-thumbnail size-thumbnail\" alt=\"\" \/><\/a>\n\t\t\t<\/div><\/figure><figure class='gallery-item'>\n\t\t\t<div class='gallery-icon landscape'>\n\t\t\t\t<a href='https:\/\/katolicka-gimnazija.hr\/wp-content\/uploads\/2020\/12\/P1011516.jpg'><img loading=\"lazy\" decoding=\"async\" width=\"150\" height=\"150\" src=\"https:\/\/katolicka-gimnazija.hr\/wp-content\/uploads\/2020\/12\/P1011516-150x150.jpg\" class=\"attachment-thumbnail size-thumbnail\" alt=\"\" \/><\/a>\n\t\t\t<\/div><\/figure><figure class='gallery-item'>\n\t\t\t<div class='gallery-icon landscape'>\n\t\t\t\t<a href='https:\/\/katolicka-gimnazija.hr\/wp-content\/uploads\/2020\/12\/P1011514.jpg'><img loading=\"lazy\" decoding=\"async\" width=\"150\" height=\"150\" src=\"https:\/\/katolicka-gimnazija.hr\/wp-content\/uploads\/2020\/12\/P1011514-150x150.jpg\" class=\"attachment-thumbnail size-thumbnail\" alt=\"\" \/><\/a>\n\t\t\t<\/div><\/figure><figure class='gallery-item'>\n\t\t\t<div class='gallery-icon landscape'>\n\t\t\t\t<a href='https:\/\/katolicka-gimnazija.hr\/wp-content\/uploads\/2020\/12\/P1011513.jpg'><img loading=\"lazy\" decoding=\"async\" width=\"150\" height=\"150\" src=\"https:\/\/katolicka-gimnazija.hr\/wp-content\/uploads\/2020\/12\/P1011513-150x150.jpg\" class=\"attachment-thumbnail size-thumbnail\" alt=\"\" \/><\/a>\n\t\t\t<\/div><\/figure><figure class='gallery-item'>\n\t\t\t<div class='gallery-icon landscape'>\n\t\t\t\t<a href='https:\/\/katolicka-gimnazija.hr\/wp-content\/uploads\/2020\/12\/P1011510.jpg'><img loading=\"lazy\" decoding=\"async\" width=\"150\" height=\"150\" src=\"https:\/\/katolicka-gimnazija.hr\/wp-content\/uploads\/2020\/12\/P1011510-150x150.jpg\" class=\"attachment-thumbnail size-thumbnail\" alt=\"\" \/><\/a>\n\t\t\t<\/div><\/figure><figure class='gallery-item'>\n\t\t\t<div class='gallery-icon landscape'>\n\t\t\t\t<a href='https:\/\/katolicka-gimnazija.hr\/wp-content\/uploads\/2020\/12\/P1011507.jpg'><img loading=\"lazy\" decoding=\"async\" width=\"150\" height=\"150\" src=\"https:\/\/katolicka-gimnazija.hr\/wp-content\/uploads\/2020\/12\/P1011507-150x150.jpg\" class=\"attachment-thumbnail size-thumbnail\" alt=\"\" \/><\/a>\n\t\t\t<\/div><\/figure><figure class='gallery-item'>\n\t\t\t<div class='gallery-icon landscape'>\n\t\t\t\t<a href='https:\/\/katolicka-gimnazija.hr\/wp-content\/uploads\/2020\/12\/P1011505.jpg'><img loading=\"lazy\" decoding=\"async\" width=\"150\" height=\"150\" src=\"https:\/\/katolicka-gimnazija.hr\/wp-content\/uploads\/2020\/12\/P1011505-150x150.jpg\" class=\"attachment-thumbnail size-thumbnail\" alt=\"\" \/><\/a>\n\t\t\t<\/div><\/figure><figure class='gallery-item'>\n\t\t\t<div class='gallery-icon landscape'>\n\t\t\t\t<a href='https:\/\/katolicka-gimnazija.hr\/wp-content\/uploads\/2020\/12\/P1011504.jpg'><img loading=\"lazy\" decoding=\"async\" width=\"150\" height=\"150\" src=\"https:\/\/katolicka-gimnazija.hr\/wp-content\/uploads\/2020\/12\/P1011504-150x150.jpg\" class=\"attachment-thumbnail size-thumbnail\" alt=\"\" \/><\/a>\n\t\t\t<\/div><\/figure><figure class='gallery-item'>\n\t\t\t<div class='gallery-icon landscape'>\n\t\t\t\t<a href='https:\/\/katolicka-gimnazija.hr\/wp-content\/uploads\/2020\/12\/P1011502.jpg'><img loading=\"lazy\" decoding=\"async\" width=\"150\" height=\"150\" src=\"https:\/\/katolicka-gimnazija.hr\/wp-content\/uploads\/2020\/12\/P1011502-150x150.jpg\" class=\"attachment-thumbnail size-thumbnail\" alt=\"\" \/><\/a>\n\t\t\t<\/div><\/figure><figure class='gallery-item'>\n\t\t\t<div class='gallery-icon landscape'>\n\t\t\t\t<a href='https:\/\/katolicka-gimnazija.hr\/wp-content\/uploads\/2020\/12\/P1011476.jpg'><img loading=\"lazy\" decoding=\"async\" width=\"150\" height=\"150\" src=\"https:\/\/katolicka-gimnazija.hr\/wp-content\/uploads\/2020\/12\/P1011476-150x150.jpg\" class=\"attachment-thumbnail size-thumbnail\" alt=\"\" \/><\/a>\n\t\t\t<\/div><\/figure><figure class='gallery-item'>\n\t\t\t<div class='gallery-icon landscape'>\n\t\t\t\t<a href='https:\/\/katolicka-gimnazija.hr\/wp-content\/uploads\/2020\/12\/P1011477.jpg'><img loading=\"lazy\" decoding=\"async\" width=\"150\" height=\"150\" src=\"https:\/\/katolicka-gimnazija.hr\/wp-content\/uploads\/2020\/12\/P1011477-150x150.jpg\" class=\"attachment-thumbnail size-thumbnail\" alt=\"\" \/><\/a>\n\t\t\t<\/div><\/figure><figure class='gallery-item'>\n\t\t\t<div class='gallery-icon landscape'>\n\t\t\t\t<a href='https:\/\/katolicka-gimnazija.hr\/wp-content\/uploads\/2020\/12\/P1011481.jpg'><img loading=\"lazy\" decoding=\"async\" width=\"150\" height=\"150\" src=\"https:\/\/katolicka-gimnazija.hr\/wp-content\/uploads\/2020\/12\/P1011481-150x150.jpg\" class=\"attachment-thumbnail size-thumbnail\" alt=\"\" \/><\/a>\n\t\t\t<\/div><\/figure><figure class='gallery-item'>\n\t\t\t<div class='gallery-icon landscape'>\n\t\t\t\t<a href='https:\/\/katolicka-gimnazija.hr\/wp-content\/uploads\/2020\/12\/P1011478.jpg'><img loading=\"lazy\" decoding=\"async\" width=\"150\" height=\"150\" src=\"https:\/\/katolicka-gimnazija.hr\/wp-content\/uploads\/2020\/12\/P1011478-150x150.jpg\" class=\"attachment-thumbnail size-thumbnail\" alt=\"\" \/><\/a>\n\t\t\t<\/div><\/figure><figure class='gallery-item'>\n\t\t\t<div class='gallery-icon landscape'>\n\t\t\t\t<a href='https:\/\/katolicka-gimnazija.hr\/wp-content\/uploads\/2020\/12\/P1011489.jpg'><img loading=\"lazy\" decoding=\"async\" width=\"150\" height=\"150\" src=\"https:\/\/katolicka-gimnazija.hr\/wp-content\/uploads\/2020\/12\/P1011489-150x150.jpg\" class=\"attachment-thumbnail size-thumbnail\" alt=\"\" \/><\/a>\n\t\t\t<\/div><\/figure><figure class='gallery-item'>\n\t\t\t<div class='gallery-icon landscape'>\n\t\t\t\t<a href='https:\/\/katolicka-gimnazija.hr\/wp-content\/uploads\/2020\/12\/P1011491.jpg'><img loading=\"lazy\" decoding=\"async\" width=\"150\" height=\"150\" src=\"https:\/\/katolicka-gimnazija.hr\/wp-content\/uploads\/2020\/12\/P1011491-150x150.jpg\" class=\"attachment-thumbnail size-thumbnail\" alt=\"\" \/><\/a>\n\t\t\t<\/div><\/figure><figure class='gallery-item'>\n\t\t\t<div class='gallery-icon landscape'>\n\t\t\t\t<a href='https:\/\/katolicka-gimnazija.hr\/wp-content\/uploads\/2020\/12\/P1011492.jpg'><img loading=\"lazy\" decoding=\"async\" width=\"150\" height=\"150\" src=\"https:\/\/katolicka-gimnazija.hr\/wp-content\/uploads\/2020\/12\/P1011492-150x150.jpg\" class=\"attachment-thumbnail size-thumbnail\" alt=\"\" \/><\/a>\n\t\t\t<\/div><\/figure><figure class='gallery-item'>\n\t\t\t<div class='gallery-icon landscape'>\n\t\t\t\t<a href='https:\/\/katolicka-gimnazija.hr\/wp-content\/uploads\/2020\/12\/P1011495.jpg'><img loading=\"lazy\" decoding=\"async\" width=\"150\" height=\"150\" src=\"https:\/\/katolicka-gimnazija.hr\/wp-content\/uploads\/2020\/12\/P1011495-150x150.jpg\" class=\"attachment-thumbnail size-thumbnail\" alt=\"\" \/><\/a>\n\t\t\t<\/div><\/figure><figure class='gallery-item'>\n\t\t\t<div class='gallery-icon landscape'>\n\t\t\t\t<a href='https:\/\/katolicka-gimnazija.hr\/wp-content\/uploads\/2020\/12\/P1011498.jpg'><img loading=\"lazy\" decoding=\"async\" width=\"150\" height=\"150\" src=\"https:\/\/katolicka-gimnazija.hr\/wp-content\/uploads\/2020\/12\/P1011498-150x150.jpg\" class=\"attachment-thumbnail size-thumbnail\" alt=\"\" \/><\/a>\n\t\t\t<\/div><\/figure><figure class='gallery-item'>\n\t\t\t<div class='gallery-icon landscape'>\n\t\t\t\t<a href='https:\/\/katolicka-gimnazija.hr\/wp-content\/uploads\/2020\/12\/P1011474.jpg'><img loading=\"lazy\" decoding=\"async\" width=\"150\" height=\"150\" src=\"https:\/\/katolicka-gimnazija.hr\/wp-content\/uploads\/2020\/12\/P1011474-150x150.jpg\" class=\"attachment-thumbnail size-thumbnail\" alt=\"\" \/><\/a>\n\t\t\t<\/div><\/figure><figure class='gallery-item'>\n\t\t\t<div class='gallery-icon landscape'>\n\t\t\t\t<a href='https:\/\/katolicka-gimnazija.hr\/wp-content\/uploads\/2020\/12\/P1011473.jpg'><img loading=\"lazy\" decoding=\"async\" width=\"150\" height=\"150\" src=\"https:\/\/katolicka-gimnazija.hr\/wp-content\/uploads\/2020\/12\/P1011473-150x150.jpg\" class=\"attachment-thumbnail size-thumbnail\" alt=\"\" \/><\/a>\n\t\t\t<\/div><\/figure><figure class='gallery-item'>\n\t\t\t<div class='gallery-icon landscape'>\n\t\t\t\t<a href='https:\/\/katolicka-gimnazija.hr\/wp-content\/uploads\/2020\/12\/P1011472.jpg'><img loading=\"lazy\" decoding=\"async\" width=\"150\" height=\"150\" src=\"https:\/\/katolicka-gimnazija.hr\/wp-content\/uploads\/2020\/12\/P1011472-150x150.jpg\" class=\"attachment-thumbnail size-thumbnail\" alt=\"\" \/><\/a>\n\t\t\t<\/div><\/figure><figure class='gallery-item'>\n\t\t\t<div class='gallery-icon landscape'>\n\t\t\t\t<a href='https:\/\/katolicka-gimnazija.hr\/wp-content\/uploads\/2020\/12\/P1011470.jpg'><img loading=\"lazy\" decoding=\"async\" width=\"150\" height=\"150\" src=\"https:\/\/katolicka-gimnazija.hr\/wp-content\/uploads\/2020\/12\/P1011470-150x150.jpg\" class=\"attachment-thumbnail size-thumbnail\" alt=\"\" \/><\/a>\n\t\t\t<\/div><\/figure><figure class='gallery-item'>\n\t\t\t<div class='gallery-icon landscape'>\n\t\t\t\t<a href='https:\/\/katolicka-gimnazija.hr\/wp-content\/uploads\/2020\/12\/P1011469.jpg'><img loading=\"lazy\" decoding=\"async\" width=\"150\" height=\"150\" src=\"https:\/\/katolicka-gimnazija.hr\/wp-content\/uploads\/2020\/12\/P1011469-150x150.jpg\" class=\"attachment-thumbnail size-thumbnail\" alt=\"\" \/><\/a>\n\t\t\t<\/div><\/figure><figure class='gallery-item'>\n\t\t\t<div class='gallery-icon landscape'>\n\t\t\t\t<a href='https:\/\/katolicka-gimnazija.hr\/wp-content\/uploads\/2020\/12\/P1011467.jpg'><img loading=\"lazy\" decoding=\"async\" width=\"150\" height=\"150\" src=\"https:\/\/katolicka-gimnazija.hr\/wp-content\/uploads\/2020\/12\/P1011467-150x150.jpg\" class=\"attachment-thumbnail size-thumbnail\" alt=\"\" \/><\/a>\n\t\t\t<\/div><\/figure><figure class='gallery-item'>\n\t\t\t<div class='gallery-icon landscape'>\n\t\t\t\t<a href='https:\/\/katolicka-gimnazija.hr\/wp-content\/uploads\/2020\/12\/P1011466.jpg'><img loading=\"lazy\" decoding=\"async\" width=\"150\" height=\"150\" src=\"https:\/\/katolicka-gimnazija.hr\/wp-content\/uploads\/2020\/12\/P1011466-150x150.jpg\" class=\"attachment-thumbnail size-thumbnail\" alt=\"\" \/><\/a>\n\t\t\t<\/div><\/figure><figure class='gallery-item'>\n\t\t\t<div class='gallery-icon landscape'>\n\t\t\t\t<a href='https:\/\/katolicka-gimnazija.hr\/wp-content\/uploads\/2020\/12\/P1011464.jpg'><img loading=\"lazy\" decoding=\"async\" width=\"150\" height=\"150\" src=\"https:\/\/katolicka-gimnazija.hr\/wp-content\/uploads\/2020\/12\/P1011464-150x150.jpg\" class=\"attachment-thumbnail size-thumbnail\" alt=\"\" \/><\/a>\n\t\t\t<\/div><\/figure><figure class='gallery-item'>\n\t\t\t<div class='gallery-icon landscape'>\n\t\t\t\t<a href='https:\/\/katolicka-gimnazija.hr\/wp-content\/uploads\/2020\/12\/P1011458.jpg'><img loading=\"lazy\" decoding=\"async\" width=\"150\" height=\"150\" src=\"https:\/\/katolicka-gimnazija.hr\/wp-content\/uploads\/2020\/12\/P1011458-150x150.jpg\" class=\"attachment-thumbnail size-thumbnail\" alt=\"\" \/><\/a>\n\t\t\t<\/div><\/figure><figure class='gallery-item'>\n\t\t\t<div class='gallery-icon landscape'>\n\t\t\t\t<a href='https:\/\/katolicka-gimnazija.hr\/wp-content\/uploads\/2020\/12\/P1011522.jpg'><img loading=\"lazy\" decoding=\"async\" width=\"150\" height=\"150\" src=\"https:\/\/katolicka-gimnazija.hr\/wp-content\/uploads\/2020\/12\/P1011522-150x150.jpg\" class=\"attachment-thumbnail size-thumbnail\" alt=\"\" \/><\/a>\n\t\t\t<\/div><\/figure><figure class='gallery-item'>\n\t\t\t<div class='gallery-icon landscape'>\n\t\t\t\t<a href='https:\/\/katolicka-gimnazija.hr\/wp-content\/uploads\/2020\/12\/P1011525.jpg'><img loading=\"lazy\" decoding=\"async\" width=\"150\" height=\"150\" src=\"https:\/\/katolicka-gimnazija.hr\/wp-content\/uploads\/2020\/12\/P1011525-150x150.jpg\" class=\"attachment-thumbnail size-thumbnail\" alt=\"\" \/><\/a>\n\t\t\t<\/div><\/figure><figure class='gallery-item'>\n\t\t\t<div class='gallery-icon landscape'>\n\t\t\t\t<a href='https:\/\/katolicka-gimnazija.hr\/wp-content\/uploads\/2020\/12\/P1011528.jpg'><img loading=\"lazy\" decoding=\"async\" width=\"150\" height=\"150\" src=\"https:\/\/katolicka-gimnazija.hr\/wp-content\/uploads\/2020\/12\/P1011528-150x150.jpg\" class=\"attachment-thumbnail size-thumbnail\" alt=\"\" \/><\/a>\n\t\t\t<\/div><\/figure><figure class='gallery-item'>\n\t\t\t<div class='gallery-icon landscape'>\n\t\t\t\t<a href='https:\/\/katolicka-gimnazija.hr\/wp-content\/uploads\/2020\/12\/P1011529.jpg'><img loading=\"lazy\" decoding=\"async\" width=\"150\" height=\"150\" src=\"https:\/\/katolicka-gimnazija.hr\/wp-content\/uploads\/2020\/12\/P1011529-150x150.jpg\" class=\"attachment-thumbnail size-thumbnail\" alt=\"\" \/><\/a>\n\t\t\t<\/div><\/figure><figure class='gallery-item'>\n\t\t\t<div class='gallery-icon landscape'>\n\t\t\t\t<a href='https:\/\/katolicka-gimnazija.hr\/wp-content\/uploads\/2020\/12\/P1011531.jpg'><img loading=\"lazy\" decoding=\"async\" width=\"150\" height=\"150\" src=\"https:\/\/katolicka-gimnazija.hr\/wp-content\/uploads\/2020\/12\/P1011531-150x150.jpg\" class=\"attachment-thumbnail size-thumbnail\" alt=\"\" \/><\/a>\n\t\t\t<\/div><\/figure><figure class='gallery-item'>\n\t\t\t<div class='gallery-icon landscape'>\n\t\t\t\t<a href='https:\/\/katolicka-gimnazija.hr\/wp-content\/uploads\/2020\/12\/P1011532.jpg'><img loading=\"lazy\" decoding=\"async\" width=\"150\" height=\"150\" src=\"https:\/\/katolicka-gimnazija.hr\/wp-content\/uploads\/2020\/12\/P1011532-150x150.jpg\" class=\"attachment-thumbnail size-thumbnail\" alt=\"\" \/><\/a>\n\t\t\t<\/div><\/figure><figure class='gallery-item'>\n\t\t\t<div class='gallery-icon landscape'>\n\t\t\t\t<a href='https:\/\/katolicka-gimnazija.hr\/wp-content\/uploads\/2020\/12\/P1011534.jpg'><img loading=\"lazy\" decoding=\"async\" width=\"150\" height=\"150\" src=\"https:\/\/katolicka-gimnazija.hr\/wp-content\/uploads\/2020\/12\/P1011534-150x150.jpg\" class=\"attachment-thumbnail size-thumbnail\" alt=\"\" \/><\/a>\n\t\t\t<\/div><\/figure><figure class='gallery-item'>\n\t\t\t<div class='gallery-icon landscape'>\n\t\t\t\t<a href='https:\/\/katolicka-gimnazija.hr\/wp-content\/uploads\/2020\/12\/P1011457.jpg'><img loading=\"lazy\" decoding=\"async\" width=\"150\" height=\"150\" src=\"https:\/\/katolicka-gimnazija.hr\/wp-content\/uploads\/2020\/12\/P1011457-150x150.jpg\" class=\"attachment-thumbnail size-thumbnail\" alt=\"\" \/><\/a>\n\t\t\t<\/div><\/figure>\n\t\t<\/div>\n\n","protected":false},"excerpt":{"rendered":"<p>U pripravi za svetkovinu Isusova ro\u0111enja, u srijedu, 9. prosinca 2020. godine odr\u017eana je adventska duhovna obnova za u\u010ditelje i druge djelatnike Katoli\u010dke osnovne \u0161kole i Katoli\u010dke gimnazije s pravom javnosti u Po\u017eegi. Obnovu je, uz pridr\u017eavanje svih propisanih epidemiolo\u0161kih mjera predvodio vl\u010d. Pavao Mikul\u010di\u0107, povjerenik \u0110akova\u010dko-osje\u010dke nadbiskupije za osnivanje katoli\u010dkih \u0161kola, a cjelovit program [&hellip;]<\/p>\n","protected":false},"author":77,"featured_media":20704,"comment_status":"closed","ping_status":"closed","sticky":false,"template":"","format":"standard","meta":{"footnotes":""},"categories":[2],"tags":[],"class_list":["post-20685","post","type-post","status-publish","format-standard","has-post-thumbnail","hentry","category-vijesti"],"_links":{"self":[{"href":"https:\/\/katolicka-gimnazija.hr\/index.php\/wp-json\/wp\/v2\/posts\/20685","targetHints":{"allow":["GET"]}}],"collection":[{"href":"https:\/\/katolicka-gimnazija.hr\/index.php\/wp-json\/wp\/v2\/posts"}],"about":[{"href":"https:\/\/katolicka-gimnazija.hr\/index.php\/wp-json\/wp\/v2\/types\/post"}],"author":[{"embeddable":true,"href":"https:\/\/katolicka-gimnazija.hr\/index.php\/wp-json\/wp\/v2\/users\/77"}],"replies":[{"embeddable":true,"href":"https:\/\/katolicka-gimnazija.hr\/index.php\/wp-json\/wp\/v2\/comments?post=20685"}],"version-history":[{"count":2,"href":"https:\/\/katolicka-gimnazija.hr\/index.php\/wp-json\/wp\/v2\/posts\/20685\/revisions"}],"predecessor-version":[{"id":20724,"href":"https:\/\/katolicka-gimnazija.hr\/index.php\/wp-json\/wp\/v2\/posts\/20685\/revisions\/20724"}],"wp:featuredmedia":[{"embeddable":true,"href":"https:\/\/katolicka-gimnazija.hr\/index.php\/wp-json\/wp\/v2\/media\/20704"}],"wp:attachment":[{"href":"https:\/\/katolicka-gimnazija.hr\/index.php\/wp-json\/wp\/v2\/media?parent=20685"}],"wp:term":[{"taxonomy":"category","embeddable":true,"href":"https:\/\/katolicka-gimnazija.hr\/index.php\/wp-json\/wp\/v2\/categories?post=20685"},{"taxonomy":"post_tag","embeddable":true,"href":"https:\/\/katolicka-gimnazija.hr\/index.php\/wp-json\/wp\/v2\/tags?post=20685"}],"curies":[{"name":"wp","href":"https:\/\/api.w.org\/{rel}","templated":true}]}}