{"id":2086,"date":"2015-12-08T08:08:21","date_gmt":"2015-12-08T08:08:21","guid":{"rendered":"http:\/\/katolicka-gimnazija.hr\/?p=2086"},"modified":"2015-12-08T08:22:16","modified_gmt":"2015-12-08T08:22:16","slug":"50-godina-najvaznijeg-crkvenog-dogadaja-20-stoljeca","status":"publish","type":"post","link":"https:\/\/katolicka-gimnazija.hr\/index.php\/2015\/12\/08\/50-godina-najvaznijeg-crkvenog-dogadaja-20-stoljeca\/","title":{"rendered":"50 godina najva\u017enijeg crkvenog doga\u0111aja 20. stolje\u0107a"},"content":{"rendered":"<figure id=\"attachment_2087\" aria-describedby=\"caption-attachment-2087\" style=\"width: 209px\" class=\"wp-caption alignleft\"><a href=\"http:\/\/katolicka-gimnazija.hr\/wp-content\/uploads\/2015\/12\/800px-Bartolom--_Esteban_Perez_Murillo_021.jpg\"><img loading=\"lazy\" decoding=\"async\" class=\"size-medium wp-image-2087\" src=\"http:\/\/katolicka-gimnazija.hr\/wp-content\/uploads\/2015\/12\/800px-Bartolom--_Esteban_Perez_Murillo_021-209x300.jpg\" alt=\"Bartolom\u00e9 Esteban Perez Murillo: Marija, Isusova Majka kao Bezgre\u0161no Za\u010de\u0107e\" width=\"209\" height=\"300\" srcset=\"https:\/\/katolicka-gimnazija.hr\/wp-content\/uploads\/2015\/12\/800px-Bartolom--_Esteban_Perez_Murillo_021-209x300.jpg 209w, https:\/\/katolicka-gimnazija.hr\/wp-content\/uploads\/2015\/12\/800px-Bartolom--_Esteban_Perez_Murillo_021-768x1105.jpg 768w, https:\/\/katolicka-gimnazija.hr\/wp-content\/uploads\/2015\/12\/800px-Bartolom--_Esteban_Perez_Murillo_021-712x1024.jpg 712w, https:\/\/katolicka-gimnazija.hr\/wp-content\/uploads\/2015\/12\/800px-Bartolom--_Esteban_Perez_Murillo_021-360x518.jpg 360w, https:\/\/katolicka-gimnazija.hr\/wp-content\/uploads\/2015\/12\/800px-Bartolom--_Esteban_Perez_Murillo_021-750x1079.jpg 750w, https:\/\/katolicka-gimnazija.hr\/wp-content\/uploads\/2015\/12\/800px-Bartolom--_Esteban_Perez_Murillo_021-400x576.jpg 400w, https:\/\/katolicka-gimnazija.hr\/wp-content\/uploads\/2015\/12\/800px-Bartolom--_Esteban_Perez_Murillo_021-430x619.jpg 430w, https:\/\/katolicka-gimnazija.hr\/wp-content\/uploads\/2015\/12\/800px-Bartolom--_Esteban_Perez_Murillo_021-150x216.jpg 150w, https:\/\/katolicka-gimnazija.hr\/wp-content\/uploads\/2015\/12\/800px-Bartolom--_Esteban_Perez_Murillo_021-100x144.jpg 100w, https:\/\/katolicka-gimnazija.hr\/wp-content\/uploads\/2015\/12\/800px-Bartolom--_Esteban_Perez_Murillo_021.jpg 800w\" sizes=\"auto, (max-width: 209px) 100vw, 209px\" \/><\/a><figcaption id=\"caption-attachment-2087\" class=\"wp-caption-text\">Bartolom\u00e9 Esteban Perez Murillo: Marija, Isusova Majka kao Bezgre\u0161no Za\u010de\u0107e<\/figcaption><\/figure>\n<p>Sveta Majka Crkva nas dana\u0161njom svetkovinom Bezgre\u0161nog za\u010de\u0107a Bla\u017eene Djevice Marije podsje\u0107a na dogmu koja tuma\u010di da je Djevica Marija jedinstvenom Bo\u017ejom povlasticom, o\u010duvana od svake mrlje isto\u010dnoga grijeha od trenutka svoga za\u010de\u0107a.<\/p>\n<p>Na dana\u0161nji je dan to\u010dno prije 50 godina zaklju\u010den Drugi vatikanski sabor, najva\u017eniji crkveni doga\u0111aj 20. stolje\u0107a kojim se Crkva otvorila svijetu i jo\u0161 vi\u0161e pribli\u017eila \u010dovjeku. Bio je to 21. ekumenski sabor Katoli\u010dke Crkve. Sazvao ga je 1962. godine papa Ivan XXIII., a nadalje vodio papa Pavao VI. Me\u0111u najva\u017enijim odlukama Drugog vatikanskog sabora bile su odluke slavljenja Mise na narodnim jezicima i jedan otvoreniji pristup prema drugim svjetskim religijama.<\/p>\n<p><a href=\"http:\/\/katolicka-gimnazija.hr\/wp-content\/uploads\/2015\/12\/milosrdni-kao-otac-intro.jpg\"><img loading=\"lazy\" decoding=\"async\" class=\"alignright size-medium wp-image-2093\" src=\"http:\/\/katolicka-gimnazija.hr\/wp-content\/uploads\/2015\/12\/milosrdni-kao-otac-intro-260x300.jpg\" alt=\"Logo godine milosr\u0111a\" width=\"260\" height=\"300\" srcset=\"https:\/\/katolicka-gimnazija.hr\/wp-content\/uploads\/2015\/12\/milosrdni-kao-otac-intro-260x300.jpg 260w, https:\/\/katolicka-gimnazija.hr\/wp-content\/uploads\/2015\/12\/milosrdni-kao-otac-intro-150x173.jpg 150w, https:\/\/katolicka-gimnazija.hr\/wp-content\/uploads\/2015\/12\/milosrdni-kao-otac-intro-100x115.jpg 100w, https:\/\/katolicka-gimnazija.hr\/wp-content\/uploads\/2015\/12\/milosrdni-kao-otac-intro.jpg 300w\" sizes=\"auto, (max-width: 260px) 100vw, 260px\" \/><\/a>Danas \u0107e ujedno papa Franjo otvoriti Godinu milosr\u0111a koja traje do Svetkovine Krista Kralja svega stvorenoga 2016.\u00a0Kao cilj Godine milosr\u0111a Papa isti\u010de: &#8220;Povjerit \u0107emo \u017eivot Crkve, cijelo \u010dovje\u010danstvo i sav svemir Kristovu gospodstvu, mole\u0107i ga da izlije na nas svoje milosr\u0111e kao rosu jutarnju, kako bismo svi zajedni\u010dkim naporima gradili ljep\u0161u budu\u0107nost. Kako samo \u017eelim da nadolaze\u0107e godine budu pro\u017eete milosr\u0111em, da bismo i\u0161li ususret svakoj osobi, nose\u0107i Bo\u017eju dobrotu i nje\u017enost!&#8221; (Lice milosr\u0111a, 5).<\/p>\n","protected":false},"excerpt":{"rendered":"<p>Sveta Majka Crkva nas dana\u0161njom svetkovinom Bezgre\u0161nog za\u010de\u0107a Bla\u017eene Djevice Marije podsje\u0107a na dogmu koja tuma\u010di da je Djevica Marija jedinstvenom Bo\u017ejom povlasticom, o\u010duvana od svake mrlje isto\u010dnoga grijeha od trenutka svoga za\u010de\u0107a. Na dana\u0161nji je dan to\u010dno prije 50 godina zaklju\u010den Drugi vatikanski sabor, najva\u017eniji crkveni doga\u0111aj 20. stolje\u0107a kojim se Crkva otvorila svijetu [&hellip;]<\/p>\n","protected":false},"author":1,"featured_media":2088,"comment_status":"closed","ping_status":"closed","sticky":false,"template":"","format":"standard","meta":{"footnotes":""},"categories":[3],"tags":[],"class_list":["post-2086","post","type-post","status-publish","format-standard","has-post-thumbnail","hentry","category-obavijesti"],"_links":{"self":[{"href":"https:\/\/katolicka-gimnazija.hr\/index.php\/wp-json\/wp\/v2\/posts\/2086","targetHints":{"allow":["GET"]}}],"collection":[{"href":"https:\/\/katolicka-gimnazija.hr\/index.php\/wp-json\/wp\/v2\/posts"}],"about":[{"href":"https:\/\/katolicka-gimnazija.hr\/index.php\/wp-json\/wp\/v2\/types\/post"}],"author":[{"embeddable":true,"href":"https:\/\/katolicka-gimnazija.hr\/index.php\/wp-json\/wp\/v2\/users\/1"}],"replies":[{"embeddable":true,"href":"https:\/\/katolicka-gimnazija.hr\/index.php\/wp-json\/wp\/v2\/comments?post=2086"}],"version-history":[{"count":5,"href":"https:\/\/katolicka-gimnazija.hr\/index.php\/wp-json\/wp\/v2\/posts\/2086\/revisions"}],"predecessor-version":[{"id":2094,"href":"https:\/\/katolicka-gimnazija.hr\/index.php\/wp-json\/wp\/v2\/posts\/2086\/revisions\/2094"}],"wp:featuredmedia":[{"embeddable":true,"href":"https:\/\/katolicka-gimnazija.hr\/index.php\/wp-json\/wp\/v2\/media\/2088"}],"wp:attachment":[{"href":"https:\/\/katolicka-gimnazija.hr\/index.php\/wp-json\/wp\/v2\/media?parent=2086"}],"wp:term":[{"taxonomy":"category","embeddable":true,"href":"https:\/\/katolicka-gimnazija.hr\/index.php\/wp-json\/wp\/v2\/categories?post=2086"},{"taxonomy":"post_tag","embeddable":true,"href":"https:\/\/katolicka-gimnazija.hr\/index.php\/wp-json\/wp\/v2\/tags?post=2086"}],"curies":[{"name":"wp","href":"https:\/\/api.w.org\/{rel}","templated":true}]}}