{"id":2096,"date":"2015-12-12T19:44:46","date_gmt":"2015-12-12T19:44:46","guid":{"rendered":"http:\/\/katolicka-gimnazija.hr\/?p=2096"},"modified":"2018-12-28T14:48:25","modified_gmt":"2018-12-28T14:48:25","slug":"bili-smo-u-bruxellesu","status":"publish","type":"post","link":"https:\/\/katolicka-gimnazija.hr\/index.php\/2015\/12\/12\/bili-smo-u-bruxellesu\/","title":{"rendered":"Bili smo u Bruxellesu"},"content":{"rendered":"<p><a href=\"http:\/\/katolicka-gimnazija.hr\/wp-content\/uploads\/2015\/12\/DSC_0086.jpg\"><img loading=\"lazy\" decoding=\"async\" class=\"alignleft size-medium wp-image-2100\" src=\"http:\/\/katolicka-gimnazija.hr\/wp-content\/uploads\/2015\/12\/DSC_0086-300x200.jpg\" alt=\"DSC_0086\" width=\"300\" height=\"200\" srcset=\"https:\/\/katolicka-gimnazija.hr\/wp-content\/uploads\/2015\/12\/DSC_0086-300x200.jpg 300w, https:\/\/katolicka-gimnazija.hr\/wp-content\/uploads\/2015\/12\/DSC_0086-768x512.jpg 768w, https:\/\/katolicka-gimnazija.hr\/wp-content\/uploads\/2015\/12\/DSC_0086-400x267.jpg 400w, https:\/\/katolicka-gimnazija.hr\/wp-content\/uploads\/2015\/12\/DSC_0086-1024x683.jpg 1024w, https:\/\/katolicka-gimnazija.hr\/wp-content\/uploads\/2015\/12\/DSC_0086-360x240.jpg 360w, https:\/\/katolicka-gimnazija.hr\/wp-content\/uploads\/2015\/12\/DSC_0086-750x500.jpg 750w, https:\/\/katolicka-gimnazija.hr\/wp-content\/uploads\/2015\/12\/DSC_0086-430x287.jpg 430w, https:\/\/katolicka-gimnazija.hr\/wp-content\/uploads\/2015\/12\/DSC_0086-150x100.jpg 150w, https:\/\/katolicka-gimnazija.hr\/wp-content\/uploads\/2015\/12\/DSC_0086-100x67.jpg 100w\" sizes=\"auto, (max-width: 300px) 100vw, 300px\" \/><\/a>U \u010detvrtak ujutro u 2 sata u\u010denici, profesori i ravnatelj Katoli\u010dke gimnazije imali su priliku krenuti u posjet glavnom gradu i sredi\u0161tu Europske unije, to\u010dnije Bruxellesu. Put i smje\u0161taj omogu\u0107io im je hrvatski europarlamentarac dr. Davor Ivo Stier. Kako na\u0161a Gimnazija sura\u0111uje i s viroviti\u010dkom Katoli\u010dkom gimnazijom, pridru\u017eilo im se i \u010detvero u\u010denika iz Virovitice.<\/p>\n<p><a href=\"http:\/\/katolicka-gimnazija.hr\/wp-content\/uploads\/2015\/12\/DSC_0145.jpg\"><img loading=\"lazy\" decoding=\"async\" class=\"alignright size-medium wp-image-2101\" src=\"http:\/\/katolicka-gimnazija.hr\/wp-content\/uploads\/2015\/12\/DSC_0145-300x200.jpg\" alt=\"DSC_0145\" width=\"300\" height=\"200\" srcset=\"https:\/\/katolicka-gimnazija.hr\/wp-content\/uploads\/2015\/12\/DSC_0145-300x200.jpg 300w, https:\/\/katolicka-gimnazija.hr\/wp-content\/uploads\/2015\/12\/DSC_0145-768x512.jpg 768w, https:\/\/katolicka-gimnazija.hr\/wp-content\/uploads\/2015\/12\/DSC_0145-400x267.jpg 400w, https:\/\/katolicka-gimnazija.hr\/wp-content\/uploads\/2015\/12\/DSC_0145-1024x683.jpg 1024w, https:\/\/katolicka-gimnazija.hr\/wp-content\/uploads\/2015\/12\/DSC_0145-360x240.jpg 360w, https:\/\/katolicka-gimnazija.hr\/wp-content\/uploads\/2015\/12\/DSC_0145-750x500.jpg 750w, https:\/\/katolicka-gimnazija.hr\/wp-content\/uploads\/2015\/12\/DSC_0145-430x287.jpg 430w, https:\/\/katolicka-gimnazija.hr\/wp-content\/uploads\/2015\/12\/DSC_0145-150x100.jpg 150w, https:\/\/katolicka-gimnazija.hr\/wp-content\/uploads\/2015\/12\/DSC_0145-100x67.jpg 100w\" sizes=\"auto, (max-width: 300px) 100vw, 300px\" \/><\/a>Autobusom su krenuli prema Zagrebu, to\u010dnije Zra\u010dnoj luci Pleso. Ve\u0107ini u\u010denika ovo je bio prvi let avionom i svi su bili uzbu\u0111eni, posebice kad su se smjestili u avion i poletjeli oko \u0161est sati. Let je trajao otprilike dva sata, a na aerodromu u Bruxellesu na\u0161e putnike do\u010dekala je asistentica gospodina Stiera, g\u0111a Lucija Prskalo, u pratnji dvojice sta\u017eista iz Hrvatske koji u Europskom parlamentu imaju mogu\u0107nost mjesec dana sta\u017eirati, upoznati rad EU, jezik i kulturu te ste\u0107i samopouzdanje i odre\u0111eno iskustvo rada izvan Hrvatske. Zatim su se autobusom zaputili prema franjeva\u010dkom samostanu Maison N.-D. Du Chant-d&#8217;Oiseau gdje su i boravili tijekom svog posjeta Bruxellesu.<\/p>\n<p><a href=\"http:\/\/katolicka-gimnazija.hr\/wp-content\/uploads\/2015\/12\/DSC_0196.jpg\"><img loading=\"lazy\" decoding=\"async\" class=\"alignleft size-medium wp-image-2103\" src=\"http:\/\/katolicka-gimnazija.hr\/wp-content\/uploads\/2015\/12\/DSC_0196-300x200.jpg\" alt=\"DSC_0196\" width=\"300\" height=\"200\" srcset=\"https:\/\/katolicka-gimnazija.hr\/wp-content\/uploads\/2015\/12\/DSC_0196-300x200.jpg 300w, https:\/\/katolicka-gimnazija.hr\/wp-content\/uploads\/2015\/12\/DSC_0196-768x512.jpg 768w, https:\/\/katolicka-gimnazija.hr\/wp-content\/uploads\/2015\/12\/DSC_0196-400x267.jpg 400w, https:\/\/katolicka-gimnazija.hr\/wp-content\/uploads\/2015\/12\/DSC_0196-1024x683.jpg 1024w, https:\/\/katolicka-gimnazija.hr\/wp-content\/uploads\/2015\/12\/DSC_0196-360x240.jpg 360w, https:\/\/katolicka-gimnazija.hr\/wp-content\/uploads\/2015\/12\/DSC_0196-750x500.jpg 750w, https:\/\/katolicka-gimnazija.hr\/wp-content\/uploads\/2015\/12\/DSC_0196-430x287.jpg 430w, https:\/\/katolicka-gimnazija.hr\/wp-content\/uploads\/2015\/12\/DSC_0196-150x100.jpg 150w, https:\/\/katolicka-gimnazija.hr\/wp-content\/uploads\/2015\/12\/DSC_0196-100x67.jpg 100w\" sizes=\"auto, (max-width: 300px) 100vw, 300px\" \/><\/a>Uslijedio je posjet prostorima Europske unije i njezinih tijela gdje su na\u0161i putnici mogli vidjeti i pro\u0107i prostorima u kojima se odr\u017eavaju sjednice i sastanci europskih zastupnika. Imali su priliku i detaljnije se upoznati s radom EU tijekom predavanja koje je odr\u017eala g\u0111a Ur\u0161ka Dolin\u0161ek. Predavanju su prisustvovale jo\u0161 dvije hrvatske zastupnice, Dubravka \u0160uica i Marijana Petir, koje su pozdravile na\u0161e u\u010denike, predstavile im svoj rad i izrazile zadovoljstvo zbog njihovog dolaska.<\/p>\n<p><a href=\"http:\/\/katolicka-gimnazija.hr\/wp-content\/uploads\/2015\/12\/DSC_0224.jpg\"><br \/>\n<\/a><br \/>\n<img loading=\"lazy\" decoding=\"async\" class=\"size-medium wp-image-2109 alignright\" src=\"http:\/\/katolicka-gimnazija.hr\/wp-content\/uploads\/2015\/12\/DSC_0281-300x200.jpg\" alt=\"DSC_0281\" width=\"300\" height=\"200\" srcset=\"https:\/\/katolicka-gimnazija.hr\/wp-content\/uploads\/2015\/12\/DSC_0281-300x200.jpg 300w, https:\/\/katolicka-gimnazija.hr\/wp-content\/uploads\/2015\/12\/DSC_0281-768x512.jpg 768w, https:\/\/katolicka-gimnazija.hr\/wp-content\/uploads\/2015\/12\/DSC_0281-400x267.jpg 400w, https:\/\/katolicka-gimnazija.hr\/wp-content\/uploads\/2015\/12\/DSC_0281-1024x683.jpg 1024w, https:\/\/katolicka-gimnazija.hr\/wp-content\/uploads\/2015\/12\/DSC_0281-360x240.jpg 360w, https:\/\/katolicka-gimnazija.hr\/wp-content\/uploads\/2015\/12\/DSC_0281-750x500.jpg 750w, https:\/\/katolicka-gimnazija.hr\/wp-content\/uploads\/2015\/12\/DSC_0281-430x287.jpg 430w, https:\/\/katolicka-gimnazija.hr\/wp-content\/uploads\/2015\/12\/DSC_0281-150x100.jpg 150w, https:\/\/katolicka-gimnazija.hr\/wp-content\/uploads\/2015\/12\/DSC_0281-100x67.jpg 100w\" sizes=\"auto, (max-width: 300px) 100vw, 300px\" \/>Nakon predavanja i razgledavanja slijedio je zaslu\u017eeni ru\u010dak u restoranu Jan u Europskom parlamentu gdje se gimnazijalcima pridru\u017eio i g. Stier. U sklopu kompleksa zgrada EU nalazi se i muzej Parlamentarium gdje se moglo saznati ne\u0161to vi\u0161e o nastanku i postojanju EU kroz razne interaktivne multimedijalne igre i sl.<\/p>\n<p>U ve\u010dernjim satima slijedila je ve\u010dera u samostanu i molitva u samostanskoj kapelici koju je predmolio vl\u010d. Marjan Paveli\u0107, a kasnije su vodi\u010di poveli u\u010denike u \u0161etnju i upoznavanje grada. Iako su dosta hodali, isplatilo se jer su vidjeli velik dio grada i upoznali se s brojnim znamenitostima.<br \/>\nNi petak nije bio ni\u0161ta manje zanimljiv. Cijeli dan je bio ispunjen. Nakon doru\u010dka slijedilo je misno slavlje, a nakon toga obilazak centra grada, trgovina, suvenirnica i bazilike gdje vl\u010d. Paveli\u0107 predvodio kratku molitvu. Dan je relativno brzo pro\u0161ao i trebalo je jo\u0161 samo uzeti prtljagu i krenuti prema aeorodromu odakle su se na\u0161i gimnazijalci zaputili avionom natrag u Zagreb.<\/p>\n<p>U dva dana puno toga se vidjelo, nau\u010dilo, zapamtilo i upravo to mo\u017eemo zahvaliti oragnizatorima i vodi\u010dima koji su obavili odli\u010dan posao puni strpljena i razumijevanja na \u010demu im jo\u0161 jednom zahvaljujemo.<\/p>\n<div id='gallery-1' class='gallery galleryid-2096 gallery-columns-3 gallery-size-medium'><figure class='gallery-item'>\n\t\t\t<div class='gallery-icon landscape'>\n\t\t\t\t<a href='https:\/\/katolicka-gimnazija.hr\/wp-content\/uploads\/2015\/12\/DSC_0252.jpg'><img loading=\"lazy\" decoding=\"async\" width=\"300\" height=\"200\" src=\"https:\/\/katolicka-gimnazija.hr\/wp-content\/uploads\/2015\/12\/DSC_0252-300x200.jpg\" class=\"attachment-medium size-medium\" alt=\"\" srcset=\"https:\/\/katolicka-gimnazija.hr\/wp-content\/uploads\/2015\/12\/DSC_0252-300x200.jpg 300w, https:\/\/katolicka-gimnazija.hr\/wp-content\/uploads\/2015\/12\/DSC_0252-768x512.jpg 768w, https:\/\/katolicka-gimnazija.hr\/wp-content\/uploads\/2015\/12\/DSC_0252-400x267.jpg 400w, https:\/\/katolicka-gimnazija.hr\/wp-content\/uploads\/2015\/12\/DSC_0252-1024x683.jpg 1024w, https:\/\/katolicka-gimnazija.hr\/wp-content\/uploads\/2015\/12\/DSC_0252-360x240.jpg 360w, https:\/\/katolicka-gimnazija.hr\/wp-content\/uploads\/2015\/12\/DSC_0252-750x500.jpg 750w, https:\/\/katolicka-gimnazija.hr\/wp-content\/uploads\/2015\/12\/DSC_0252-430x287.jpg 430w, https:\/\/katolicka-gimnazija.hr\/wp-content\/uploads\/2015\/12\/DSC_0252-150x100.jpg 150w, https:\/\/katolicka-gimnazija.hr\/wp-content\/uploads\/2015\/12\/DSC_0252-100x67.jpg 100w\" sizes=\"auto, (max-width: 300px) 100vw, 300px\" \/><\/a>\n\t\t\t<\/div><\/figure><figure class='gallery-item'>\n\t\t\t<div class='gallery-icon landscape'>\n\t\t\t\t<a href='https:\/\/katolicka-gimnazija.hr\/wp-content\/uploads\/2015\/12\/DSC_0325.jpg'><img loading=\"lazy\" decoding=\"async\" width=\"300\" height=\"200\" src=\"https:\/\/katolicka-gimnazija.hr\/wp-content\/uploads\/2015\/12\/DSC_0325-300x200.jpg\" class=\"attachment-medium size-medium\" alt=\"\" srcset=\"https:\/\/katolicka-gimnazija.hr\/wp-content\/uploads\/2015\/12\/DSC_0325-300x200.jpg 300w, https:\/\/katolicka-gimnazija.hr\/wp-content\/uploads\/2015\/12\/DSC_0325-768x512.jpg 768w, https:\/\/katolicka-gimnazija.hr\/wp-content\/uploads\/2015\/12\/DSC_0325-400x267.jpg 400w, https:\/\/katolicka-gimnazija.hr\/wp-content\/uploads\/2015\/12\/DSC_0325-1024x683.jpg 1024w, https:\/\/katolicka-gimnazija.hr\/wp-content\/uploads\/2015\/12\/DSC_0325-360x240.jpg 360w, https:\/\/katolicka-gimnazija.hr\/wp-content\/uploads\/2015\/12\/DSC_0325-750x500.jpg 750w, https:\/\/katolicka-gimnazija.hr\/wp-content\/uploads\/2015\/12\/DSC_0325-430x287.jpg 430w, https:\/\/katolicka-gimnazija.hr\/wp-content\/uploads\/2015\/12\/DSC_0325-150x100.jpg 150w, https:\/\/katolicka-gimnazija.hr\/wp-content\/uploads\/2015\/12\/DSC_0325-100x67.jpg 100w\" sizes=\"auto, (max-width: 300px) 100vw, 300px\" \/><\/a>\n\t\t\t<\/div><\/figure><figure class='gallery-item'>\n\t\t\t<div class='gallery-icon landscape'>\n\t\t\t\t<a href='https:\/\/katolicka-gimnazija.hr\/wp-content\/uploads\/2015\/12\/DSC_0208.jpg'><img loading=\"lazy\" decoding=\"async\" width=\"300\" height=\"200\" src=\"https:\/\/katolicka-gimnazija.hr\/wp-content\/uploads\/2015\/12\/DSC_0208-300x200.jpg\" class=\"attachment-medium size-medium\" alt=\"\" srcset=\"https:\/\/katolicka-gimnazija.hr\/wp-content\/uploads\/2015\/12\/DSC_0208-300x200.jpg 300w, https:\/\/katolicka-gimnazija.hr\/wp-content\/uploads\/2015\/12\/DSC_0208-768x512.jpg 768w, https:\/\/katolicka-gimnazija.hr\/wp-content\/uploads\/2015\/12\/DSC_0208-400x267.jpg 400w, https:\/\/katolicka-gimnazija.hr\/wp-content\/uploads\/2015\/12\/DSC_0208-1024x683.jpg 1024w, https:\/\/katolicka-gimnazija.hr\/wp-content\/uploads\/2015\/12\/DSC_0208-360x240.jpg 360w, https:\/\/katolicka-gimnazija.hr\/wp-content\/uploads\/2015\/12\/DSC_0208-750x500.jpg 750w, https:\/\/katolicka-gimnazija.hr\/wp-content\/uploads\/2015\/12\/DSC_0208-430x287.jpg 430w, https:\/\/katolicka-gimnazija.hr\/wp-content\/uploads\/2015\/12\/DSC_0208-150x100.jpg 150w, https:\/\/katolicka-gimnazija.hr\/wp-content\/uploads\/2015\/12\/DSC_0208-100x67.jpg 100w\" sizes=\"auto, (max-width: 300px) 100vw, 300px\" \/><\/a>\n\t\t\t<\/div><\/figure><figure class='gallery-item'>\n\t\t\t<div class='gallery-icon landscape'>\n\t\t\t\t<a href='https:\/\/katolicka-gimnazija.hr\/wp-content\/uploads\/2015\/12\/DSC_0245.jpg'><img loading=\"lazy\" decoding=\"async\" width=\"300\" height=\"200\" src=\"https:\/\/katolicka-gimnazija.hr\/wp-content\/uploads\/2015\/12\/DSC_0245-300x200.jpg\" class=\"attachment-medium size-medium\" alt=\"\" srcset=\"https:\/\/katolicka-gimnazija.hr\/wp-content\/uploads\/2015\/12\/DSC_0245-300x200.jpg 300w, https:\/\/katolicka-gimnazija.hr\/wp-content\/uploads\/2015\/12\/DSC_0245-768x512.jpg 768w, https:\/\/katolicka-gimnazija.hr\/wp-content\/uploads\/2015\/12\/DSC_0245-400x267.jpg 400w, https:\/\/katolicka-gimnazija.hr\/wp-content\/uploads\/2015\/12\/DSC_0245-1024x683.jpg 1024w, https:\/\/katolicka-gimnazija.hr\/wp-content\/uploads\/2015\/12\/DSC_0245-360x240.jpg 360w, https:\/\/katolicka-gimnazija.hr\/wp-content\/uploads\/2015\/12\/DSC_0245-750x500.jpg 750w, https:\/\/katolicka-gimnazija.hr\/wp-content\/uploads\/2015\/12\/DSC_0245-430x287.jpg 430w, https:\/\/katolicka-gimnazija.hr\/wp-content\/uploads\/2015\/12\/DSC_0245-150x100.jpg 150w, https:\/\/katolicka-gimnazija.hr\/wp-content\/uploads\/2015\/12\/DSC_0245-100x67.jpg 100w\" sizes=\"auto, (max-width: 300px) 100vw, 300px\" \/><\/a>\n\t\t\t<\/div><\/figure><figure class='gallery-item'>\n\t\t\t<div class='gallery-icon landscape'>\n\t\t\t\t<a href='https:\/\/katolicka-gimnazija.hr\/wp-content\/uploads\/2015\/12\/DSC_0224.jpg'><img loading=\"lazy\" decoding=\"async\" width=\"300\" height=\"200\" src=\"https:\/\/katolicka-gimnazija.hr\/wp-content\/uploads\/2015\/12\/DSC_0224-300x200.jpg\" class=\"attachment-medium size-medium\" alt=\"\" srcset=\"https:\/\/katolicka-gimnazija.hr\/wp-content\/uploads\/2015\/12\/DSC_0224-300x200.jpg 300w, https:\/\/katolicka-gimnazija.hr\/wp-content\/uploads\/2015\/12\/DSC_0224-768x512.jpg 768w, https:\/\/katolicka-gimnazija.hr\/wp-content\/uploads\/2015\/12\/DSC_0224-400x267.jpg 400w, https:\/\/katolicka-gimnazija.hr\/wp-content\/uploads\/2015\/12\/DSC_0224-1024x683.jpg 1024w, https:\/\/katolicka-gimnazija.hr\/wp-content\/uploads\/2015\/12\/DSC_0224-360x240.jpg 360w, https:\/\/katolicka-gimnazija.hr\/wp-content\/uploads\/2015\/12\/DSC_0224-750x500.jpg 750w, https:\/\/katolicka-gimnazija.hr\/wp-content\/uploads\/2015\/12\/DSC_0224-430x287.jpg 430w, https:\/\/katolicka-gimnazija.hr\/wp-content\/uploads\/2015\/12\/DSC_0224-150x100.jpg 150w, https:\/\/katolicka-gimnazija.hr\/wp-content\/uploads\/2015\/12\/DSC_0224-100x67.jpg 100w\" sizes=\"auto, (max-width: 300px) 100vw, 300px\" \/><\/a>\n\t\t\t<\/div><\/figure><figure class='gallery-item'>\n\t\t\t<div class='gallery-icon landscape'>\n\t\t\t\t<a href='https:\/\/katolicka-gimnazija.hr\/wp-content\/uploads\/2015\/12\/DSC_0235.jpg'><img loading=\"lazy\" decoding=\"async\" width=\"300\" height=\"200\" src=\"https:\/\/katolicka-gimnazija.hr\/wp-content\/uploads\/2015\/12\/DSC_0235-300x200.jpg\" class=\"attachment-medium size-medium\" alt=\"\" srcset=\"https:\/\/katolicka-gimnazija.hr\/wp-content\/uploads\/2015\/12\/DSC_0235-300x200.jpg 300w, https:\/\/katolicka-gimnazija.hr\/wp-content\/uploads\/2015\/12\/DSC_0235-768x512.jpg 768w, https:\/\/katolicka-gimnazija.hr\/wp-content\/uploads\/2015\/12\/DSC_0235-400x267.jpg 400w, https:\/\/katolicka-gimnazija.hr\/wp-content\/uploads\/2015\/12\/DSC_0235-1024x683.jpg 1024w, https:\/\/katolicka-gimnazija.hr\/wp-content\/uploads\/2015\/12\/DSC_0235-360x240.jpg 360w, https:\/\/katolicka-gimnazija.hr\/wp-content\/uploads\/2015\/12\/DSC_0235-750x500.jpg 750w, https:\/\/katolicka-gimnazija.hr\/wp-content\/uploads\/2015\/12\/DSC_0235-430x287.jpg 430w, https:\/\/katolicka-gimnazija.hr\/wp-content\/uploads\/2015\/12\/DSC_0235-150x100.jpg 150w, https:\/\/katolicka-gimnazija.hr\/wp-content\/uploads\/2015\/12\/DSC_0235-100x67.jpg 100w\" sizes=\"auto, (max-width: 300px) 100vw, 300px\" \/><\/a>\n\t\t\t<\/div><\/figure>\n\t\t<\/div>\n\n","protected":false},"excerpt":{"rendered":"<p>U \u010detvrtak ujutro u 2 sata u\u010denici, profesori i ravnatelj Katoli\u010dke gimnazije imali su priliku krenuti u posjet glavnom gradu i sredi\u0161tu Europske unije, to\u010dnije Bruxellesu. Put i smje\u0161taj omogu\u0107io im je hrvatski europarlamentarac dr. Davor Ivo Stier. Kako na\u0161a Gimnazija sura\u0111uje i s viroviti\u010dkom Katoli\u010dkom gimnazijom, pridru\u017eilo im se i \u010detvero u\u010denika iz Virovitice. [&hellip;]<\/p>\n","protected":false},"author":1,"featured_media":2104,"comment_status":"closed","ping_status":"closed","sticky":false,"template":"","format":"standard","meta":{"footnotes":""},"categories":[2],"tags":[],"class_list":["post-2096","post","type-post","status-publish","format-standard","has-post-thumbnail","hentry","category-vijesti"],"_links":{"self":[{"href":"https:\/\/katolicka-gimnazija.hr\/index.php\/wp-json\/wp\/v2\/posts\/2096","targetHints":{"allow":["GET"]}}],"collection":[{"href":"https:\/\/katolicka-gimnazija.hr\/index.php\/wp-json\/wp\/v2\/posts"}],"about":[{"href":"https:\/\/katolicka-gimnazija.hr\/index.php\/wp-json\/wp\/v2\/types\/post"}],"author":[{"embeddable":true,"href":"https:\/\/katolicka-gimnazija.hr\/index.php\/wp-json\/wp\/v2\/users\/1"}],"replies":[{"embeddable":true,"href":"https:\/\/katolicka-gimnazija.hr\/index.php\/wp-json\/wp\/v2\/comments?post=2096"}],"version-history":[{"count":7,"href":"https:\/\/katolicka-gimnazija.hr\/index.php\/wp-json\/wp\/v2\/posts\/2096\/revisions"}],"predecessor-version":[{"id":15166,"href":"https:\/\/katolicka-gimnazija.hr\/index.php\/wp-json\/wp\/v2\/posts\/2096\/revisions\/15166"}],"wp:featuredmedia":[{"embeddable":true,"href":"https:\/\/katolicka-gimnazija.hr\/index.php\/wp-json\/wp\/v2\/media\/2104"}],"wp:attachment":[{"href":"https:\/\/katolicka-gimnazija.hr\/index.php\/wp-json\/wp\/v2\/media?parent=2096"}],"wp:term":[{"taxonomy":"category","embeddable":true,"href":"https:\/\/katolicka-gimnazija.hr\/index.php\/wp-json\/wp\/v2\/categories?post=2096"},{"taxonomy":"post_tag","embeddable":true,"href":"https:\/\/katolicka-gimnazija.hr\/index.php\/wp-json\/wp\/v2\/tags?post=2096"}],"curies":[{"name":"wp","href":"https:\/\/api.w.org\/{rel}","templated":true}]}}