{"id":21061,"date":"2021-02-12T16:54:33","date_gmt":"2021-02-12T16:54:33","guid":{"rendered":"http:\/\/katolicka-gimnazija.hr\/?p=21061"},"modified":"2021-02-12T16:54:33","modified_gmt":"2021-02-12T16:54:33","slug":"medurazredno-natjecanje-za-veljacu-maskare","status":"publish","type":"post","link":"https:\/\/katolicka-gimnazija.hr\/index.php\/2021\/02\/12\/medurazredno-natjecanje-za-veljacu-maskare\/","title":{"rendered":"ME\u0110URAZREDNO NATJECANJE ZA VELJA\u010cU \u2013 MA\u0160KARE"},"content":{"rendered":"<div>\n<div>U utorak, 16. velja\u010de 2021. u Katoli\u010dkoj gimnaziji u Po\u017eegi za vrijeme 7. sata odr\u017eat \u0107e se me\u0111urazredno natjecanje u maskiranju. U\u010denici svakog razreda trebaju se maskirati odabirom vlastite teme, a pritom je potrebno paziti da se izbjegnu one teme koje bi nekoga vrije\u0111ale ili ismijavale. Cilj ovog natjecanja jest razvedriti atmosferu u \u0161koli, zabaviti se na kreativan na\u010din nakon razdoblja fizi\u010dke udaljenosti zbog online nastave, te doprinijeti me\u0111usobnoj povezanosti u\u010denika u razredima.<\/div>\n<div data-tid=\"messageBodyContainer\">\n<div data-tid=\"messageBodyContent\">\n<p><span>Toga \u0107e dana sati biti prilago\u0111eni natjecanju, a masku svakog pojedinog razreda ocjenjivat\u00a0\u0107e komisija\u00a0bodovima od 1 do 20, prema sljede\u0107im kriterijima: <\/span><\/p>\n<ol>\n<li>Sveobuhvatnost (sudjelovanje cijelog razreda)<\/li>\n<li>Originalnost<\/li>\n<\/ol>\n<p>Komisiju za ocjenjivanje \u010dine \u010detiri profesora koji nisu razrednici:<\/p>\n<ol>\n<li>Vera \u0106u\u017ee Abramovi\u0107<\/li>\n<li>Miroslav Pauli\u0107<\/li>\n<li>Katarina Soldo Obu\u0107ina<\/li>\n<li>Krunoslav Siroglavi\u0107<\/li>\n<\/ol>\n<p>Osvojeni bodovi zbrajat \u0107e se s osvojenim bodovima kroz prvo polugodi\u0161te, te \u0107e ukupan rezultat biti objavljen nakon natjecanja.<\/p>\n<\/div>\n<\/div>\n<\/div>\n","protected":false},"excerpt":{"rendered":"<p>U utorak, 16. velja\u010de 2021. u Katoli\u010dkoj gimnaziji u Po\u017eegi za vrijeme 7. sata odr\u017eat \u0107e se me\u0111urazredno natjecanje u maskiranju. U\u010denici svakog razreda trebaju se maskirati odabirom vlastite teme, a pritom je potrebno paziti da se izbjegnu one teme koje bi nekoga vrije\u0111ale ili ismijavale. Cilj ovog natjecanja jest razvedriti atmosferu u \u0161koli, zabaviti [&hellip;]<\/p>\n","protected":false},"author":76,"featured_media":0,"comment_status":"closed","ping_status":"closed","sticky":false,"template":"","format":"standard","meta":{"footnotes":""},"categories":[3],"tags":[],"class_list":["post-21061","post","type-post","status-publish","format-standard","hentry","category-obavijesti"],"_links":{"self":[{"href":"https:\/\/katolicka-gimnazija.hr\/index.php\/wp-json\/wp\/v2\/posts\/21061","targetHints":{"allow":["GET"]}}],"collection":[{"href":"https:\/\/katolicka-gimnazija.hr\/index.php\/wp-json\/wp\/v2\/posts"}],"about":[{"href":"https:\/\/katolicka-gimnazija.hr\/index.php\/wp-json\/wp\/v2\/types\/post"}],"author":[{"embeddable":true,"href":"https:\/\/katolicka-gimnazija.hr\/index.php\/wp-json\/wp\/v2\/users\/76"}],"replies":[{"embeddable":true,"href":"https:\/\/katolicka-gimnazija.hr\/index.php\/wp-json\/wp\/v2\/comments?post=21061"}],"version-history":[{"count":1,"href":"https:\/\/katolicka-gimnazija.hr\/index.php\/wp-json\/wp\/v2\/posts\/21061\/revisions"}],"predecessor-version":[{"id":21062,"href":"https:\/\/katolicka-gimnazija.hr\/index.php\/wp-json\/wp\/v2\/posts\/21061\/revisions\/21062"}],"wp:attachment":[{"href":"https:\/\/katolicka-gimnazija.hr\/index.php\/wp-json\/wp\/v2\/media?parent=21061"}],"wp:term":[{"taxonomy":"category","embeddable":true,"href":"https:\/\/katolicka-gimnazija.hr\/index.php\/wp-json\/wp\/v2\/categories?post=21061"},{"taxonomy":"post_tag","embeddable":true,"href":"https:\/\/katolicka-gimnazija.hr\/index.php\/wp-json\/wp\/v2\/tags?post=21061"}],"curies":[{"name":"wp","href":"https:\/\/api.w.org\/{rel}","templated":true}]}}