{"id":21899,"date":"2021-03-08T17:38:09","date_gmt":"2021-03-08T17:38:09","guid":{"rendered":"http:\/\/katolicka-gimnazija.hr\/?p=21899"},"modified":"2021-03-10T17:44:11","modified_gmt":"2021-03-10T17:44:11","slug":"marin-milevoj-maturant-4-a-razreda-plasirao-se-na-drzavnu-razinu-natjecanja-iz-filozofije","status":"publish","type":"post","link":"https:\/\/katolicka-gimnazija.hr\/index.php\/2021\/03\/08\/marin-milevoj-maturant-4-a-razreda-plasirao-se-na-drzavnu-razinu-natjecanja-iz-filozofije\/","title":{"rendered":"Marin Milevoj, maturant 4.a razreda, plasirao se na dr\u017eavnu razinu natjecanja iz filozofije"},"content":{"rendered":"<p>U\u010denik na\u0161e \u0161kole Marin Milevoj sudjelovao je na Me\u0111u\u017eupanijskom natjecanju iz filozofije u Osijeku. Nakon dobrih priprema, Marin je u konkurenciji 24 u\u010denika iz cijele Slavonije i Baranje ostvario izvrsno drugo mjesto sa samo dva boda zaostatka za pobjednicom natjecanja te <a href=\"http:\/\/katolicka-gimnazija.hr\/wp-content\/uploads\/2021\/03\/b-scaled.jpg\"><img loading=\"lazy\" decoding=\"async\" class=\"size-medium wp-image-21901 alignright\" src=\"http:\/\/katolicka-gimnazija.hr\/wp-content\/uploads\/2021\/03\/b-300x200.jpg\" alt=\"\" width=\"300\" height=\"200\" srcset=\"https:\/\/katolicka-gimnazija.hr\/wp-content\/uploads\/2021\/03\/b-300x200.jpg 300w, https:\/\/katolicka-gimnazija.hr\/wp-content\/uploads\/2021\/03\/b-1024x683.jpg 1024w, https:\/\/katolicka-gimnazija.hr\/wp-content\/uploads\/2021\/03\/b-768x512.jpg 768w, https:\/\/katolicka-gimnazija.hr\/wp-content\/uploads\/2021\/03\/b-1536x1024.jpg 1536w, https:\/\/katolicka-gimnazija.hr\/wp-content\/uploads\/2021\/03\/b-2048x1365.jpg 2048w, https:\/\/katolicka-gimnazija.hr\/wp-content\/uploads\/2021\/03\/b-400x267.jpg 400w\" sizes=\"auto, (max-width: 300px) 100vw, 300px\" \/><\/a>se tim rezultatom neslu\u017ebeno plasirao na dr\u017eavnu razinu natjecanja.<\/p>\n<p>Marin ka\u017ee kako mu je me\u0111u\u017eupanijsko natjecanje bilo lak\u0161e od \u0161kolskoga jer mu je polazni tekst bio razumljiviji tako da je lak\u0161e mogao izvesti glavnu tezu i zaklju\u010dak. Nadodaje da se veseli dr\u017eavnoj razini natjecanja iako \u0107e se ona provesti online. Na kraju je rekao kako mu je me\u0111u\u017eupanijsko natjecanje otvorilo nove vidike i otkrilo novu perspektivu svijeta.<\/p>\n<p>Ovogodi\u0161nja tema natjecanja bila je \u201ePojedinac i zajednica\u201c. Marin je za natjecanje, koje se sastoji od testa i eseja, prou\u010davao tekstove Thomasa Hobbesa, Johna Lockea, Immanuela Kanta i Jean Jacquesa Rousseaua uz vodstvo mentora nastavnika Stefana Bunjevca.<\/p>\n<p>\u010cestitamo Marinu na odli\u010dnom uspjehu i \u017eelimo mu sre\u0107u na sljede\u0107oj razini natjecanja.<\/p>\n<p style=\"text-align: center;\"><a href=\"http:\/\/katolicka-gimnazija.hr\/wp-content\/uploads\/2021\/03\/c-scaled.jpg\"><img loading=\"lazy\" decoding=\"async\" class=\"size-medium wp-image-21902 aligncenter\" src=\"http:\/\/katolicka-gimnazija.hr\/wp-content\/uploads\/2021\/03\/c-300x200.jpg\" alt=\"\" width=\"300\" height=\"200\" srcset=\"https:\/\/katolicka-gimnazija.hr\/wp-content\/uploads\/2021\/03\/c-300x200.jpg 300w, https:\/\/katolicka-gimnazija.hr\/wp-content\/uploads\/2021\/03\/c-1024x683.jpg 1024w, https:\/\/katolicka-gimnazija.hr\/wp-content\/uploads\/2021\/03\/c-768x512.jpg 768w, https:\/\/katolicka-gimnazija.hr\/wp-content\/uploads\/2021\/03\/c-1536x1024.jpg 1536w, https:\/\/katolicka-gimnazija.hr\/wp-content\/uploads\/2021\/03\/c-2048x1365.jpg 2048w, https:\/\/katolicka-gimnazija.hr\/wp-content\/uploads\/2021\/03\/c-400x267.jpg 400w\" sizes=\"auto, (max-width: 300px) 100vw, 300px\" \/><\/a><\/p>\n","protected":false},"excerpt":{"rendered":"<p>U\u010denik na\u0161e \u0161kole Marin Milevoj sudjelovao je na Me\u0111u\u017eupanijskom natjecanju iz filozofije u Osijeku. Nakon dobrih priprema, Marin je u konkurenciji 24 u\u010denika iz cijele Slavonije i Baranje ostvario izvrsno drugo mjesto sa samo dva boda zaostatka za pobjednicom natjecanja te se tim rezultatom neslu\u017ebeno plasirao na dr\u017eavnu razinu natjecanja. Marin ka\u017ee kako mu je [&hellip;]<\/p>\n","protected":false},"author":61,"featured_media":21900,"comment_status":"closed","ping_status":"closed","sticky":false,"template":"","format":"standard","meta":{"footnotes":""},"categories":[209,2],"tags":[],"class_list":["post-21899","post","type-post","status-publish","format-standard","has-post-thumbnail","hentry","category-natjecanja","category-vijesti"],"_links":{"self":[{"href":"https:\/\/katolicka-gimnazija.hr\/index.php\/wp-json\/wp\/v2\/posts\/21899","targetHints":{"allow":["GET"]}}],"collection":[{"href":"https:\/\/katolicka-gimnazija.hr\/index.php\/wp-json\/wp\/v2\/posts"}],"about":[{"href":"https:\/\/katolicka-gimnazija.hr\/index.php\/wp-json\/wp\/v2\/types\/post"}],"author":[{"embeddable":true,"href":"https:\/\/katolicka-gimnazija.hr\/index.php\/wp-json\/wp\/v2\/users\/61"}],"replies":[{"embeddable":true,"href":"https:\/\/katolicka-gimnazija.hr\/index.php\/wp-json\/wp\/v2\/comments?post=21899"}],"version-history":[{"count":1,"href":"https:\/\/katolicka-gimnazija.hr\/index.php\/wp-json\/wp\/v2\/posts\/21899\/revisions"}],"predecessor-version":[{"id":21903,"href":"https:\/\/katolicka-gimnazija.hr\/index.php\/wp-json\/wp\/v2\/posts\/21899\/revisions\/21903"}],"wp:featuredmedia":[{"embeddable":true,"href":"https:\/\/katolicka-gimnazija.hr\/index.php\/wp-json\/wp\/v2\/media\/21900"}],"wp:attachment":[{"href":"https:\/\/katolicka-gimnazija.hr\/index.php\/wp-json\/wp\/v2\/media?parent=21899"}],"wp:term":[{"taxonomy":"category","embeddable":true,"href":"https:\/\/katolicka-gimnazija.hr\/index.php\/wp-json\/wp\/v2\/categories?post=21899"},{"taxonomy":"post_tag","embeddable":true,"href":"https:\/\/katolicka-gimnazija.hr\/index.php\/wp-json\/wp\/v2\/tags?post=21899"}],"curies":[{"name":"wp","href":"https:\/\/api.w.org\/{rel}","templated":true}]}}