{"id":22489,"date":"2021-04-20T08:53:22","date_gmt":"2021-04-20T08:53:22","guid":{"rendered":"http:\/\/katolicka-gimnazija.hr\/?p=22489"},"modified":"2021-04-20T08:53:22","modified_gmt":"2021-04-20T08:53:22","slug":"na-odrzanom-drzavnom-natjecanju-iz-filozofije-ucenik-4-a-razreda-marin-milevoj-ostvario-je-izvrsno-6-mjesto","status":"publish","type":"post","link":"https:\/\/katolicka-gimnazija.hr\/index.php\/2021\/04\/20\/na-odrzanom-drzavnom-natjecanju-iz-filozofije-ucenik-4-a-razreda-marin-milevoj-ostvario-je-izvrsno-6-mjesto\/","title":{"rendered":"Na odr\u017eanom dr\u017eavnom natjecanju iz Filozofije, u\u010denik 4.a razreda Marin Milevoj ostvario je izvrsno 6. mjesto."},"content":{"rendered":"<p>Natjecanje je provedeno online u \u0161koli. Marin je nakon prvog dijela natjecanja, koji se sastoji od provjere znanja zadanih tekstova, ostvario 3. mjesto, me\u0111utim nakon eseja zauzeo kona\u010dno 6. mjesto.<\/p>\n<p>Tema eseja je aktualni tekst Hararija: \u201eSvijet nakon koronavirusa\u201c. Marin je morao pokazati znanje tekstova suvremenih filozofa poput J. Rawlsa, R. Nozicka i R. Dworkina.<\/p>\n<p>\u010cestitke Marinu!!!!<\/p>\n","protected":false},"excerpt":{"rendered":"<p>Natjecanje je provedeno online u \u0161koli. Marin je nakon prvog dijela natjecanja, koji se sastoji od provjere znanja zadanih tekstova, ostvario 3. mjesto, me\u0111utim nakon eseja zauzeo kona\u010dno 6. mjesto. Tema eseja je aktualni tekst Hararija: \u201eSvijet nakon koronavirusa\u201c. Marin je morao pokazati znanje tekstova suvremenih filozofa poput J. Rawlsa, R. Nozicka i R. Dworkina. [&hellip;]<\/p>\n","protected":false},"author":15,"featured_media":21901,"comment_status":"closed","ping_status":"closed","sticky":false,"template":"","format":"standard","meta":{"footnotes":""},"categories":[209,2],"tags":[],"class_list":["post-22489","post","type-post","status-publish","format-standard","has-post-thumbnail","hentry","category-natjecanja","category-vijesti"],"_links":{"self":[{"href":"https:\/\/katolicka-gimnazija.hr\/index.php\/wp-json\/wp\/v2\/posts\/22489","targetHints":{"allow":["GET"]}}],"collection":[{"href":"https:\/\/katolicka-gimnazija.hr\/index.php\/wp-json\/wp\/v2\/posts"}],"about":[{"href":"https:\/\/katolicka-gimnazija.hr\/index.php\/wp-json\/wp\/v2\/types\/post"}],"author":[{"embeddable":true,"href":"https:\/\/katolicka-gimnazija.hr\/index.php\/wp-json\/wp\/v2\/users\/15"}],"replies":[{"embeddable":true,"href":"https:\/\/katolicka-gimnazija.hr\/index.php\/wp-json\/wp\/v2\/comments?post=22489"}],"version-history":[{"count":1,"href":"https:\/\/katolicka-gimnazija.hr\/index.php\/wp-json\/wp\/v2\/posts\/22489\/revisions"}],"predecessor-version":[{"id":22490,"href":"https:\/\/katolicka-gimnazija.hr\/index.php\/wp-json\/wp\/v2\/posts\/22489\/revisions\/22490"}],"wp:featuredmedia":[{"embeddable":true,"href":"https:\/\/katolicka-gimnazija.hr\/index.php\/wp-json\/wp\/v2\/media\/21901"}],"wp:attachment":[{"href":"https:\/\/katolicka-gimnazija.hr\/index.php\/wp-json\/wp\/v2\/media?parent=22489"}],"wp:term":[{"taxonomy":"category","embeddable":true,"href":"https:\/\/katolicka-gimnazija.hr\/index.php\/wp-json\/wp\/v2\/categories?post=22489"},{"taxonomy":"post_tag","embeddable":true,"href":"https:\/\/katolicka-gimnazija.hr\/index.php\/wp-json\/wp\/v2\/tags?post=22489"}],"curies":[{"name":"wp","href":"https:\/\/api.w.org\/{rel}","templated":true}]}}