{"id":22736,"date":"2021-05-21T12:20:35","date_gmt":"2021-05-21T12:20:35","guid":{"rendered":"http:\/\/katolicka-gimnazija.hr\/?p=22736"},"modified":"2021-05-21T12:20:35","modified_gmt":"2021-05-21T12:20:35","slug":"ucenici-katolicke-gimnazije-s-pravom-javnosti-u-pozegi-osvojili-izvrsno-9-mjesto-na-drzavnom-natjecanju-iz-vjeronauka","status":"publish","type":"post","link":"https:\/\/katolicka-gimnazija.hr\/index.php\/2021\/05\/21\/ucenici-katolicke-gimnazije-s-pravom-javnosti-u-pozegi-osvojili-izvrsno-9-mjesto-na-drzavnom-natjecanju-iz-vjeronauka\/","title":{"rendered":"U\u010denici Katoli\u010dke gimnazije s pravom javnosti u Po\u017eegi osvojili izvrsno 9. mjesto na dr\u017eavnom natjecanju iz vjeronauka"},"content":{"rendered":"<p>U srijedu, 12. svibnja 2021. odr\u017eano je dr\u017eavno natjecanje iz vjeronauka \u2013 Vjeronau\u010dna olimpijada. Umjesto vi\u0161ednevnog natjecanja nacionalna se razina natjecanja zbog aktualne pandemije odr\u017eala u mati\u010dnim \u0161kolama u kojima su u\u010denici pisali testove u trajanju od sat vremena, a tema ovogodi\u0161nje vjeronau\u010dne olimpijade bila je: Biblija \u2013 pisana Bo\u017eja Rije\u010d. U konkurenciji od 20 \u0161kola, na\u0161a je \u0160kola osvojila izvrsno deveto mjesto. Sudjelovali su sljede\u0107i u\u010denici: Matej Raljevi\u0107 (1. razred), Hana Mihalj (2. razred), Hana Boban i Nora \u0160ari\u0107 (3. razred), a mentor im je bio vl\u010d. Krunoslav Siroglavi\u0107, vjerou\u010ditelj.<\/p>\n","protected":false},"excerpt":{"rendered":"<p>U srijedu, 12. svibnja 2021. odr\u017eano je dr\u017eavno natjecanje iz vjeronauka \u2013 Vjeronau\u010dna olimpijada. Umjesto vi\u0161ednevnog natjecanja nacionalna se razina natjecanja zbog aktualne pandemije odr\u017eala u mati\u010dnim \u0161kolama u kojima su u\u010denici pisali testove u trajanju od sat vremena, a tema ovogodi\u0161nje vjeronau\u010dne olimpijade bila je: Biblija \u2013 pisana Bo\u017eja Rije\u010d. U konkurenciji od 20 [&hellip;]<\/p>\n","protected":false},"author":76,"featured_media":22737,"comment_status":"closed","ping_status":"closed","sticky":false,"template":"","format":"standard","meta":{"footnotes":""},"categories":[209,214,2],"tags":[],"class_list":["post-22736","post","type-post","status-publish","format-standard","has-post-thumbnail","hentry","category-natjecanja","category-natjecanja-2","category-vijesti"],"_links":{"self":[{"href":"https:\/\/katolicka-gimnazija.hr\/index.php\/wp-json\/wp\/v2\/posts\/22736","targetHints":{"allow":["GET"]}}],"collection":[{"href":"https:\/\/katolicka-gimnazija.hr\/index.php\/wp-json\/wp\/v2\/posts"}],"about":[{"href":"https:\/\/katolicka-gimnazija.hr\/index.php\/wp-json\/wp\/v2\/types\/post"}],"author":[{"embeddable":true,"href":"https:\/\/katolicka-gimnazija.hr\/index.php\/wp-json\/wp\/v2\/users\/76"}],"replies":[{"embeddable":true,"href":"https:\/\/katolicka-gimnazija.hr\/index.php\/wp-json\/wp\/v2\/comments?post=22736"}],"version-history":[{"count":1,"href":"https:\/\/katolicka-gimnazija.hr\/index.php\/wp-json\/wp\/v2\/posts\/22736\/revisions"}],"predecessor-version":[{"id":22738,"href":"https:\/\/katolicka-gimnazija.hr\/index.php\/wp-json\/wp\/v2\/posts\/22736\/revisions\/22738"}],"wp:featuredmedia":[{"embeddable":true,"href":"https:\/\/katolicka-gimnazija.hr\/index.php\/wp-json\/wp\/v2\/media\/22737"}],"wp:attachment":[{"href":"https:\/\/katolicka-gimnazija.hr\/index.php\/wp-json\/wp\/v2\/media?parent=22736"}],"wp:term":[{"taxonomy":"category","embeddable":true,"href":"https:\/\/katolicka-gimnazija.hr\/index.php\/wp-json\/wp\/v2\/categories?post=22736"},{"taxonomy":"post_tag","embeddable":true,"href":"https:\/\/katolicka-gimnazija.hr\/index.php\/wp-json\/wp\/v2\/tags?post=22736"}],"curies":[{"name":"wp","href":"https:\/\/api.w.org\/{rel}","templated":true}]}}