{"id":2309,"date":"2015-12-22T11:08:51","date_gmt":"2015-12-22T11:08:51","guid":{"rendered":"http:\/\/katolicka-gimnazija.hr\/?p=2309"},"modified":"2015-12-22T15:17:09","modified_gmt":"2015-12-22T15:17:09","slug":"promjene-u-radu-i-organizaciji-skolske-sluzbe-tijekom-zimskog-odmora-ucenika","status":"publish","type":"post","link":"https:\/\/katolicka-gimnazija.hr\/index.php\/2015\/12\/22\/promjene-u-radu-i-organizaciji-skolske-sluzbe-tijekom-zimskog-odmora-ucenika\/","title":{"rendered":"Promjene u radu i organizaciji \u0161kolske slu\u017ebe tijekom zimskog odmora u\u010denika"},"content":{"rendered":"<p>Prvo polugodi\u0161te u \u0161kolskoj godini 2015.\/2016. zavr\u0161it \u0107e <strong>23. prosinca 2015.<\/strong> godine.<br \/>\nZimski odmor u\u010denika zapo\u010det \u0107e 24. prosinca 2015. godine, a zavr\u0161it \u0107e 8. sije\u010dnja 2016. godine.<br \/>\nTijekom zimskog odmora u\u010denika zgrada \u0160kole bit \u0107e otvorena svakog radnog dana, osim na dan blagdana Badnjaka, od 08:00 do 14:00 sati, no promijenit \u0107e se radno vrijeme zaposlenih u \u0161kolskoj slu\u017ebi.<br \/>\nTajnica \u0107e raditi od 4. do 8. sije\u010dnja 2016. godine od 08:00 do 14:00 sati.<br \/>\nO radnom vremenu ostalih zaposlenih u \u0161kolskoj slu\u017ebi mo\u017eete se informirati osobno u \u0160koli ili u radno vrijeme tajni\u0161tva na telefon broj 034\/312-090 ili adresu e-po\u0161te tajnistvo@katolicka-gimnazija.hr.<br \/>\nZimski odmor u\u010denika zavr\u0161it \u0107e 8. sije\u010dnja 2016. godine.<br \/>\nDrugo polugodi\u0161te zapo\u010det \u0107e 11. sije\u010dnja 2016. godine prema redovitom rasporedu sati za u\u010denike i radnom vremenu zaposlenih u \u0161kolskoj slu\u017ebi.<\/p>\n","protected":false},"excerpt":{"rendered":"<p>Prvo polugodi\u0161te u \u0161kolskoj godini 2015.\/2016. zavr\u0161it \u0107e 23. prosinca 2015. godine. Zimski odmor u\u010denika zapo\u010det \u0107e 24. prosinca 2015. godine, a zavr\u0161it \u0107e 8. sije\u010dnja 2016. godine. Tijekom zimskog odmora u\u010denika zgrada \u0160kole bit \u0107e otvorena svakog radnog dana, osim na dan blagdana Badnjaka, od 08:00 do 14:00 sati, no promijenit \u0107e se radno [&hellip;]<\/p>\n","protected":false},"author":1,"featured_media":0,"comment_status":"closed","ping_status":"closed","sticky":false,"template":"","format":"standard","meta":{"footnotes":""},"categories":[3],"tags":[],"class_list":["post-2309","post","type-post","status-publish","format-standard","hentry","category-obavijesti"],"_links":{"self":[{"href":"https:\/\/katolicka-gimnazija.hr\/index.php\/wp-json\/wp\/v2\/posts\/2309","targetHints":{"allow":["GET"]}}],"collection":[{"href":"https:\/\/katolicka-gimnazija.hr\/index.php\/wp-json\/wp\/v2\/posts"}],"about":[{"href":"https:\/\/katolicka-gimnazija.hr\/index.php\/wp-json\/wp\/v2\/types\/post"}],"author":[{"embeddable":true,"href":"https:\/\/katolicka-gimnazija.hr\/index.php\/wp-json\/wp\/v2\/users\/1"}],"replies":[{"embeddable":true,"href":"https:\/\/katolicka-gimnazija.hr\/index.php\/wp-json\/wp\/v2\/comments?post=2309"}],"version-history":[{"count":1,"href":"https:\/\/katolicka-gimnazija.hr\/index.php\/wp-json\/wp\/v2\/posts\/2309\/revisions"}],"predecessor-version":[{"id":2310,"href":"https:\/\/katolicka-gimnazija.hr\/index.php\/wp-json\/wp\/v2\/posts\/2309\/revisions\/2310"}],"wp:attachment":[{"href":"https:\/\/katolicka-gimnazija.hr\/index.php\/wp-json\/wp\/v2\/media?parent=2309"}],"wp:term":[{"taxonomy":"category","embeddable":true,"href":"https:\/\/katolicka-gimnazija.hr\/index.php\/wp-json\/wp\/v2\/categories?post=2309"},{"taxonomy":"post_tag","embeddable":true,"href":"https:\/\/katolicka-gimnazija.hr\/index.php\/wp-json\/wp\/v2\/tags?post=2309"}],"curies":[{"name":"wp","href":"https:\/\/api.w.org\/{rel}","templated":true}]}}