{"id":2314,"date":"2015-12-22T11:33:32","date_gmt":"2015-12-22T11:33:32","guid":{"rendered":"http:\/\/katolicka-gimnazija.hr\/?p=2314"},"modified":"2018-12-28T14:46:31","modified_gmt":"2018-12-28T14:46:31","slug":"pokazi-isusu-kako-ga-volis","status":"publish","type":"post","link":"https:\/\/katolicka-gimnazija.hr\/index.php\/2015\/12\/22\/pokazi-isusu-kako-ga-volis\/","title":{"rendered":"POKA\u017dI ISUSU KAKO GA VOLI\u0160"},"content":{"rendered":"<p><a href=\"http:\/\/katolicka-gimnazija.hr\/wp-content\/uploads\/2015\/12\/DSC_0109.jpg\"><img loading=\"lazy\" decoding=\"async\" class=\"alignleft size-medium wp-image-2315\" src=\"http:\/\/katolicka-gimnazija.hr\/wp-content\/uploads\/2015\/12\/DSC_0109-300x200.jpg\" alt=\"DSC_0109\" width=\"300\" height=\"200\" srcset=\"https:\/\/katolicka-gimnazija.hr\/wp-content\/uploads\/2015\/12\/DSC_0109-300x200.jpg 300w, https:\/\/katolicka-gimnazija.hr\/wp-content\/uploads\/2015\/12\/DSC_0109-768x512.jpg 768w, https:\/\/katolicka-gimnazija.hr\/wp-content\/uploads\/2015\/12\/DSC_0109-400x267.jpg 400w, https:\/\/katolicka-gimnazija.hr\/wp-content\/uploads\/2015\/12\/DSC_0109-1024x683.jpg 1024w, https:\/\/katolicka-gimnazija.hr\/wp-content\/uploads\/2015\/12\/DSC_0109-360x240.jpg 360w, https:\/\/katolicka-gimnazija.hr\/wp-content\/uploads\/2015\/12\/DSC_0109-750x500.jpg 750w, https:\/\/katolicka-gimnazija.hr\/wp-content\/uploads\/2015\/12\/DSC_0109-430x287.jpg 430w, https:\/\/katolicka-gimnazija.hr\/wp-content\/uploads\/2015\/12\/DSC_0109-150x100.jpg 150w, https:\/\/katolicka-gimnazija.hr\/wp-content\/uploads\/2015\/12\/DSC_0109-100x67.jpg 100w\" sizes=\"auto, (max-width: 300px) 100vw, 300px\" \/><\/a>U\u010denici 1.b razreda pokrenuli su tijekom do\u0161a\u0161\u0107a humanitarnu akciju <em>Poka\u017ei Isusu kako ga voli\u0161<\/em> u koju su se mogli uklju\u010diti svi razredi \u0161kole. U tu svrhu u\u010denici su prikupljali hranu i novac za potrebe vi\u0161e\u010dlane obitelji samohrane majke iz Po\u017eege.<\/p>\n<p>Cilj ove akcije bio je u suradnji s Caritasom Po\u017ee\u0161ke biskupije omogu\u0107iti jednoj potrebitoj obitelji dostojanstven i radostan najradosniji kr\u0161\u0107anski blagdan. Uz bo\u017ei\u0107ne \u010destitke, brojne prikupljene namirnice majci i dje\u010dici osobno su uru\u010dili predstavnici u\u010denika Ru\u017eica Bo\u0161njak i Jure Bo\u0161njak, djelatnice Caritasa Ksenija Mikul\u010di\u0107 i Vera \u0160imunovi\u0107, vjerou\u010ditelj Katoli\u010dke gimnazije vl\u010d. Marijan Paveli\u0107 i razrednica Nikolina Bodolovi\u0107. Prema svojim mogu\u0107nostima u\u010dinili smo ono \u0161to smo kao kr\u0161\u0107ani bili du\u017eni u\u010diniti.<\/p>\n<p>Iskreno zahvaljujemo svim u\u010denicima i njihovim roditeljima koji su u ovim te\u0161kim vremenima doprinijeli provedbi humanitarne akcije.<\/p>\n<p>&nbsp; <\/p>\n","protected":false},"excerpt":{"rendered":"<p>U\u010denici 1.b razreda pokrenuli su tijekom do\u0161a\u0161\u0107a humanitarnu akciju Poka\u017ei Isusu kako ga voli\u0161 u koju su se mogli uklju\u010diti svi razredi \u0161kole. U tu svrhu u\u010denici su prikupljali hranu i novac za potrebe vi\u0161e\u010dlane obitelji samohrane majke iz Po\u017eege. Cilj ove akcije bio je u suradnji s Caritasom Po\u017ee\u0161ke biskupije omogu\u0107iti jednoj potrebitoj obitelji [&hellip;]<\/p>\n","protected":false},"author":13,"featured_media":2315,"comment_status":"closed","ping_status":"closed","sticky":false,"template":"","format":"standard","meta":{"footnotes":""},"categories":[2],"tags":[],"class_list":["post-2314","post","type-post","status-publish","format-standard","has-post-thumbnail","hentry","category-vijesti"],"_links":{"self":[{"href":"https:\/\/katolicka-gimnazija.hr\/index.php\/wp-json\/wp\/v2\/posts\/2314","targetHints":{"allow":["GET"]}}],"collection":[{"href":"https:\/\/katolicka-gimnazija.hr\/index.php\/wp-json\/wp\/v2\/posts"}],"about":[{"href":"https:\/\/katolicka-gimnazija.hr\/index.php\/wp-json\/wp\/v2\/types\/post"}],"author":[{"embeddable":true,"href":"https:\/\/katolicka-gimnazija.hr\/index.php\/wp-json\/wp\/v2\/users\/13"}],"replies":[{"embeddable":true,"href":"https:\/\/katolicka-gimnazija.hr\/index.php\/wp-json\/wp\/v2\/comments?post=2314"}],"version-history":[{"count":2,"href":"https:\/\/katolicka-gimnazija.hr\/index.php\/wp-json\/wp\/v2\/posts\/2314\/revisions"}],"predecessor-version":[{"id":15152,"href":"https:\/\/katolicka-gimnazija.hr\/index.php\/wp-json\/wp\/v2\/posts\/2314\/revisions\/15152"}],"wp:featuredmedia":[{"embeddable":true,"href":"https:\/\/katolicka-gimnazija.hr\/index.php\/wp-json\/wp\/v2\/media\/2315"}],"wp:attachment":[{"href":"https:\/\/katolicka-gimnazija.hr\/index.php\/wp-json\/wp\/v2\/media?parent=2314"}],"wp:term":[{"taxonomy":"category","embeddable":true,"href":"https:\/\/katolicka-gimnazija.hr\/index.php\/wp-json\/wp\/v2\/categories?post=2314"},{"taxonomy":"post_tag","embeddable":true,"href":"https:\/\/katolicka-gimnazija.hr\/index.php\/wp-json\/wp\/v2\/tags?post=2314"}],"curies":[{"name":"wp","href":"https:\/\/api.w.org\/{rel}","templated":true}]}}