{"id":23441,"date":"2021-08-26T14:47:54","date_gmt":"2021-08-26T14:47:54","guid":{"rendered":"http:\/\/katolicka-gimnazija.hr\/?p=23441"},"modified":"2021-08-26T14:47:54","modified_gmt":"2021-08-26T14:47:54","slug":"pozeskim-i-pleternickim-brdima-gospi-od-suza","status":"publish","type":"post","link":"https:\/\/katolicka-gimnazija.hr\/index.php\/2021\/08\/26\/pozeskim-i-pleternickim-brdima-gospi-od-suza\/","title":{"rendered":"Po\u017ee\u0161kim i pleterni\u010dkim brdima Gospi od Suza"},"content":{"rendered":"<p>Ju\u010dera\u0161nji dan dao je naslutiti kako se ljetu pomalo bli\u017ei kraj. Iako je advent jo\u0161 daleko, od jutra su nebesa rosila, a oblaci su dali zemlji cijeli dan da se odmori od neumorne pripeke brata Sunca. Je li to bio idealan dan za planinarsko hodo\u010da\u0161\u0107e, vjerojatno bi bilo razli\u010ditih odgovora, no ono \u0161to je va\u017eno jest da se ki\u0161e nismo upla\u0161ili, a da nas oblaci nisu obeshrabrili \u2013 \u017eelja da po tre\u0107i put zajedni\u010dki hodo\u010dastimo Gospi od Suza u Pleternicu bila je ja\u010da.<\/p>\n<p>Okupilo nas se na po\u010detku 24 hrabrih i odlu\u010dnih ispred na\u0161e \u0161kole, preporu\u010dili smo se Bo\u017ejoj milosti i za\u0161titi molitvom u na\u0161oj katedrali pa krenuli u mokro-sklisko-blatnu avanturu bre\u017euljcima Po\u017ee\u0161ke gore. Zaputili smo se sad ve\u0107 provjerenom rutom preko Sv. Vida do Komu\u0161ine, kroz \u0106osine i Vasine Laze preko Starca ponad Pleternice do samoga sveti\u0161ta. Dobrih \u0161est sati hoda proveli smo u ugodnom razgovoru i molitvi krunice tijekom koje smo se upoznali s povije\u0161\u0107u pro\u0161teni\u0161ta Gospe od Suza i njenim prvim \u017eupnicima iz nemilih komunisti\u010dkih vremena s kojima nas je upoznao vjerou\u010ditelj Krunoslav Siroglavi\u0107. Malu hodo\u010dasni\u010dku \u010detu na \u010delu s ravnateljem prof. Bedeni\u010di\u0107em u sveti\u0161tu je do\u010dekao kapelan vl\u010d. Marko Gerendaj, biv\u0161i u\u010denik KG-a, koji nam je ponudio okrjepu prije molitve krunice i svetog misnog slavlja na kojem su sudjelovale stotine hodo\u010dasnika po dosta svje\u017eem vremenu. Dan smo okrunili klanjanjem pred Presvetim Oltarskim Sakramentom koje su predvodili vjernici iz po\u017ee\u0161ke \u017eupe sv. Terezije Avilske.<\/p>\n<p>U ve\u0107 poodmaklom danu za svoj smo hodo\u010dasni\u010dki povratak ku\u0107ama izabrali vlak koji nas je prema redovitom rasporedu na vrijeme vratio na glavni po\u017ee\u0161ki kolodvor. Ovo planinarsko hodo\u010da\u0161\u0107e u Pleternicu koje se tradicionalno odr\u017eava pred novu \u0161kolsku godinu tek je predokus novih planinarskih izazova koji \u0107e se ponuditi \u010dlanovima \u0160kolskog planinarskog dru\u0161tva \u201ePegaz\u201c u 2021.\/2022. godini.<\/p>\n<div id='gallery-1' class='gallery galleryid-23441 gallery-columns-3 gallery-size-medium'><figure class='gallery-item'>\n\t\t\t<div class='gallery-icon landscape'>\n\t\t\t\t<a href='https:\/\/katolicka-gimnazija.hr\/wp-content\/uploads\/2021\/08\/239752492_269932698000075_1309582582550372185_n.jpg'><img loading=\"lazy\" decoding=\"async\" width=\"300\" height=\"225\" src=\"https:\/\/katolicka-gimnazija.hr\/wp-content\/uploads\/2021\/08\/239752492_269932698000075_1309582582550372185_n-300x225.jpg\" class=\"attachment-medium size-medium\" alt=\"\" srcset=\"https:\/\/katolicka-gimnazija.hr\/wp-content\/uploads\/2021\/08\/239752492_269932698000075_1309582582550372185_n-300x225.jpg 300w, https:\/\/katolicka-gimnazija.hr\/wp-content\/uploads\/2021\/08\/239752492_269932698000075_1309582582550372185_n-768x576.jpg 768w, https:\/\/katolicka-gimnazija.hr\/wp-content\/uploads\/2021\/08\/239752492_269932698000075_1309582582550372185_n-400x300.jpg 400w, https:\/\/katolicka-gimnazija.hr\/wp-content\/uploads\/2021\/08\/239752492_269932698000075_1309582582550372185_n.jpg 828w\" sizes=\"auto, (max-width: 300px) 100vw, 300px\" \/><\/a>\n\t\t\t<\/div><\/figure><figure class='gallery-item'>\n\t\t\t<div class='gallery-icon portrait'>\n\t\t\t\t<a href='https:\/\/katolicka-gimnazija.hr\/wp-content\/uploads\/2021\/08\/DSC_0029-rotated.jpg'><img loading=\"lazy\" decoding=\"async\" width=\"200\" height=\"300\" src=\"https:\/\/katolicka-gimnazija.hr\/wp-content\/uploads\/2021\/08\/DSC_0029-200x300.jpg\" class=\"attachment-medium size-medium\" alt=\"\" srcset=\"https:\/\/katolicka-gimnazija.hr\/wp-content\/uploads\/2021\/08\/DSC_0029-200x300.jpg 200w, https:\/\/katolicka-gimnazija.hr\/wp-content\/uploads\/2021\/08\/DSC_0029-683x1024.jpg 683w, https:\/\/katolicka-gimnazija.hr\/wp-content\/uploads\/2021\/08\/DSC_0029-768x1152.jpg 768w, https:\/\/katolicka-gimnazija.hr\/wp-content\/uploads\/2021\/08\/DSC_0029-1024x1536.jpg 1024w, https:\/\/katolicka-gimnazija.hr\/wp-content\/uploads\/2021\/08\/DSC_0029-rotated.jpg 1152w\" sizes=\"auto, (max-width: 200px) 100vw, 200px\" \/><\/a>\n\t\t\t<\/div><\/figure><figure class='gallery-item'>\n\t\t\t<div class='gallery-icon landscape'>\n\t\t\t\t<a href='https:\/\/katolicka-gimnazija.hr\/wp-content\/uploads\/2021\/08\/DSC_0015.jpg'><img loading=\"lazy\" decoding=\"async\" width=\"300\" height=\"200\" src=\"https:\/\/katolicka-gimnazija.hr\/wp-content\/uploads\/2021\/08\/DSC_0015-300x200.jpg\" class=\"attachment-medium size-medium\" alt=\"\" srcset=\"https:\/\/katolicka-gimnazija.hr\/wp-content\/uploads\/2021\/08\/DSC_0015-300x200.jpg 300w, https:\/\/katolicka-gimnazija.hr\/wp-content\/uploads\/2021\/08\/DSC_0015-1024x683.jpg 1024w, https:\/\/katolicka-gimnazija.hr\/wp-content\/uploads\/2021\/08\/DSC_0015-768x512.jpg 768w, https:\/\/katolicka-gimnazija.hr\/wp-content\/uploads\/2021\/08\/DSC_0015-1536x1024.jpg 1536w, https:\/\/katolicka-gimnazija.hr\/wp-content\/uploads\/2021\/08\/DSC_0015-2048x1365.jpg 2048w, https:\/\/katolicka-gimnazija.hr\/wp-content\/uploads\/2021\/08\/DSC_0015-400x267.jpg 400w\" sizes=\"auto, (max-width: 300px) 100vw, 300px\" \/><\/a>\n\t\t\t<\/div><\/figure><figure class='gallery-item'>\n\t\t\t<div class='gallery-icon portrait'>\n\t\t\t\t<a href='https:\/\/katolicka-gimnazija.hr\/wp-content\/uploads\/2021\/08\/IMG_20210825_113419-scaled.jpg'><img loading=\"lazy\" decoding=\"async\" width=\"225\" height=\"300\" src=\"https:\/\/katolicka-gimnazija.hr\/wp-content\/uploads\/2021\/08\/IMG_20210825_113419-225x300.jpg\" class=\"attachment-medium size-medium\" alt=\"\" aria-describedby=\"gallery-1-23473\" srcset=\"https:\/\/katolicka-gimnazija.hr\/wp-content\/uploads\/2021\/08\/IMG_20210825_113419-225x300.jpg 225w, https:\/\/katolicka-gimnazija.hr\/wp-content\/uploads\/2021\/08\/IMG_20210825_113419-768x1024.jpg 768w, https:\/\/katolicka-gimnazija.hr\/wp-content\/uploads\/2021\/08\/IMG_20210825_113419-1152x1536.jpg 1152w, https:\/\/katolicka-gimnazija.hr\/wp-content\/uploads\/2021\/08\/IMG_20210825_113419-1536x2048.jpg 1536w, https:\/\/katolicka-gimnazija.hr\/wp-content\/uploads\/2021\/08\/IMG_20210825_113419-scaled.jpg 1920w\" sizes=\"auto, (max-width: 225px) 100vw, 225px\" \/><\/a>\n\t\t\t<\/div>\n\t\t\t\t<figcaption class='wp-caption-text gallery-caption' id='gallery-1-23473'>\n\t\t\t\tsmart\n\t\t\t\t<\/figcaption><\/figure><figure class='gallery-item'>\n\t\t\t<div class='gallery-icon landscape'>\n\t\t\t\t<a href='https:\/\/katolicka-gimnazija.hr\/wp-content\/uploads\/2021\/08\/DSC_0004.jpg'><img loading=\"lazy\" decoding=\"async\" width=\"300\" height=\"200\" src=\"https:\/\/katolicka-gimnazija.hr\/wp-content\/uploads\/2021\/08\/DSC_0004-300x200.jpg\" class=\"attachment-medium size-medium\" alt=\"\" srcset=\"https:\/\/katolicka-gimnazija.hr\/wp-content\/uploads\/2021\/08\/DSC_0004-300x200.jpg 300w, https:\/\/katolicka-gimnazija.hr\/wp-content\/uploads\/2021\/08\/DSC_0004-1024x683.jpg 1024w, https:\/\/katolicka-gimnazija.hr\/wp-content\/uploads\/2021\/08\/DSC_0004-768x512.jpg 768w, https:\/\/katolicka-gimnazija.hr\/wp-content\/uploads\/2021\/08\/DSC_0004-1536x1024.jpg 1536w, https:\/\/katolicka-gimnazija.hr\/wp-content\/uploads\/2021\/08\/DSC_0004-2048x1365.jpg 2048w, https:\/\/katolicka-gimnazija.hr\/wp-content\/uploads\/2021\/08\/DSC_0004-400x267.jpg 400w\" sizes=\"auto, (max-width: 300px) 100vw, 300px\" \/><\/a>\n\t\t\t<\/div><\/figure><figure class='gallery-item'>\n\t\t\t<div class='gallery-icon portrait'>\n\t\t\t\t<a href='https:\/\/katolicka-gimnazija.hr\/wp-content\/uploads\/2021\/08\/240577961_269111668071883_1331940399536950098_n.jpg'><img loading=\"lazy\" decoding=\"async\" width=\"225\" height=\"300\" src=\"https:\/\/katolicka-gimnazija.hr\/wp-content\/uploads\/2021\/08\/240577961_269111668071883_1331940399536950098_n-225x300.jpg\" class=\"attachment-medium size-medium\" alt=\"\" srcset=\"https:\/\/katolicka-gimnazija.hr\/wp-content\/uploads\/2021\/08\/240577961_269111668071883_1331940399536950098_n-225x300.jpg 225w, https:\/\/katolicka-gimnazija.hr\/wp-content\/uploads\/2021\/08\/240577961_269111668071883_1331940399536950098_n-768x1024.jpg 768w, https:\/\/katolicka-gimnazija.hr\/wp-content\/uploads\/2021\/08\/240577961_269111668071883_1331940399536950098_n.jpg 828w\" sizes=\"auto, (max-width: 225px) 100vw, 225px\" \/><\/a>\n\t\t\t<\/div><\/figure><figure class='gallery-item'>\n\t\t\t<div class='gallery-icon landscape'>\n\t\t\t\t<a href='https:\/\/katolicka-gimnazija.hr\/wp-content\/uploads\/2021\/08\/240618393_681131086618198_2269336177804726386_n.jpg'><img loading=\"lazy\" decoding=\"async\" width=\"300\" height=\"225\" src=\"https:\/\/katolicka-gimnazija.hr\/wp-content\/uploads\/2021\/08\/240618393_681131086618198_2269336177804726386_n-300x225.jpg\" class=\"attachment-medium size-medium\" alt=\"\" srcset=\"https:\/\/katolicka-gimnazija.hr\/wp-content\/uploads\/2021\/08\/240618393_681131086618198_2269336177804726386_n-300x225.jpg 300w, https:\/\/katolicka-gimnazija.hr\/wp-content\/uploads\/2021\/08\/240618393_681131086618198_2269336177804726386_n-768x576.jpg 768w, https:\/\/katolicka-gimnazija.hr\/wp-content\/uploads\/2021\/08\/240618393_681131086618198_2269336177804726386_n-400x300.jpg 400w, https:\/\/katolicka-gimnazija.hr\/wp-content\/uploads\/2021\/08\/240618393_681131086618198_2269336177804726386_n.jpg 828w\" sizes=\"auto, (max-width: 300px) 100vw, 300px\" \/><\/a>\n\t\t\t<\/div><\/figure><figure class='gallery-item'>\n\t\t\t<div class='gallery-icon landscape'>\n\t\t\t\t<a href='https:\/\/katolicka-gimnazija.hr\/wp-content\/uploads\/2021\/08\/DSC_0006.jpg'><img loading=\"lazy\" decoding=\"async\" width=\"300\" height=\"200\" src=\"https:\/\/katolicka-gimnazija.hr\/wp-content\/uploads\/2021\/08\/DSC_0006-300x200.jpg\" class=\"attachment-medium size-medium\" alt=\"\" srcset=\"https:\/\/katolicka-gimnazija.hr\/wp-content\/uploads\/2021\/08\/DSC_0006-300x200.jpg 300w, https:\/\/katolicka-gimnazija.hr\/wp-content\/uploads\/2021\/08\/DSC_0006-1024x683.jpg 1024w, https:\/\/katolicka-gimnazija.hr\/wp-content\/uploads\/2021\/08\/DSC_0006-768x512.jpg 768w, https:\/\/katolicka-gimnazija.hr\/wp-content\/uploads\/2021\/08\/DSC_0006-1536x1024.jpg 1536w, https:\/\/katolicka-gimnazija.hr\/wp-content\/uploads\/2021\/08\/DSC_0006-2048x1365.jpg 2048w, https:\/\/katolicka-gimnazija.hr\/wp-content\/uploads\/2021\/08\/DSC_0006-400x267.jpg 400w\" sizes=\"auto, (max-width: 300px) 100vw, 300px\" \/><\/a>\n\t\t\t<\/div><\/figure><figure class='gallery-item'>\n\t\t\t<div class='gallery-icon landscape'>\n\t\t\t\t<a href='https:\/\/katolicka-gimnazija.hr\/wp-content\/uploads\/2021\/08\/240387328_386735889475265_8138613941416969252_n.jpg'><img loading=\"lazy\" decoding=\"async\" width=\"300\" height=\"225\" src=\"https:\/\/katolicka-gimnazija.hr\/wp-content\/uploads\/2021\/08\/240387328_386735889475265_8138613941416969252_n-300x225.jpg\" class=\"attachment-medium size-medium\" alt=\"\" srcset=\"https:\/\/katolicka-gimnazija.hr\/wp-content\/uploads\/2021\/08\/240387328_386735889475265_8138613941416969252_n-300x225.jpg 300w, https:\/\/katolicka-gimnazija.hr\/wp-content\/uploads\/2021\/08\/240387328_386735889475265_8138613941416969252_n-768x576.jpg 768w, https:\/\/katolicka-gimnazija.hr\/wp-content\/uploads\/2021\/08\/240387328_386735889475265_8138613941416969252_n-400x300.jpg 400w, https:\/\/katolicka-gimnazija.hr\/wp-content\/uploads\/2021\/08\/240387328_386735889475265_8138613941416969252_n.jpg 828w\" sizes=\"auto, (max-width: 300px) 100vw, 300px\" \/><\/a>\n\t\t\t<\/div><\/figure><figure class='gallery-item'>\n\t\t\t<div class='gallery-icon portrait'>\n\t\t\t\t<a href='https:\/\/katolicka-gimnazija.hr\/wp-content\/uploads\/2021\/08\/DSC_0025-rotated.jpg'><img loading=\"lazy\" decoding=\"async\" width=\"200\" height=\"300\" src=\"https:\/\/katolicka-gimnazija.hr\/wp-content\/uploads\/2021\/08\/DSC_0025-200x300.jpg\" class=\"attachment-medium size-medium\" alt=\"\" srcset=\"https:\/\/katolicka-gimnazija.hr\/wp-content\/uploads\/2021\/08\/DSC_0025-200x300.jpg 200w, https:\/\/katolicka-gimnazija.hr\/wp-content\/uploads\/2021\/08\/DSC_0025-683x1024.jpg 683w, https:\/\/katolicka-gimnazija.hr\/wp-content\/uploads\/2021\/08\/DSC_0025-768x1152.jpg 768w, https:\/\/katolicka-gimnazija.hr\/wp-content\/uploads\/2021\/08\/DSC_0025-1024x1536.jpg 1024w, https:\/\/katolicka-gimnazija.hr\/wp-content\/uploads\/2021\/08\/DSC_0025-rotated.jpg 1152w\" sizes=\"auto, (max-width: 200px) 100vw, 200px\" \/><\/a>\n\t\t\t<\/div><\/figure><figure class='gallery-item'>\n\t\t\t<div class='gallery-icon landscape'>\n\t\t\t\t<a href='https:\/\/katolicka-gimnazija.hr\/wp-content\/uploads\/2021\/08\/DSC_0035.jpg'><img loading=\"lazy\" decoding=\"async\" width=\"300\" height=\"200\" src=\"https:\/\/katolicka-gimnazija.hr\/wp-content\/uploads\/2021\/08\/DSC_0035-300x200.jpg\" class=\"attachment-medium size-medium\" alt=\"\" srcset=\"https:\/\/katolicka-gimnazija.hr\/wp-content\/uploads\/2021\/08\/DSC_0035-300x200.jpg 300w, https:\/\/katolicka-gimnazija.hr\/wp-content\/uploads\/2021\/08\/DSC_0035-1024x683.jpg 1024w, https:\/\/katolicka-gimnazija.hr\/wp-content\/uploads\/2021\/08\/DSC_0035-768x512.jpg 768w, https:\/\/katolicka-gimnazija.hr\/wp-content\/uploads\/2021\/08\/DSC_0035-1536x1024.jpg 1536w, https:\/\/katolicka-gimnazija.hr\/wp-content\/uploads\/2021\/08\/DSC_0035-400x267.jpg 400w, https:\/\/katolicka-gimnazija.hr\/wp-content\/uploads\/2021\/08\/DSC_0035.jpg 1728w\" sizes=\"auto, (max-width: 300px) 100vw, 300px\" \/><\/a>\n\t\t\t<\/div><\/figure><figure class='gallery-item'>\n\t\t\t<div class='gallery-icon landscape'>\n\t\t\t\t<a href='https:\/\/katolicka-gimnazija.hr\/wp-content\/uploads\/2021\/08\/240565552_620773322223564_910492255232463406_n.jpg'><img loading=\"lazy\" decoding=\"async\" width=\"300\" height=\"225\" src=\"https:\/\/katolicka-gimnazija.hr\/wp-content\/uploads\/2021\/08\/240565552_620773322223564_910492255232463406_n-300x225.jpg\" class=\"attachment-medium size-medium\" alt=\"\" srcset=\"https:\/\/katolicka-gimnazija.hr\/wp-content\/uploads\/2021\/08\/240565552_620773322223564_910492255232463406_n-300x225.jpg 300w, https:\/\/katolicka-gimnazija.hr\/wp-content\/uploads\/2021\/08\/240565552_620773322223564_910492255232463406_n-768x576.jpg 768w, https:\/\/katolicka-gimnazija.hr\/wp-content\/uploads\/2021\/08\/240565552_620773322223564_910492255232463406_n-400x300.jpg 400w, https:\/\/katolicka-gimnazija.hr\/wp-content\/uploads\/2021\/08\/240565552_620773322223564_910492255232463406_n.jpg 828w\" sizes=\"auto, (max-width: 300px) 100vw, 300px\" \/><\/a>\n\t\t\t<\/div><\/figure><figure class='gallery-item'>\n\t\t\t<div class='gallery-icon landscape'>\n\t\t\t\t<a href='https:\/\/katolicka-gimnazija.hr\/wp-content\/uploads\/2021\/08\/DSC_0027.jpg'><img loading=\"lazy\" decoding=\"async\" width=\"300\" height=\"200\" src=\"https:\/\/katolicka-gimnazija.hr\/wp-content\/uploads\/2021\/08\/DSC_0027-300x200.jpg\" class=\"attachment-medium size-medium\" alt=\"\" srcset=\"https:\/\/katolicka-gimnazija.hr\/wp-content\/uploads\/2021\/08\/DSC_0027-300x200.jpg 300w, https:\/\/katolicka-gimnazija.hr\/wp-content\/uploads\/2021\/08\/DSC_0027-1024x683.jpg 1024w, https:\/\/katolicka-gimnazija.hr\/wp-content\/uploads\/2021\/08\/DSC_0027-768x512.jpg 768w, https:\/\/katolicka-gimnazija.hr\/wp-content\/uploads\/2021\/08\/DSC_0027-1536x1024.jpg 1536w, https:\/\/katolicka-gimnazija.hr\/wp-content\/uploads\/2021\/08\/DSC_0027-400x267.jpg 400w, https:\/\/katolicka-gimnazija.hr\/wp-content\/uploads\/2021\/08\/DSC_0027.jpg 1728w\" sizes=\"auto, (max-width: 300px) 100vw, 300px\" \/><\/a>\n\t\t\t<\/div><\/figure><figure class='gallery-item'>\n\t\t\t<div class='gallery-icon landscape'>\n\t\t\t\t<a href='https:\/\/katolicka-gimnazija.hr\/wp-content\/uploads\/2021\/08\/IMG-20210825-WA0002.jpg'><img loading=\"lazy\" decoding=\"async\" width=\"300\" height=\"225\" src=\"https:\/\/katolicka-gimnazija.hr\/wp-content\/uploads\/2021\/08\/IMG-20210825-WA0002-300x225.jpg\" class=\"attachment-medium size-medium\" alt=\"\" srcset=\"https:\/\/katolicka-gimnazija.hr\/wp-content\/uploads\/2021\/08\/IMG-20210825-WA0002-300x225.jpg 300w, https:\/\/katolicka-gimnazija.hr\/wp-content\/uploads\/2021\/08\/IMG-20210825-WA0002-1024x768.jpg 1024w, https:\/\/katolicka-gimnazija.hr\/wp-content\/uploads\/2021\/08\/IMG-20210825-WA0002-768x576.jpg 768w, https:\/\/katolicka-gimnazija.hr\/wp-content\/uploads\/2021\/08\/IMG-20210825-WA0002-1536x1152.jpg 1536w, https:\/\/katolicka-gimnazija.hr\/wp-content\/uploads\/2021\/08\/IMG-20210825-WA0002-400x300.jpg 400w, https:\/\/katolicka-gimnazija.hr\/wp-content\/uploads\/2021\/08\/IMG-20210825-WA0002.jpg 2048w\" sizes=\"auto, (max-width: 300px) 100vw, 300px\" \/><\/a>\n\t\t\t<\/div><\/figure><figure class='gallery-item'>\n\t\t\t<div class='gallery-icon landscape'>\n\t\t\t\t<a href='https:\/\/katolicka-gimnazija.hr\/wp-content\/uploads\/2021\/08\/IMG_20210825_153358-scaled.jpg'><img loading=\"lazy\" decoding=\"async\" width=\"300\" height=\"225\" src=\"https:\/\/katolicka-gimnazija.hr\/wp-content\/uploads\/2021\/08\/IMG_20210825_153358-300x225.jpg\" class=\"attachment-medium size-medium\" alt=\"\" aria-describedby=\"gallery-1-23474\" srcset=\"https:\/\/katolicka-gimnazija.hr\/wp-content\/uploads\/2021\/08\/IMG_20210825_153358-300x225.jpg 300w, https:\/\/katolicka-gimnazija.hr\/wp-content\/uploads\/2021\/08\/IMG_20210825_153358-1024x768.jpg 1024w, https:\/\/katolicka-gimnazija.hr\/wp-content\/uploads\/2021\/08\/IMG_20210825_153358-768x576.jpg 768w, https:\/\/katolicka-gimnazija.hr\/wp-content\/uploads\/2021\/08\/IMG_20210825_153358-1536x1152.jpg 1536w, https:\/\/katolicka-gimnazija.hr\/wp-content\/uploads\/2021\/08\/IMG_20210825_153358-2048x1536.jpg 2048w, https:\/\/katolicka-gimnazija.hr\/wp-content\/uploads\/2021\/08\/IMG_20210825_153358-400x300.jpg 400w\" sizes=\"auto, (max-width: 300px) 100vw, 300px\" \/><\/a>\n\t\t\t<\/div>\n\t\t\t\t<figcaption class='wp-caption-text gallery-caption' id='gallery-1-23474'>\n\t\t\t\tsmart\n\t\t\t\t<\/figcaption><\/figure><figure class='gallery-item'>\n\t\t\t<div class='gallery-icon landscape'>\n\t\t\t\t<a href='https:\/\/katolicka-gimnazija.hr\/wp-content\/uploads\/2021\/08\/240142447_370152958076569_4923819865989576508_n.jpg'><img loading=\"lazy\" decoding=\"async\" width=\"300\" height=\"225\" src=\"https:\/\/katolicka-gimnazija.hr\/wp-content\/uploads\/2021\/08\/240142447_370152958076569_4923819865989576508_n-300x225.jpg\" class=\"attachment-medium size-medium\" alt=\"\" srcset=\"https:\/\/katolicka-gimnazija.hr\/wp-content\/uploads\/2021\/08\/240142447_370152958076569_4923819865989576508_n-300x225.jpg 300w, https:\/\/katolicka-gimnazija.hr\/wp-content\/uploads\/2021\/08\/240142447_370152958076569_4923819865989576508_n-768x576.jpg 768w, https:\/\/katolicka-gimnazija.hr\/wp-content\/uploads\/2021\/08\/240142447_370152958076569_4923819865989576508_n-400x300.jpg 400w, https:\/\/katolicka-gimnazija.hr\/wp-content\/uploads\/2021\/08\/240142447_370152958076569_4923819865989576508_n.jpg 828w\" sizes=\"auto, (max-width: 300px) 100vw, 300px\" \/><\/a>\n\t\t\t<\/div><\/figure><figure class='gallery-item'>\n\t\t\t<div class='gallery-icon landscape'>\n\t\t\t\t<a href='https:\/\/katolicka-gimnazija.hr\/wp-content\/uploads\/2021\/08\/IMG_20210825_154119-scaled.jpg'><img loading=\"lazy\" decoding=\"async\" width=\"300\" height=\"225\" src=\"https:\/\/katolicka-gimnazija.hr\/wp-content\/uploads\/2021\/08\/IMG_20210825_154119-300x225.jpg\" class=\"attachment-medium size-medium\" alt=\"\" aria-describedby=\"gallery-1-23472\" srcset=\"https:\/\/katolicka-gimnazija.hr\/wp-content\/uploads\/2021\/08\/IMG_20210825_154119-300x225.jpg 300w, https:\/\/katolicka-gimnazija.hr\/wp-content\/uploads\/2021\/08\/IMG_20210825_154119-1024x768.jpg 1024w, https:\/\/katolicka-gimnazija.hr\/wp-content\/uploads\/2021\/08\/IMG_20210825_154119-768x576.jpg 768w, https:\/\/katolicka-gimnazija.hr\/wp-content\/uploads\/2021\/08\/IMG_20210825_154119-1536x1152.jpg 1536w, https:\/\/katolicka-gimnazija.hr\/wp-content\/uploads\/2021\/08\/IMG_20210825_154119-2048x1536.jpg 2048w, https:\/\/katolicka-gimnazija.hr\/wp-content\/uploads\/2021\/08\/IMG_20210825_154119-400x300.jpg 400w\" sizes=\"auto, (max-width: 300px) 100vw, 300px\" \/><\/a>\n\t\t\t<\/div>\n\t\t\t\t<figcaption class='wp-caption-text gallery-caption' id='gallery-1-23472'>\n\t\t\t\tsmart\n\t\t\t\t<\/figcaption><\/figure><figure class='gallery-item'>\n\t\t\t<div class='gallery-icon landscape'>\n\t\t\t\t<a href='https:\/\/katolicka-gimnazija.hr\/wp-content\/uploads\/2021\/08\/DSC_0030.jpg'><img loading=\"lazy\" decoding=\"async\" width=\"300\" height=\"200\" src=\"https:\/\/katolicka-gimnazija.hr\/wp-content\/uploads\/2021\/08\/DSC_0030-300x200.jpg\" class=\"attachment-medium size-medium\" alt=\"\" srcset=\"https:\/\/katolicka-gimnazija.hr\/wp-content\/uploads\/2021\/08\/DSC_0030-300x200.jpg 300w, https:\/\/katolicka-gimnazija.hr\/wp-content\/uploads\/2021\/08\/DSC_0030-1024x683.jpg 1024w, https:\/\/katolicka-gimnazija.hr\/wp-content\/uploads\/2021\/08\/DSC_0030-768x512.jpg 768w, https:\/\/katolicka-gimnazija.hr\/wp-content\/uploads\/2021\/08\/DSC_0030-1536x1024.jpg 1536w, https:\/\/katolicka-gimnazija.hr\/wp-content\/uploads\/2021\/08\/DSC_0030-400x267.jpg 400w, https:\/\/katolicka-gimnazija.hr\/wp-content\/uploads\/2021\/08\/DSC_0030.jpg 1728w\" sizes=\"auto, (max-width: 300px) 100vw, 300px\" \/><\/a>\n\t\t\t<\/div><\/figure><figure class='gallery-item'>\n\t\t\t<div class='gallery-icon landscape'>\n\t\t\t\t<a href='https:\/\/katolicka-gimnazija.hr\/wp-content\/uploads\/2021\/08\/DSC_0022.jpg'><img loading=\"lazy\" decoding=\"async\" width=\"300\" height=\"200\" src=\"https:\/\/katolicka-gimnazija.hr\/wp-content\/uploads\/2021\/08\/DSC_0022-300x200.jpg\" class=\"attachment-medium size-medium\" alt=\"\" srcset=\"https:\/\/katolicka-gimnazija.hr\/wp-content\/uploads\/2021\/08\/DSC_0022-300x200.jpg 300w, https:\/\/katolicka-gimnazija.hr\/wp-content\/uploads\/2021\/08\/DSC_0022-1024x683.jpg 1024w, https:\/\/katolicka-gimnazija.hr\/wp-content\/uploads\/2021\/08\/DSC_0022-768x512.jpg 768w, https:\/\/katolicka-gimnazija.hr\/wp-content\/uploads\/2021\/08\/DSC_0022-1536x1024.jpg 1536w, https:\/\/katolicka-gimnazija.hr\/wp-content\/uploads\/2021\/08\/DSC_0022-400x267.jpg 400w, https:\/\/katolicka-gimnazija.hr\/wp-content\/uploads\/2021\/08\/DSC_0022.jpg 1728w\" sizes=\"auto, (max-width: 300px) 100vw, 300px\" \/><\/a>\n\t\t\t<\/div><\/figure><figure class='gallery-item'>\n\t\t\t<div class='gallery-icon landscape'>\n\t\t\t\t<a href='https:\/\/katolicka-gimnazija.hr\/wp-content\/uploads\/2021\/08\/DSC_0007.jpg'><img loading=\"lazy\" decoding=\"async\" width=\"300\" height=\"200\" src=\"https:\/\/katolicka-gimnazija.hr\/wp-content\/uploads\/2021\/08\/DSC_0007-300x200.jpg\" class=\"attachment-medium size-medium\" alt=\"\" srcset=\"https:\/\/katolicka-gimnazija.hr\/wp-content\/uploads\/2021\/08\/DSC_0007-300x200.jpg 300w, https:\/\/katolicka-gimnazija.hr\/wp-content\/uploads\/2021\/08\/DSC_0007-1024x683.jpg 1024w, https:\/\/katolicka-gimnazija.hr\/wp-content\/uploads\/2021\/08\/DSC_0007-768x512.jpg 768w, https:\/\/katolicka-gimnazija.hr\/wp-content\/uploads\/2021\/08\/DSC_0007-1536x1024.jpg 1536w, https:\/\/katolicka-gimnazija.hr\/wp-content\/uploads\/2021\/08\/DSC_0007-2048x1365.jpg 2048w, https:\/\/katolicka-gimnazija.hr\/wp-content\/uploads\/2021\/08\/DSC_0007-400x267.jpg 400w\" sizes=\"auto, (max-width: 300px) 100vw, 300px\" \/><\/a>\n\t\t\t<\/div><\/figure><figure class='gallery-item'>\n\t\t\t<div class='gallery-icon landscape'>\n\t\t\t\t<a href='https:\/\/katolicka-gimnazija.hr\/wp-content\/uploads\/2021\/08\/DSC_0032.jpg'><img loading=\"lazy\" decoding=\"async\" width=\"300\" height=\"200\" src=\"https:\/\/katolicka-gimnazija.hr\/wp-content\/uploads\/2021\/08\/DSC_0032-300x200.jpg\" class=\"attachment-medium size-medium\" alt=\"\" srcset=\"https:\/\/katolicka-gimnazija.hr\/wp-content\/uploads\/2021\/08\/DSC_0032-300x200.jpg 300w, https:\/\/katolicka-gimnazija.hr\/wp-content\/uploads\/2021\/08\/DSC_0032-1024x683.jpg 1024w, https:\/\/katolicka-gimnazija.hr\/wp-content\/uploads\/2021\/08\/DSC_0032-768x512.jpg 768w, https:\/\/katolicka-gimnazija.hr\/wp-content\/uploads\/2021\/08\/DSC_0032-1536x1024.jpg 1536w, https:\/\/katolicka-gimnazija.hr\/wp-content\/uploads\/2021\/08\/DSC_0032-400x267.jpg 400w, https:\/\/katolicka-gimnazija.hr\/wp-content\/uploads\/2021\/08\/DSC_0032.jpg 1728w\" sizes=\"auto, (max-width: 300px) 100vw, 300px\" \/><\/a>\n\t\t\t<\/div><\/figure><figure class='gallery-item'>\n\t\t\t<div class='gallery-icon landscape'>\n\t\t\t\t<a href='https:\/\/katolicka-gimnazija.hr\/wp-content\/uploads\/2021\/08\/DSC_0017.jpg'><img loading=\"lazy\" decoding=\"async\" width=\"300\" height=\"200\" src=\"https:\/\/katolicka-gimnazija.hr\/wp-content\/uploads\/2021\/08\/DSC_0017-300x200.jpg\" class=\"attachment-medium size-medium\" alt=\"\" srcset=\"https:\/\/katolicka-gimnazija.hr\/wp-content\/uploads\/2021\/08\/DSC_0017-300x200.jpg 300w, https:\/\/katolicka-gimnazija.hr\/wp-content\/uploads\/2021\/08\/DSC_0017-1024x683.jpg 1024w, https:\/\/katolicka-gimnazija.hr\/wp-content\/uploads\/2021\/08\/DSC_0017-768x512.jpg 768w, https:\/\/katolicka-gimnazija.hr\/wp-content\/uploads\/2021\/08\/DSC_0017-1536x1024.jpg 1536w, https:\/\/katolicka-gimnazija.hr\/wp-content\/uploads\/2021\/08\/DSC_0017-2048x1365.jpg 2048w, https:\/\/katolicka-gimnazija.hr\/wp-content\/uploads\/2021\/08\/DSC_0017-400x267.jpg 400w\" sizes=\"auto, (max-width: 300px) 100vw, 300px\" \/><\/a>\n\t\t\t<\/div><\/figure><figure class='gallery-item'>\n\t\t\t<div class='gallery-icon portrait'>\n\t\t\t\t<a href='https:\/\/katolicka-gimnazija.hr\/wp-content\/uploads\/2021\/08\/IMG_20210825_103335-scaled.jpg'><img loading=\"lazy\" decoding=\"async\" width=\"225\" height=\"300\" src=\"https:\/\/katolicka-gimnazija.hr\/wp-content\/uploads\/2021\/08\/IMG_20210825_103335-225x300.jpg\" class=\"attachment-medium size-medium\" alt=\"\" aria-describedby=\"gallery-1-23468\" srcset=\"https:\/\/katolicka-gimnazija.hr\/wp-content\/uploads\/2021\/08\/IMG_20210825_103335-225x300.jpg 225w, https:\/\/katolicka-gimnazija.hr\/wp-content\/uploads\/2021\/08\/IMG_20210825_103335-768x1024.jpg 768w, https:\/\/katolicka-gimnazija.hr\/wp-content\/uploads\/2021\/08\/IMG_20210825_103335-1152x1536.jpg 1152w, https:\/\/katolicka-gimnazija.hr\/wp-content\/uploads\/2021\/08\/IMG_20210825_103335-1536x2048.jpg 1536w, https:\/\/katolicka-gimnazija.hr\/wp-content\/uploads\/2021\/08\/IMG_20210825_103335-scaled.jpg 1920w\" sizes=\"auto, (max-width: 225px) 100vw, 225px\" \/><\/a>\n\t\t\t<\/div>\n\t\t\t\t<figcaption class='wp-caption-text gallery-caption' id='gallery-1-23468'>\n\t\t\t\tsmart\n\t\t\t\t<\/figcaption><\/figure><figure class='gallery-item'>\n\t\t\t<div class='gallery-icon landscape'>\n\t\t\t\t<a href='https:\/\/katolicka-gimnazija.hr\/wp-content\/uploads\/2021\/08\/DSC_0016.jpg'><img loading=\"lazy\" decoding=\"async\" width=\"300\" height=\"200\" src=\"https:\/\/katolicka-gimnazija.hr\/wp-content\/uploads\/2021\/08\/DSC_0016-300x200.jpg\" class=\"attachment-medium size-medium\" alt=\"\" srcset=\"https:\/\/katolicka-gimnazija.hr\/wp-content\/uploads\/2021\/08\/DSC_0016-300x200.jpg 300w, https:\/\/katolicka-gimnazija.hr\/wp-content\/uploads\/2021\/08\/DSC_0016-1024x683.jpg 1024w, https:\/\/katolicka-gimnazija.hr\/wp-content\/uploads\/2021\/08\/DSC_0016-768x512.jpg 768w, https:\/\/katolicka-gimnazija.hr\/wp-content\/uploads\/2021\/08\/DSC_0016-1536x1024.jpg 1536w, https:\/\/katolicka-gimnazija.hr\/wp-content\/uploads\/2021\/08\/DSC_0016-2048x1365.jpg 2048w, https:\/\/katolicka-gimnazija.hr\/wp-content\/uploads\/2021\/08\/DSC_0016-400x267.jpg 400w\" sizes=\"auto, (max-width: 300px) 100vw, 300px\" \/><\/a>\n\t\t\t<\/div><\/figure><figure class='gallery-item'>\n\t\t\t<div class='gallery-icon landscape'>\n\t\t\t\t<a href='https:\/\/katolicka-gimnazija.hr\/wp-content\/uploads\/2021\/08\/DSC_0001.jpg'><img loading=\"lazy\" decoding=\"async\" width=\"300\" height=\"168\" src=\"https:\/\/katolicka-gimnazija.hr\/wp-content\/uploads\/2021\/08\/DSC_0001-300x168.jpg\" class=\"attachment-medium size-medium\" alt=\"\" srcset=\"https:\/\/katolicka-gimnazija.hr\/wp-content\/uploads\/2021\/08\/DSC_0001-300x168.jpg 300w, https:\/\/katolicka-gimnazija.hr\/wp-content\/uploads\/2021\/08\/DSC_0001-1024x574.jpg 1024w, https:\/\/katolicka-gimnazija.hr\/wp-content\/uploads\/2021\/08\/DSC_0001-768x431.jpg 768w, https:\/\/katolicka-gimnazija.hr\/wp-content\/uploads\/2021\/08\/DSC_0001-1536x861.jpg 1536w, https:\/\/katolicka-gimnazija.hr\/wp-content\/uploads\/2021\/08\/DSC_0001-400x224.jpg 400w, https:\/\/katolicka-gimnazija.hr\/wp-content\/uploads\/2021\/08\/DSC_0001.jpg 1933w\" sizes=\"auto, (max-width: 300px) 100vw, 300px\" \/><\/a>\n\t\t\t<\/div><\/figure><figure class='gallery-item'>\n\t\t\t<div class='gallery-icon landscape'>\n\t\t\t\t<a href='https:\/\/katolicka-gimnazija.hr\/wp-content\/uploads\/2021\/08\/237303505_1036721700471864_3235091991756603533_n.jpg'><img loading=\"lazy\" decoding=\"async\" width=\"300\" height=\"225\" src=\"https:\/\/katolicka-gimnazija.hr\/wp-content\/uploads\/2021\/08\/237303505_1036721700471864_3235091991756603533_n-300x225.jpg\" class=\"attachment-medium size-medium\" alt=\"\" srcset=\"https:\/\/katolicka-gimnazija.hr\/wp-content\/uploads\/2021\/08\/237303505_1036721700471864_3235091991756603533_n-300x225.jpg 300w, https:\/\/katolicka-gimnazija.hr\/wp-content\/uploads\/2021\/08\/237303505_1036721700471864_3235091991756603533_n-768x576.jpg 768w, https:\/\/katolicka-gimnazija.hr\/wp-content\/uploads\/2021\/08\/237303505_1036721700471864_3235091991756603533_n-400x300.jpg 400w, https:\/\/katolicka-gimnazija.hr\/wp-content\/uploads\/2021\/08\/237303505_1036721700471864_3235091991756603533_n.jpg 828w\" sizes=\"auto, (max-width: 300px) 100vw, 300px\" \/><\/a>\n\t\t\t<\/div><\/figure><figure class='gallery-item'>\n\t\t\t<div class='gallery-icon landscape'>\n\t\t\t\t<a href='https:\/\/katolicka-gimnazija.hr\/wp-content\/uploads\/2021\/08\/DSC_0034.jpg'><img loading=\"lazy\" decoding=\"async\" width=\"300\" height=\"200\" src=\"https:\/\/katolicka-gimnazija.hr\/wp-content\/uploads\/2021\/08\/DSC_0034-300x200.jpg\" class=\"attachment-medium size-medium\" alt=\"\" srcset=\"https:\/\/katolicka-gimnazija.hr\/wp-content\/uploads\/2021\/08\/DSC_0034-300x200.jpg 300w, https:\/\/katolicka-gimnazija.hr\/wp-content\/uploads\/2021\/08\/DSC_0034-1024x683.jpg 1024w, https:\/\/katolicka-gimnazija.hr\/wp-content\/uploads\/2021\/08\/DSC_0034-768x512.jpg 768w, https:\/\/katolicka-gimnazija.hr\/wp-content\/uploads\/2021\/08\/DSC_0034-1536x1024.jpg 1536w, https:\/\/katolicka-gimnazija.hr\/wp-content\/uploads\/2021\/08\/DSC_0034-400x267.jpg 400w, https:\/\/katolicka-gimnazija.hr\/wp-content\/uploads\/2021\/08\/DSC_0034.jpg 1728w\" sizes=\"auto, (max-width: 300px) 100vw, 300px\" \/><\/a>\n\t\t\t<\/div><\/figure><figure class='gallery-item'>\n\t\t\t<div class='gallery-icon landscape'>\n\t\t\t\t<a href='https:\/\/katolicka-gimnazija.hr\/wp-content\/uploads\/2021\/08\/239767872_247925570522827_195367200625618185_n.jpg'><img loading=\"lazy\" decoding=\"async\" width=\"300\" height=\"225\" src=\"https:\/\/katolicka-gimnazija.hr\/wp-content\/uploads\/2021\/08\/239767872_247925570522827_195367200625618185_n-300x225.jpg\" class=\"attachment-medium size-medium\" alt=\"\" srcset=\"https:\/\/katolicka-gimnazija.hr\/wp-content\/uploads\/2021\/08\/239767872_247925570522827_195367200625618185_n-300x225.jpg 300w, https:\/\/katolicka-gimnazija.hr\/wp-content\/uploads\/2021\/08\/239767872_247925570522827_195367200625618185_n-768x576.jpg 768w, https:\/\/katolicka-gimnazija.hr\/wp-content\/uploads\/2021\/08\/239767872_247925570522827_195367200625618185_n-400x300.jpg 400w, https:\/\/katolicka-gimnazija.hr\/wp-content\/uploads\/2021\/08\/239767872_247925570522827_195367200625618185_n.jpg 828w\" sizes=\"auto, (max-width: 300px) 100vw, 300px\" \/><\/a>\n\t\t\t<\/div><\/figure><figure class='gallery-item'>\n\t\t\t<div class='gallery-icon landscape'>\n\t\t\t\t<a href='https:\/\/katolicka-gimnazija.hr\/wp-content\/uploads\/2021\/08\/DSC_0014.jpg'><img loading=\"lazy\" decoding=\"async\" width=\"300\" height=\"200\" src=\"https:\/\/katolicka-gimnazija.hr\/wp-content\/uploads\/2021\/08\/DSC_0014-300x200.jpg\" class=\"attachment-medium size-medium\" alt=\"\" srcset=\"https:\/\/katolicka-gimnazija.hr\/wp-content\/uploads\/2021\/08\/DSC_0014-300x200.jpg 300w, https:\/\/katolicka-gimnazija.hr\/wp-content\/uploads\/2021\/08\/DSC_0014-1024x683.jpg 1024w, https:\/\/katolicka-gimnazija.hr\/wp-content\/uploads\/2021\/08\/DSC_0014-768x512.jpg 768w, https:\/\/katolicka-gimnazija.hr\/wp-content\/uploads\/2021\/08\/DSC_0014-1536x1024.jpg 1536w, https:\/\/katolicka-gimnazija.hr\/wp-content\/uploads\/2021\/08\/DSC_0014-2048x1365.jpg 2048w, https:\/\/katolicka-gimnazija.hr\/wp-content\/uploads\/2021\/08\/DSC_0014-400x267.jpg 400w\" sizes=\"auto, (max-width: 300px) 100vw, 300px\" \/><\/a>\n\t\t\t<\/div><\/figure><figure class='gallery-item'>\n\t\t\t<div class='gallery-icon portrait'>\n\t\t\t\t<a href='https:\/\/katolicka-gimnazija.hr\/wp-content\/uploads\/2021\/08\/DSC_0028-rotated.jpg'><img loading=\"lazy\" decoding=\"async\" width=\"200\" height=\"300\" src=\"https:\/\/katolicka-gimnazija.hr\/wp-content\/uploads\/2021\/08\/DSC_0028-200x300.jpg\" class=\"attachment-medium size-medium\" alt=\"\" srcset=\"https:\/\/katolicka-gimnazija.hr\/wp-content\/uploads\/2021\/08\/DSC_0028-200x300.jpg 200w, https:\/\/katolicka-gimnazija.hr\/wp-content\/uploads\/2021\/08\/DSC_0028-683x1024.jpg 683w, https:\/\/katolicka-gimnazija.hr\/wp-content\/uploads\/2021\/08\/DSC_0028-768x1152.jpg 768w, https:\/\/katolicka-gimnazija.hr\/wp-content\/uploads\/2021\/08\/DSC_0028-1024x1536.jpg 1024w, https:\/\/katolicka-gimnazija.hr\/wp-content\/uploads\/2021\/08\/DSC_0028-rotated.jpg 1152w\" sizes=\"auto, (max-width: 200px) 100vw, 200px\" \/><\/a>\n\t\t\t<\/div><\/figure><figure class='gallery-item'>\n\t\t\t<div class='gallery-icon landscape'>\n\t\t\t\t<a href='https:\/\/katolicka-gimnazija.hr\/wp-content\/uploads\/2021\/08\/DSC_0026.jpg'><img loading=\"lazy\" decoding=\"async\" width=\"300\" height=\"200\" src=\"https:\/\/katolicka-gimnazija.hr\/wp-content\/uploads\/2021\/08\/DSC_0026-300x200.jpg\" class=\"attachment-medium size-medium\" alt=\"\" srcset=\"https:\/\/katolicka-gimnazija.hr\/wp-content\/uploads\/2021\/08\/DSC_0026-300x200.jpg 300w, https:\/\/katolicka-gimnazija.hr\/wp-content\/uploads\/2021\/08\/DSC_0026-1024x683.jpg 1024w, https:\/\/katolicka-gimnazija.hr\/wp-content\/uploads\/2021\/08\/DSC_0026-768x512.jpg 768w, https:\/\/katolicka-gimnazija.hr\/wp-content\/uploads\/2021\/08\/DSC_0026-1536x1024.jpg 1536w, https:\/\/katolicka-gimnazija.hr\/wp-content\/uploads\/2021\/08\/DSC_0026-400x267.jpg 400w, https:\/\/katolicka-gimnazija.hr\/wp-content\/uploads\/2021\/08\/DSC_0026.jpg 1728w\" sizes=\"auto, (max-width: 300px) 100vw, 300px\" \/><\/a>\n\t\t\t<\/div><\/figure><figure class='gallery-item'>\n\t\t\t<div class='gallery-icon landscape'>\n\t\t\t\t<a href='https:\/\/katolicka-gimnazija.hr\/wp-content\/uploads\/2021\/08\/240612544_1139542316534101_175313907129971821_n.jpg'><img loading=\"lazy\" decoding=\"async\" width=\"300\" height=\"225\" src=\"https:\/\/katolicka-gimnazija.hr\/wp-content\/uploads\/2021\/08\/240612544_1139542316534101_175313907129971821_n-300x225.jpg\" class=\"attachment-medium size-medium\" alt=\"\" srcset=\"https:\/\/katolicka-gimnazija.hr\/wp-content\/uploads\/2021\/08\/240612544_1139542316534101_175313907129971821_n-300x225.jpg 300w, https:\/\/katolicka-gimnazija.hr\/wp-content\/uploads\/2021\/08\/240612544_1139542316534101_175313907129971821_n-768x576.jpg 768w, https:\/\/katolicka-gimnazija.hr\/wp-content\/uploads\/2021\/08\/240612544_1139542316534101_175313907129971821_n-400x300.jpg 400w, https:\/\/katolicka-gimnazija.hr\/wp-content\/uploads\/2021\/08\/240612544_1139542316534101_175313907129971821_n.jpg 828w\" sizes=\"auto, (max-width: 300px) 100vw, 300px\" \/><\/a>\n\t\t\t<\/div><\/figure><figure class='gallery-item'>\n\t\t\t<div class='gallery-icon landscape'>\n\t\t\t\t<a href='https:\/\/katolicka-gimnazija.hr\/wp-content\/uploads\/2021\/08\/DSC_0023.jpg'><img loading=\"lazy\" decoding=\"async\" width=\"300\" height=\"200\" src=\"https:\/\/katolicka-gimnazija.hr\/wp-content\/uploads\/2021\/08\/DSC_0023-300x200.jpg\" class=\"attachment-medium size-medium\" alt=\"\" srcset=\"https:\/\/katolicka-gimnazija.hr\/wp-content\/uploads\/2021\/08\/DSC_0023-300x200.jpg 300w, https:\/\/katolicka-gimnazija.hr\/wp-content\/uploads\/2021\/08\/DSC_0023-1024x683.jpg 1024w, https:\/\/katolicka-gimnazija.hr\/wp-content\/uploads\/2021\/08\/DSC_0023-768x512.jpg 768w, https:\/\/katolicka-gimnazija.hr\/wp-content\/uploads\/2021\/08\/DSC_0023-1536x1024.jpg 1536w, https:\/\/katolicka-gimnazija.hr\/wp-content\/uploads\/2021\/08\/DSC_0023-400x267.jpg 400w, https:\/\/katolicka-gimnazija.hr\/wp-content\/uploads\/2021\/08\/DSC_0023.jpg 1728w\" sizes=\"auto, (max-width: 300px) 100vw, 300px\" \/><\/a>\n\t\t\t<\/div><\/figure><figure class='gallery-item'>\n\t\t\t<div class='gallery-icon portrait'>\n\t\t\t\t<a href='https:\/\/katolicka-gimnazija.hr\/wp-content\/uploads\/2021\/08\/DSC_0011-rotated.jpg'><img loading=\"lazy\" decoding=\"async\" width=\"200\" height=\"300\" src=\"https:\/\/katolicka-gimnazija.hr\/wp-content\/uploads\/2021\/08\/DSC_0011-200x300.jpg\" class=\"attachment-medium size-medium\" alt=\"\" srcset=\"https:\/\/katolicka-gimnazija.hr\/wp-content\/uploads\/2021\/08\/DSC_0011-200x300.jpg 200w, https:\/\/katolicka-gimnazija.hr\/wp-content\/uploads\/2021\/08\/DSC_0011-683x1024.jpg 683w, https:\/\/katolicka-gimnazija.hr\/wp-content\/uploads\/2021\/08\/DSC_0011-768x1152.jpg 768w, https:\/\/katolicka-gimnazija.hr\/wp-content\/uploads\/2021\/08\/DSC_0011-1024x1536.jpg 1024w, https:\/\/katolicka-gimnazija.hr\/wp-content\/uploads\/2021\/08\/DSC_0011-1365x2048.jpg 1365w, https:\/\/katolicka-gimnazija.hr\/wp-content\/uploads\/2021\/08\/DSC_0011-rotated.jpg 1536w\" sizes=\"auto, (max-width: 200px) 100vw, 200px\" \/><\/a>\n\t\t\t<\/div><\/figure><figure class='gallery-item'>\n\t\t\t<div class='gallery-icon portrait'>\n\t\t\t\t<a href='https:\/\/katolicka-gimnazija.hr\/wp-content\/uploads\/2021\/08\/IMG_20210825_153224-scaled.jpg'><img loading=\"lazy\" decoding=\"async\" width=\"225\" height=\"300\" src=\"https:\/\/katolicka-gimnazija.hr\/wp-content\/uploads\/2021\/08\/IMG_20210825_153224-225x300.jpg\" class=\"attachment-medium size-medium\" alt=\"\" aria-describedby=\"gallery-1-23470\" srcset=\"https:\/\/katolicka-gimnazija.hr\/wp-content\/uploads\/2021\/08\/IMG_20210825_153224-225x300.jpg 225w, https:\/\/katolicka-gimnazija.hr\/wp-content\/uploads\/2021\/08\/IMG_20210825_153224-768x1024.jpg 768w, https:\/\/katolicka-gimnazija.hr\/wp-content\/uploads\/2021\/08\/IMG_20210825_153224-1152x1536.jpg 1152w, https:\/\/katolicka-gimnazija.hr\/wp-content\/uploads\/2021\/08\/IMG_20210825_153224-1536x2048.jpg 1536w, https:\/\/katolicka-gimnazija.hr\/wp-content\/uploads\/2021\/08\/IMG_20210825_153224-scaled.jpg 1920w\" sizes=\"auto, (max-width: 225px) 100vw, 225px\" \/><\/a>\n\t\t\t<\/div>\n\t\t\t\t<figcaption class='wp-caption-text gallery-caption' id='gallery-1-23470'>\n\t\t\t\tsmart\n\t\t\t\t<\/figcaption><\/figure><figure class='gallery-item'>\n\t\t\t<div class='gallery-icon landscape'>\n\t\t\t\t<a href='https:\/\/katolicka-gimnazija.hr\/wp-content\/uploads\/2021\/08\/237676557_231545482311325_5297305343483917456_n-1.jpg'><img loading=\"lazy\" decoding=\"async\" width=\"300\" height=\"225\" src=\"https:\/\/katolicka-gimnazija.hr\/wp-content\/uploads\/2021\/08\/237676557_231545482311325_5297305343483917456_n-1-300x225.jpg\" class=\"attachment-medium size-medium\" alt=\"\" srcset=\"https:\/\/katolicka-gimnazija.hr\/wp-content\/uploads\/2021\/08\/237676557_231545482311325_5297305343483917456_n-1-300x225.jpg 300w, https:\/\/katolicka-gimnazija.hr\/wp-content\/uploads\/2021\/08\/237676557_231545482311325_5297305343483917456_n-1-768x576.jpg 768w, https:\/\/katolicka-gimnazija.hr\/wp-content\/uploads\/2021\/08\/237676557_231545482311325_5297305343483917456_n-1-400x300.jpg 400w, https:\/\/katolicka-gimnazija.hr\/wp-content\/uploads\/2021\/08\/237676557_231545482311325_5297305343483917456_n-1.jpg 828w\" sizes=\"auto, (max-width: 300px) 100vw, 300px\" \/><\/a>\n\t\t\t<\/div><\/figure><figure class='gallery-item'>\n\t\t\t<div class='gallery-icon landscape'>\n\t\t\t\t<a href='https:\/\/katolicka-gimnazija.hr\/wp-content\/uploads\/2021\/08\/DSC_0024.jpg'><img loading=\"lazy\" decoding=\"async\" width=\"300\" height=\"200\" src=\"https:\/\/katolicka-gimnazija.hr\/wp-content\/uploads\/2021\/08\/DSC_0024-300x200.jpg\" class=\"attachment-medium size-medium\" alt=\"\" srcset=\"https:\/\/katolicka-gimnazija.hr\/wp-content\/uploads\/2021\/08\/DSC_0024-300x200.jpg 300w, https:\/\/katolicka-gimnazija.hr\/wp-content\/uploads\/2021\/08\/DSC_0024-1024x683.jpg 1024w, https:\/\/katolicka-gimnazija.hr\/wp-content\/uploads\/2021\/08\/DSC_0024-768x512.jpg 768w, https:\/\/katolicka-gimnazija.hr\/wp-content\/uploads\/2021\/08\/DSC_0024-1536x1024.jpg 1536w, https:\/\/katolicka-gimnazija.hr\/wp-content\/uploads\/2021\/08\/DSC_0024-400x267.jpg 400w, https:\/\/katolicka-gimnazija.hr\/wp-content\/uploads\/2021\/08\/DSC_0024.jpg 1728w\" sizes=\"auto, (max-width: 300px) 100vw, 300px\" \/><\/a>\n\t\t\t<\/div><\/figure><figure class='gallery-item'>\n\t\t\t<div class='gallery-icon landscape'>\n\t\t\t\t<a href='https:\/\/katolicka-gimnazija.hr\/wp-content\/uploads\/2021\/08\/DSC_0020.jpg'><img loading=\"lazy\" decoding=\"async\" width=\"300\" height=\"200\" src=\"https:\/\/katolicka-gimnazija.hr\/wp-content\/uploads\/2021\/08\/DSC_0020-300x200.jpg\" class=\"attachment-medium size-medium\" alt=\"\" srcset=\"https:\/\/katolicka-gimnazija.hr\/wp-content\/uploads\/2021\/08\/DSC_0020-300x200.jpg 300w, https:\/\/katolicka-gimnazija.hr\/wp-content\/uploads\/2021\/08\/DSC_0020-1024x683.jpg 1024w, https:\/\/katolicka-gimnazija.hr\/wp-content\/uploads\/2021\/08\/DSC_0020-768x512.jpg 768w, https:\/\/katolicka-gimnazija.hr\/wp-content\/uploads\/2021\/08\/DSC_0020-1536x1024.jpg 1536w, https:\/\/katolicka-gimnazija.hr\/wp-content\/uploads\/2021\/08\/DSC_0020-400x267.jpg 400w, https:\/\/katolicka-gimnazija.hr\/wp-content\/uploads\/2021\/08\/DSC_0020.jpg 1728w\" sizes=\"auto, (max-width: 300px) 100vw, 300px\" \/><\/a>\n\t\t\t<\/div><\/figure><figure class='gallery-item'>\n\t\t\t<div class='gallery-icon portrait'>\n\t\t\t\t<a href='https:\/\/katolicka-gimnazija.hr\/wp-content\/uploads\/2021\/08\/IMG_20210825_153237-1-scaled.jpg'><img loading=\"lazy\" decoding=\"async\" width=\"225\" height=\"300\" src=\"https:\/\/katolicka-gimnazija.hr\/wp-content\/uploads\/2021\/08\/IMG_20210825_153237-1-225x300.jpg\" class=\"attachment-medium size-medium\" alt=\"\" aria-describedby=\"gallery-1-23469\" srcset=\"https:\/\/katolicka-gimnazija.hr\/wp-content\/uploads\/2021\/08\/IMG_20210825_153237-1-225x300.jpg 225w, https:\/\/katolicka-gimnazija.hr\/wp-content\/uploads\/2021\/08\/IMG_20210825_153237-1-768x1024.jpg 768w, https:\/\/katolicka-gimnazija.hr\/wp-content\/uploads\/2021\/08\/IMG_20210825_153237-1-1152x1536.jpg 1152w, https:\/\/katolicka-gimnazija.hr\/wp-content\/uploads\/2021\/08\/IMG_20210825_153237-1-1536x2048.jpg 1536w, https:\/\/katolicka-gimnazija.hr\/wp-content\/uploads\/2021\/08\/IMG_20210825_153237-1-scaled.jpg 1920w\" sizes=\"auto, (max-width: 225px) 100vw, 225px\" \/><\/a>\n\t\t\t<\/div>\n\t\t\t\t<figcaption class='wp-caption-text gallery-caption' id='gallery-1-23469'>\n\t\t\t\tsmart\n\t\t\t\t<\/figcaption><\/figure><figure class='gallery-item'>\n\t\t\t<div class='gallery-icon landscape'>\n\t\t\t\t<a href='https:\/\/katolicka-gimnazija.hr\/wp-content\/uploads\/2021\/08\/DSC_0018.jpg'><img loading=\"lazy\" decoding=\"async\" width=\"300\" height=\"200\" src=\"https:\/\/katolicka-gimnazija.hr\/wp-content\/uploads\/2021\/08\/DSC_0018-300x200.jpg\" class=\"attachment-medium size-medium\" alt=\"\" srcset=\"https:\/\/katolicka-gimnazija.hr\/wp-content\/uploads\/2021\/08\/DSC_0018-300x200.jpg 300w, https:\/\/katolicka-gimnazija.hr\/wp-content\/uploads\/2021\/08\/DSC_0018-1024x683.jpg 1024w, https:\/\/katolicka-gimnazija.hr\/wp-content\/uploads\/2021\/08\/DSC_0018-768x512.jpg 768w, https:\/\/katolicka-gimnazija.hr\/wp-content\/uploads\/2021\/08\/DSC_0018-1536x1024.jpg 1536w, https:\/\/katolicka-gimnazija.hr\/wp-content\/uploads\/2021\/08\/DSC_0018-2048x1365.jpg 2048w, https:\/\/katolicka-gimnazija.hr\/wp-content\/uploads\/2021\/08\/DSC_0018-400x267.jpg 400w\" sizes=\"auto, (max-width: 300px) 100vw, 300px\" \/><\/a>\n\t\t\t<\/div><\/figure><figure class='gallery-item'>\n\t\t\t<div class='gallery-icon portrait'>\n\t\t\t\t<a href='https:\/\/katolicka-gimnazija.hr\/wp-content\/uploads\/2021\/08\/IMG_20210825_153419-scaled.jpg'><img loading=\"lazy\" decoding=\"async\" width=\"225\" height=\"300\" src=\"https:\/\/katolicka-gimnazija.hr\/wp-content\/uploads\/2021\/08\/IMG_20210825_153419-225x300.jpg\" class=\"attachment-medium size-medium\" alt=\"\" aria-describedby=\"gallery-1-23471\" srcset=\"https:\/\/katolicka-gimnazija.hr\/wp-content\/uploads\/2021\/08\/IMG_20210825_153419-225x300.jpg 225w, https:\/\/katolicka-gimnazija.hr\/wp-content\/uploads\/2021\/08\/IMG_20210825_153419-768x1024.jpg 768w, https:\/\/katolicka-gimnazija.hr\/wp-content\/uploads\/2021\/08\/IMG_20210825_153419-1152x1536.jpg 1152w, https:\/\/katolicka-gimnazija.hr\/wp-content\/uploads\/2021\/08\/IMG_20210825_153419-1536x2048.jpg 1536w, https:\/\/katolicka-gimnazija.hr\/wp-content\/uploads\/2021\/08\/IMG_20210825_153419-scaled.jpg 1920w\" sizes=\"auto, (max-width: 225px) 100vw, 225px\" \/><\/a>\n\t\t\t<\/div>\n\t\t\t\t<figcaption class='wp-caption-text gallery-caption' id='gallery-1-23471'>\n\t\t\t\tsmart\n\t\t\t\t<\/figcaption><\/figure><figure class='gallery-item'>\n\t\t\t<div class='gallery-icon portrait'>\n\t\t\t\t<a href='https:\/\/katolicka-gimnazija.hr\/wp-content\/uploads\/2021\/08\/DSC_0019-rotated.jpg'><img loading=\"lazy\" decoding=\"async\" width=\"200\" height=\"300\" src=\"https:\/\/katolicka-gimnazija.hr\/wp-content\/uploads\/2021\/08\/DSC_0019-200x300.jpg\" class=\"attachment-medium size-medium\" alt=\"\" srcset=\"https:\/\/katolicka-gimnazija.hr\/wp-content\/uploads\/2021\/08\/DSC_0019-200x300.jpg 200w, https:\/\/katolicka-gimnazija.hr\/wp-content\/uploads\/2021\/08\/DSC_0019-683x1024.jpg 683w, https:\/\/katolicka-gimnazija.hr\/wp-content\/uploads\/2021\/08\/DSC_0019-768x1152.jpg 768w, https:\/\/katolicka-gimnazija.hr\/wp-content\/uploads\/2021\/08\/DSC_0019-1024x1536.jpg 1024w, https:\/\/katolicka-gimnazija.hr\/wp-content\/uploads\/2021\/08\/DSC_0019-1365x2048.jpg 1365w, https:\/\/katolicka-gimnazija.hr\/wp-content\/uploads\/2021\/08\/DSC_0019-rotated.jpg 1536w\" sizes=\"auto, (max-width: 200px) 100vw, 200px\" \/><\/a>\n\t\t\t<\/div><\/figure><figure class='gallery-item'>\n\t\t\t<div class='gallery-icon landscape'>\n\t\t\t\t<a href='https:\/\/katolicka-gimnazija.hr\/wp-content\/uploads\/2021\/08\/DSC_0013.jpg'><img loading=\"lazy\" decoding=\"async\" width=\"300\" height=\"200\" src=\"https:\/\/katolicka-gimnazija.hr\/wp-content\/uploads\/2021\/08\/DSC_0013-300x200.jpg\" class=\"attachment-medium size-medium\" alt=\"\" srcset=\"https:\/\/katolicka-gimnazija.hr\/wp-content\/uploads\/2021\/08\/DSC_0013-300x200.jpg 300w, https:\/\/katolicka-gimnazija.hr\/wp-content\/uploads\/2021\/08\/DSC_0013-1024x683.jpg 1024w, https:\/\/katolicka-gimnazija.hr\/wp-content\/uploads\/2021\/08\/DSC_0013-768x512.jpg 768w, https:\/\/katolicka-gimnazija.hr\/wp-content\/uploads\/2021\/08\/DSC_0013-1536x1024.jpg 1536w, https:\/\/katolicka-gimnazija.hr\/wp-content\/uploads\/2021\/08\/DSC_0013-2048x1365.jpg 2048w, https:\/\/katolicka-gimnazija.hr\/wp-content\/uploads\/2021\/08\/DSC_0013-400x267.jpg 400w\" sizes=\"auto, (max-width: 300px) 100vw, 300px\" \/><\/a>\n\t\t\t<\/div><\/figure><figure class='gallery-item'>\n\t\t\t<div class='gallery-icon landscape'>\n\t\t\t\t<a href='https:\/\/katolicka-gimnazija.hr\/wp-content\/uploads\/2021\/08\/DSC_0031.jpg'><img loading=\"lazy\" decoding=\"async\" width=\"300\" height=\"200\" src=\"https:\/\/katolicka-gimnazija.hr\/wp-content\/uploads\/2021\/08\/DSC_0031-300x200.jpg\" class=\"attachment-medium size-medium\" alt=\"\" srcset=\"https:\/\/katolicka-gimnazija.hr\/wp-content\/uploads\/2021\/08\/DSC_0031-300x200.jpg 300w, https:\/\/katolicka-gimnazija.hr\/wp-content\/uploads\/2021\/08\/DSC_0031-1024x683.jpg 1024w, https:\/\/katolicka-gimnazija.hr\/wp-content\/uploads\/2021\/08\/DSC_0031-768x512.jpg 768w, https:\/\/katolicka-gimnazija.hr\/wp-content\/uploads\/2021\/08\/DSC_0031-1536x1024.jpg 1536w, https:\/\/katolicka-gimnazija.hr\/wp-content\/uploads\/2021\/08\/DSC_0031-400x267.jpg 400w, https:\/\/katolicka-gimnazija.hr\/wp-content\/uploads\/2021\/08\/DSC_0031.jpg 1728w\" sizes=\"auto, (max-width: 300px) 100vw, 300px\" \/><\/a>\n\t\t\t<\/div><\/figure>\n\t\t<\/div>\n\n","protected":false},"excerpt":{"rendered":"<p>Ju\u010dera\u0161nji dan dao je naslutiti kako se ljetu pomalo bli\u017ei kraj. Iako je advent jo\u0161 daleko, od jutra su nebesa rosila, a oblaci su dali zemlji cijeli dan da se odmori od neumorne pripeke brata Sunca. Je li to bio idealan dan za planinarsko hodo\u010da\u0161\u0107e, vjerojatno bi bilo razli\u010ditih odgovora, no ono \u0161to je va\u017eno [&hellip;]<\/p>\n","protected":false},"author":2,"featured_media":23476,"comment_status":"closed","ping_status":"closed","sticky":false,"template":"","format":"standard","meta":{"footnotes":""},"categories":[207,4,213,2],"tags":[],"class_list":["post-23441","post","type-post","status-publish","format-standard","has-post-thumbnail","hentry","category-duhovno","category-fotogalerije","category-putovanja","category-vijesti"],"_links":{"self":[{"href":"https:\/\/katolicka-gimnazija.hr\/index.php\/wp-json\/wp\/v2\/posts\/23441","targetHints":{"allow":["GET"]}}],"collection":[{"href":"https:\/\/katolicka-gimnazija.hr\/index.php\/wp-json\/wp\/v2\/posts"}],"about":[{"href":"https:\/\/katolicka-gimnazija.hr\/index.php\/wp-json\/wp\/v2\/types\/post"}],"author":[{"embeddable":true,"href":"https:\/\/katolicka-gimnazija.hr\/index.php\/wp-json\/wp\/v2\/users\/2"}],"replies":[{"embeddable":true,"href":"https:\/\/katolicka-gimnazija.hr\/index.php\/wp-json\/wp\/v2\/comments?post=23441"}],"version-history":[{"count":1,"href":"https:\/\/katolicka-gimnazija.hr\/index.php\/wp-json\/wp\/v2\/posts\/23441\/revisions"}],"predecessor-version":[{"id":23486,"href":"https:\/\/katolicka-gimnazija.hr\/index.php\/wp-json\/wp\/v2\/posts\/23441\/revisions\/23486"}],"wp:featuredmedia":[{"embeddable":true,"href":"https:\/\/katolicka-gimnazija.hr\/index.php\/wp-json\/wp\/v2\/media\/23476"}],"wp:attachment":[{"href":"https:\/\/katolicka-gimnazija.hr\/index.php\/wp-json\/wp\/v2\/media?parent=23441"}],"wp:term":[{"taxonomy":"category","embeddable":true,"href":"https:\/\/katolicka-gimnazija.hr\/index.php\/wp-json\/wp\/v2\/categories?post=23441"},{"taxonomy":"post_tag","embeddable":true,"href":"https:\/\/katolicka-gimnazija.hr\/index.php\/wp-json\/wp\/v2\/tags?post=23441"}],"curies":[{"name":"wp","href":"https:\/\/api.w.org\/{rel}","templated":true}]}}