{"id":23722,"date":"2021-10-05T08:05:20","date_gmt":"2021-10-05T08:05:20","guid":{"rendered":"http:\/\/katolicka-gimnazija.hr\/?p=23722"},"modified":"2021-10-05T09:12:15","modified_gmt":"2021-10-05T09:12:15","slug":"interliber-odgoden-nas-izlet-u-zagreb-ne","status":"publish","type":"post","link":"https:\/\/katolicka-gimnazija.hr\/index.php\/2021\/10\/05\/interliber-odgoden-nas-izlet-u-zagreb-ne\/","title":{"rendered":"Interliber odgo\u0111en, na\u0161 izlet u Zagreb ne"},"content":{"rendered":"<p style=\"text-align: center;\"><strong>Oj ti vilo, vilo hirovita!<\/strong><\/p>\n<p style=\"text-align: center;\"><strong>Interliber odgo\u0111en, na\u0161 izlet u Zagreb ne.<\/strong><\/p>\n<p>U ovom ludom i hirovitom vremenu &#8211; vremenu hirovitih atmosferskih pojava, nezadovoljne i nepredvidive majke Zemlje, nestabilnog te\u010daja i gospodarstva, u vremenu hirovitih ljudi i njihovih neo\u010dekivanih odluka, mi smo se odlu\u010dili dr\u017eati svojih planova i ne mijenjati ih ni pod koju cijenu &#8211; i vidjesmo da je to dobro. Sajam knjiga Interliber ponovno je odgo\u0111en, knjigoljupci mogu u\u0161tedjeti jo\u0161 koju kunu do mo\u017eebitnog otvorenja. Mnogi su tako\u0111er odgodili posjet Zagrebu taj tjedan, no mi smo ostali pri svome planu, osmislili nove aktivnosti za svoje \u0111ake &#8211; i vidjesmo da je to bilo dobro.<\/p>\n<p><strong>Ni sat vremena od Po\u017eege <\/strong><\/p>\n<p>U maglovito jesensko jutro (barem nas ono nije iznevjerilo i iznenadilo) zaputili smo se, ve\u0107ina prvi puta, na prvu postaju na\u0161eg zajedni\u010dkog izleta u Park prirode Lonjsko polje kojim se upravlja iz sela Krapje, a u naseljima \u010cigo\u010d, Repu\u0161nica, Krapje i Osekovo nalaze se posjetiteljski <a href=\"http:\/\/katolicka-gimnazija.hr\/wp-content\/uploads\/2021\/10\/244129923_4745864592099240_8972967874152626591_n.jpg\"><img loading=\"lazy\" decoding=\"async\" class=\"size-medium wp-image-23726 alignright\" src=\"http:\/\/katolicka-gimnazija.hr\/wp-content\/uploads\/2021\/10\/244129923_4745864592099240_8972967874152626591_n-300x200.jpg\" alt=\"\" width=\"300\" height=\"200\" srcset=\"https:\/\/katolicka-gimnazija.hr\/wp-content\/uploads\/2021\/10\/244129923_4745864592099240_8972967874152626591_n-300x200.jpg 300w, https:\/\/katolicka-gimnazija.hr\/wp-content\/uploads\/2021\/10\/244129923_4745864592099240_8972967874152626591_n-1024x683.jpg 1024w, https:\/\/katolicka-gimnazija.hr\/wp-content\/uploads\/2021\/10\/244129923_4745864592099240_8972967874152626591_n-768x512.jpg 768w, https:\/\/katolicka-gimnazija.hr\/wp-content\/uploads\/2021\/10\/244129923_4745864592099240_8972967874152626591_n-1536x1024.jpg 1536w, https:\/\/katolicka-gimnazija.hr\/wp-content\/uploads\/2021\/10\/244129923_4745864592099240_8972967874152626591_n-400x267.jpg 400w, https:\/\/katolicka-gimnazija.hr\/wp-content\/uploads\/2021\/10\/244129923_4745864592099240_8972967874152626591_n.jpg 1800w\" sizes=\"auto, (max-width: 300px) 100vw, 300px\" \/><\/a>centri. U Krapju su u\u010denici obi\u0161li uzgajali\u0161ta crne slavonske svinje, poslu\u0161ali pri\u010du o tradicijskoj arhitekturi uz razgledavanje sela Krapje i njegovih drvenih ku\u0107a (klasi\u010dna tura ina\u010de traje 4 sata u koju su uklju\u010dene edukativne radionice), dok se ve\u0107ina profesora provezla kanalom Strug u solarnim \u010damcima \u2013 mi i priroda.<\/p>\n<p><em>Djelatnost Ustanove uklju\u010duje za\u0161titu, odr\u017eavanje, o\u010duvanje, kori\u0161tenje i promicanje Parka prirode u cilju za\u0161tite i o\u010duvanja njegovih prirodnih, krajobraznih i kulturnih vrijednosti. Ustanova osigurava i neometano odvijanje prirodnih procesa te odr\u017eivo kori\u0161tenje prirodnih dobara. Zadu\u017eena je za nadzor nad provo\u0111enjem uvjeta i mjera za\u0161tite prirode na za\u0161ti\u0107enom podru\u010dju. <\/em><\/p>\n<p><em>Misija je ustanove osigurati opstanak lokalnog stanovni\u0161tva na ruralnom podru\u010dju Parka prirode Lonjsko polje kao va\u017ean preduvjet o\u010duvanja biolo\u0161ke i krajobrazne raznolikosti.<\/em><\/p>\n<p>(pp-lonjsko-polje.hr)<\/p>\n<p><strong>Serbus dragi Zagreb na\u0161<\/strong><\/p>\n<p>Beli Zagreb grad nudi vi\u0161e sadr\u017eaja i atrakcija no \u0161to mo\u017eemo zamisliti, a kamoli obi\u0107i u jednom dobrom popodnevu. Po dolasku u Zagreb 131 u\u010denik u pratnji svojih razrednika i profesora podijelio se i uputio se u \u010detiri razli\u010dita smjera prema svojim programima.<\/p>\n<p><img loading=\"lazy\" decoding=\"async\" class=\"alignleft size-medium wp-image-23753\" src=\"http:\/\/katolicka-gimnazija.hr\/wp-content\/uploads\/2021\/10\/IMG-20211002-WA0011-225x300.jpg\" alt=\"\" width=\"225\" height=\"300\" srcset=\"https:\/\/katolicka-gimnazija.hr\/wp-content\/uploads\/2021\/10\/IMG-20211002-WA0011-225x300.jpg 225w, https:\/\/katolicka-gimnazija.hr\/wp-content\/uploads\/2021\/10\/IMG-20211002-WA0011-768x1024.jpg 768w, https:\/\/katolicka-gimnazija.hr\/wp-content\/uploads\/2021\/10\/IMG-20211002-WA0011-1152x1536.jpg 1152w, https:\/\/katolicka-gimnazija.hr\/wp-content\/uploads\/2021\/10\/IMG-20211002-WA0011.jpg 1200w\" sizes=\"auto, (max-width: 225px) 100vw, 225px\" \/><\/p>\n<p>U\u010denici 1.b i 2. b razreda, zajedno sa svojim razrednicama Marijom Tonkovi\u0107 i Marijanom \u0106orlukom, zapo\u010deli su svoj obilazak grada na Trgu bana Josipa Jela\u010di\u0107a gdje im se predstavio vodi\u010d, gospodin Ban. Najprije ih je odveo do makete grada Zagreba na kojoj su mogli vidjeti sve ulice kroz koje \u0107e ubrzo pro\u0107i. Zaputili su se prema Zagreba\u010dkoj katedrali o \u010dijoj ih je povijesti vodi\u010d detaljno ispri\u010dao. Na putu do Tkal\u010di\u0107eve ulice pro\u0161li su najpoznatijom i najva\u017enijom zagreba\u010dkom tr\u017enicom \u2013 Dolac \u2013 gdje su susreli uobi\u010dajenu gu\u017evu i dobro prepoznatljive \u0161estinske ki\u0161obrane. U Tkal\u010di\u0107evoj ulici, koja je dobro poznata po bogatom no\u0107nom \u017eivotu, \u010duli smo ne\u0161to vi\u0161e o Mariji Juri\u0107 Zagorki \u010diji se kip ondje nalazi. Ona je bila hrvatska novinarka i knji\u017eevnica kojoj je jedno od najpopularnijih djela ciklus romana <em>Gri\u010dka vje\u0161tica<\/em> \u2013 pripovijest o progonu vje\u0161tica u Zagrebu. Pro\u0161av\u0161i kroz Kamenita vrata, srednjovjekovni kameni ulaz u grad s poznatim oltarom Majke Bo\u017eje, do\u0161li su do Trga sv. Marka gdje ih je \u010dekala prepoznatljiva crkvu koja tako\u0111er nosi ime sv. Marka. Nakon toga posjetili su obli\u017enju grkokatoli\u010dku konkatedralu sv. \u0106irila i Metoda u Zagrebu gdje ih je srda\u010dno primio grkokatoli\u010dki sve\u0107enik koji je ne\u0161to vi\u0161e rekao o sli\u010dnostima i razlikama izme\u0111u grkokatolika te rimokatolika i pravoslavaca. Jedno od posljednjih mjesta koje smo obi\u0161li je bila Kula Lotr\u0161\u010dak i crkva sv. Katarine nakon kojih smo se spustili do Jela\u010di\u0107eva trga te se pozdravili s vodi\u010dem. Za kraj obilaska posjetili su Europski dom gdje su \u010duli razne zanimljivosti o Europskoj Uniji te za kraj odigrali kviz.<\/p>\n<p style=\"text-align: right;\">Ema Bakula, 1.b<\/p>\n<p><strong>(U)kratko s Alanom Hr\u017eicom<\/strong><\/p>\n<p><a href=\"http:\/\/katolicka-gimnazija.hr\/wp-content\/uploads\/2021\/10\/P1055491-scaled.jpg\"><img loading=\"lazy\" decoding=\"async\" class=\"size-medium wp-image-23763 alignright\" src=\"http:\/\/katolicka-gimnazija.hr\/wp-content\/uploads\/2021\/10\/P1055491-300x225.jpg\" alt=\"\" width=\"300\" height=\"225\" srcset=\"https:\/\/katolicka-gimnazija.hr\/wp-content\/uploads\/2021\/10\/P1055491-300x225.jpg 300w, https:\/\/katolicka-gimnazija.hr\/wp-content\/uploads\/2021\/10\/P1055491-1024x768.jpg 1024w, https:\/\/katolicka-gimnazija.hr\/wp-content\/uploads\/2021\/10\/P1055491-768x576.jpg 768w, https:\/\/katolicka-gimnazija.hr\/wp-content\/uploads\/2021\/10\/P1055491-1536x1152.jpg 1536w, https:\/\/katolicka-gimnazija.hr\/wp-content\/uploads\/2021\/10\/P1055491-2048x1536.jpg 2048w, https:\/\/katolicka-gimnazija.hr\/wp-content\/uploads\/2021\/10\/P1055491-400x300.jpg 400w\" sizes=\"auto, (max-width: 300px) 100vw, 300px\" \/><\/a>Jedan dio u\u010denika poveo je vl\u010d. Krunoslav Siroglavi\u0107 koje je kraktko proveo u\u017eim dijelom Zagreba gdje su i napravili pauzu za ru\u010dak u poznatom zagreba\u010dkom restoranu Capuciner. Zatim su se uputili prema Branimir Centru gdje su imali dru\u017eenje s jednim od istaknutih imena kr\u0161\u0107anske glazbene scene, Alanom Hr\u017eicom, koji im je ukratko posvjedo\u010dio o svom obra\u0107enju te novom \u017eivotu u vjeri. (Vi\u0161e o razgovoru s Alanom Hr\u017eicom u skorom itervjuu. op. a.)<\/p>\n<p style=\"text-align: right;\">Marta Morvaj, 2.b<\/p>\n<p><strong>Vru\u0107e cipelice<\/strong><\/p>\n<p>Kako druga\u010dije opisati stanje nogu u\u010denika 1.a i 2.a razreda nakon trosatnog obilaska nekih manje poznatih dijelova grada. Oni su zajedno sa svojim razrednicima i svojim vodi\u010dem napravili respektabilan krug na koji mogu i sami biti ponosni. Nakon fotografiranja sa \u0160enoom, krenuli su od jednog od najstarijih zagreba\u010dkih <a href=\"http:\/\/katolicka-gimnazija.hr\/wp-content\/uploads\/2021\/10\/244179358_4745867615432271_2694371539873849280_n.jpg\"><img loading=\"lazy\" decoding=\"async\" class=\"alignleft size-medium wp-image-23732\" src=\"http:\/\/katolicka-gimnazija.hr\/wp-content\/uploads\/2021\/10\/244179358_4745867615432271_2694371539873849280_n-300x200.jpg\" alt=\"\" width=\"300\" height=\"200\" srcset=\"https:\/\/katolicka-gimnazija.hr\/wp-content\/uploads\/2021\/10\/244179358_4745867615432271_2694371539873849280_n-300x200.jpg 300w, https:\/\/katolicka-gimnazija.hr\/wp-content\/uploads\/2021\/10\/244179358_4745867615432271_2694371539873849280_n-1024x683.jpg 1024w, https:\/\/katolicka-gimnazija.hr\/wp-content\/uploads\/2021\/10\/244179358_4745867615432271_2694371539873849280_n-768x512.jpg 768w, https:\/\/katolicka-gimnazija.hr\/wp-content\/uploads\/2021\/10\/244179358_4745867615432271_2694371539873849280_n-1536x1024.jpg 1536w, https:\/\/katolicka-gimnazija.hr\/wp-content\/uploads\/2021\/10\/244179358_4745867615432271_2694371539873849280_n-400x267.jpg 400w, https:\/\/katolicka-gimnazija.hr\/wp-content\/uploads\/2021\/10\/244179358_4745867615432271_2694371539873849280_n.jpg 1800w\" sizes=\"auto, (max-width: 300px) 100vw, 300px\" \/><\/a>parkova, Ribnjaka, prema Novoj vesi (Novom selu) gdje su stali uz kapelicu sv. Dizme (raskajanog razbojnika koji je s Isusom bio razapet), kapelicu Majke Bo\u017eje \u017dalosne te posjetili jednu od njastarijih zagreba\u010dkih crkava crkvu sv. Ivana Krstitelju sagra\u0111enu na ostacima velebne bazilike vitezova templara gdje ih je upravitelj vl\u010d. Ivan Lastov\u010di\u0107 upoznao s pro\u0161lo\u0161\u0107u, arhitekturom, posljedicama nedavnih potresa, ali i pokazao tremekdjelo glasovitog talijanskog slikara Marca Antoninija koji je pokrajnju kapelicu, tzv. Zagreba\u010dka Sikstina ili kapelica Vjerovanja, cijelu oslikao upravo motivima iz Vjerovanja. Put smo nastavili jednim od brojnih gornjogradskih stuba kako bismo do\u0161li do Jurjevske ulice gdje se nalazi jedna od najstarijih, ali i najvrjednijih zagreba\u010dkih vila, vila \u017divkovi\u0107-Androvski-Lubienski \u010dija je povijest jedna (duga, zanimljiva i intrigantna) pri\u010da za sebe. Gornji grad smo pre\u0161li preko Ilirskog trga te se spustili u jednu od 17 park-\u0161uma grada Zagreba \u2013 Tu\u0161kanac gdje se nalazi spomenik Miroslavu Krle\u017ei, na lijepom i mirnom mjestu, no mo\u017eda malo izoliranom. Oprostiv\u0161i se od Krle\u017ee, obi\u0161li smo i Mato\u0161a na Strossmayerovu \u0161etali\u0161tu te krenuli prema Donjem gradu gdje smo obi\u0161li HNK, fotografirali se s Markom Maruli\u0107em ispred stare sveu\u010dili\u0161ne knji\u017enice te na kraju, ve\u0107 na izmaku snaga, posjetili novi Oltar domovine na Trgu Stjepana Radi\u0107a, spomenik Franje Tu\u0111mana, prvog hrvatskog predsjednika, kojeg smo te ve\u010deri gledali u Kerempuhu, te se kratko okrjepili na Zagreba\u010dkim (tzv. Bandi\u0107evim) fontanama. Nadamo se da je u sje\u0107anju ostalo ne\u0161to vi\u0161e od samo vru\u0107ih cipelica.<\/p>\n<p style=\"text-align: right;\">M.P.<\/p>\n<p><strong>Obilazak za prste polizati<\/strong><\/p>\n<p><a href=\"http:\/\/katolicka-gimnazija.hr\/wp-content\/uploads\/2021\/10\/243343505_392785559171033_6090239144154624236_n.jpg\"><img loading=\"lazy\" decoding=\"async\" class=\"size-medium wp-image-23784 alignright\" src=\"http:\/\/katolicka-gimnazija.hr\/wp-content\/uploads\/2021\/10\/243343505_392785559171033_6090239144154624236_n-300x225.jpg\" alt=\"\" width=\"300\" height=\"225\" srcset=\"https:\/\/katolicka-gimnazija.hr\/wp-content\/uploads\/2021\/10\/243343505_392785559171033_6090239144154624236_n-300x225.jpg 300w, https:\/\/katolicka-gimnazija.hr\/wp-content\/uploads\/2021\/10\/243343505_392785559171033_6090239144154624236_n-768x576.jpg 768w, https:\/\/katolicka-gimnazija.hr\/wp-content\/uploads\/2021\/10\/243343505_392785559171033_6090239144154624236_n-400x300.jpg 400w, https:\/\/katolicka-gimnazija.hr\/wp-content\/uploads\/2021\/10\/243343505_392785559171033_6090239144154624236_n.jpg 960w\" sizes=\"auto, (max-width: 300px) 100vw, 300px\" \/><\/a>U\u010denici tre\u0107ih i \u010detvrtih razreda po dolasku u Zagreb posjetili su mo\u017eda najsla\u0111e mjesto u samom centru grada \u2013 Muzej \u010dokolade, gdje su mogli, uz standardnu pri\u010du o povijesti \u010dokolade koja se\u017ee jo\u0161 od drevnih indijanaca Ju\u017ene i Srednje Amerike, degustirati devet vrsta \u010dokolada kao i fotografirati se u jedinstvenom ambijentu. Jedan dio u\u010denika, i to onaj maturantski, drugi kao drugi dio zagreba\u010dkog aran\u017emana imao je posjet dobro nam znanom Goethe institutu, institutu za njema\u010dki jezik. Nakon kratkog predstavljanja na njema\u010dkom jeziku imali su radionice o gradovima i znamenitostima Njema\u010dke, a nakon izrade referata predstavili su ih ostalim sudionicima radionice. Posjet su organizirale profesorice Milena \u0160koda, Ivana Zovko i Ivana Aramba\u0161i\u0107.<\/p>\n<p style=\"text-align: right;\">Petra Ragu\u017e, 4.b i M. P.<\/p>\n<p><strong>Pretposljednja ve\u010dera<\/strong><\/p>\n<p>Prema vi\u0161egodi\u0161njem iskustvu dan smo svi zajedno zavr\u0161ili predstavom, ovaj puta komedijom (satirom) <em>Predsjednici&amp;ca <\/em>u Satiri\u010dkom kazali\u0161tu Kerempuh u re\u017eiji Tarika Filipovi\u0107a, a prema tekstu Borisa Svrtana i Tarika Filipovi\u0107a. Dru\u0161tveno-politi\u010dka komedija napokon je gledateljima <a href=\"http:\/\/katolicka-gimnazija.hr\/wp-content\/uploads\/2021\/10\/predsjednici_26-CROP-1024x683-1.jpg\"><img loading=\"lazy\" decoding=\"async\" class=\"alignleft size-medium wp-image-23759\" src=\"http:\/\/katolicka-gimnazija.hr\/wp-content\/uploads\/2021\/10\/predsjednici_26-CROP-1024x683-1-300x200.jpg\" alt=\"\" width=\"300\" height=\"200\" srcset=\"https:\/\/katolicka-gimnazija.hr\/wp-content\/uploads\/2021\/10\/predsjednici_26-CROP-1024x683-1-300x200.jpg 300w, https:\/\/katolicka-gimnazija.hr\/wp-content\/uploads\/2021\/10\/predsjednici_26-CROP-1024x683-1-768x512.jpg 768w, https:\/\/katolicka-gimnazija.hr\/wp-content\/uploads\/2021\/10\/predsjednici_26-CROP-1024x683-1-400x267.jpg 400w, https:\/\/katolicka-gimnazija.hr\/wp-content\/uploads\/2021\/10\/predsjednici_26-CROP-1024x683-1.jpg 1024w\" sizes=\"auto, (max-width: 300px) 100vw, 300px\" \/><\/a>priu\u0161tila, barem onima koji su ih dijelom ili dobrim dijelom poznavali, da se grohotom nasmiju svojim biv\u0161im predsjednicima, od Tita (pa \u010dak i Paveli\u0107a) do Kolinde. Gledatelji, i stari i na\u0161i mladi, mogli su vidjeti da se uvijek radilo o manje-vi\u0161e istom sadr\u017eaju, a drugom pakovanju, da je specifi\u010dnost vremena i prilika oblikovalo na\u0161e predsjednike, da su jedni bili samodopadni dr\u017eavnici (i nepopravljivi ljubavnici), a drugi bezli\u010dni i akarakterni umjetnici, tre\u0107i vicmaheri i zabavlja\u010di (i \u010da\u0161a ispija\u010di), a \u010detvrti vatreni kroatofili. Ovaj neobi\u010dan, a opet logi\u010dan i simpati\u010dan susret petero (iz na\u0161e perspektive i nama ni\u0161koristi) autsajdera, priu\u0161tio nam je jedino da se prisjetimo na\u0161ih dobrih starih poglavara i da im se dobro nasmijemo \u2013 i ni\u0161ta vi\u0161e. Predsjedni\u010dina \u017eelja da ovih pet mudrih i u\u010denih (no ne i svih dou\u010denih!) glava ipak iznjedre neku ideju za bolje hrvatsko sutra nije urodila plodom tako da nas ova satira i dalje podsje\u0107a da to nisu instance s kojih mo\u017eemo o\u010dekivati neku konkretniju i perspektivniju viziju ili kako bi jedan od njih rekao \u2013 revoluciju. Bi li se s tim slo\u017eio na\u0161 aktualni predsjednik kojega mo\u017eda \u010deka posljednja ve\u010dera u Kerempuhu, ostaje nam po\u017eivjeti i vidjeti.<\/p>\n<div id='gallery-1' class='gallery galleryid-23722 gallery-columns-3 gallery-size-medium'><figure class='gallery-item'>\n\t\t\t<div class='gallery-icon landscape'>\n\t\t\t\t<a href='https:\/\/katolicka-gimnazija.hr\/wp-content\/uploads\/2021\/10\/243369968_919684808639202_3187094503191213977_n.jpg'><img loading=\"lazy\" decoding=\"async\" width=\"300\" height=\"225\" src=\"https:\/\/katolicka-gimnazija.hr\/wp-content\/uploads\/2021\/10\/243369968_919684808639202_3187094503191213977_n-300x225.jpg\" class=\"attachment-medium size-medium\" alt=\"\" srcset=\"https:\/\/katolicka-gimnazija.hr\/wp-content\/uploads\/2021\/10\/243369968_919684808639202_3187094503191213977_n-300x225.jpg 300w, https:\/\/katolicka-gimnazija.hr\/wp-content\/uploads\/2021\/10\/243369968_919684808639202_3187094503191213977_n-768x576.jpg 768w, https:\/\/katolicka-gimnazija.hr\/wp-content\/uploads\/2021\/10\/243369968_919684808639202_3187094503191213977_n-400x300.jpg 400w, https:\/\/katolicka-gimnazija.hr\/wp-content\/uploads\/2021\/10\/243369968_919684808639202_3187094503191213977_n.jpg 960w\" sizes=\"auto, (max-width: 300px) 100vw, 300px\" \/><\/a>\n\t\t\t<\/div><\/figure><figure class='gallery-item'>\n\t\t\t<div class='gallery-icon landscape'>\n\t\t\t\t<a href='https:\/\/katolicka-gimnazija.hr\/wp-content\/uploads\/2021\/10\/244277909_4745862948766071_726851891848274379_n.jpg'><img loading=\"lazy\" decoding=\"async\" width=\"300\" height=\"200\" src=\"https:\/\/katolicka-gimnazija.hr\/wp-content\/uploads\/2021\/10\/244277909_4745862948766071_726851891848274379_n-300x200.jpg\" class=\"attachment-medium size-medium\" alt=\"\" srcset=\"https:\/\/katolicka-gimnazija.hr\/wp-content\/uploads\/2021\/10\/244277909_4745862948766071_726851891848274379_n-300x200.jpg 300w, https:\/\/katolicka-gimnazija.hr\/wp-content\/uploads\/2021\/10\/244277909_4745862948766071_726851891848274379_n-1024x683.jpg 1024w, https:\/\/katolicka-gimnazija.hr\/wp-content\/uploads\/2021\/10\/244277909_4745862948766071_726851891848274379_n-768x512.jpg 768w, https:\/\/katolicka-gimnazija.hr\/wp-content\/uploads\/2021\/10\/244277909_4745862948766071_726851891848274379_n-1536x1024.jpg 1536w, https:\/\/katolicka-gimnazija.hr\/wp-content\/uploads\/2021\/10\/244277909_4745862948766071_726851891848274379_n-400x267.jpg 400w, https:\/\/katolicka-gimnazija.hr\/wp-content\/uploads\/2021\/10\/244277909_4745862948766071_726851891848274379_n.jpg 1800w\" sizes=\"auto, (max-width: 300px) 100vw, 300px\" \/><\/a>\n\t\t\t<\/div><\/figure><figure class='gallery-item'>\n\t\t\t<div class='gallery-icon landscape'>\n\t\t\t\t<a href='https:\/\/katolicka-gimnazija.hr\/wp-content\/uploads\/2021\/10\/244129923_4745864592099240_8972967874152626591_n.jpg'><img loading=\"lazy\" decoding=\"async\" width=\"300\" height=\"200\" src=\"https:\/\/katolicka-gimnazija.hr\/wp-content\/uploads\/2021\/10\/244129923_4745864592099240_8972967874152626591_n-300x200.jpg\" class=\"attachment-medium size-medium\" alt=\"\" srcset=\"https:\/\/katolicka-gimnazija.hr\/wp-content\/uploads\/2021\/10\/244129923_4745864592099240_8972967874152626591_n-300x200.jpg 300w, https:\/\/katolicka-gimnazija.hr\/wp-content\/uploads\/2021\/10\/244129923_4745864592099240_8972967874152626591_n-1024x683.jpg 1024w, https:\/\/katolicka-gimnazija.hr\/wp-content\/uploads\/2021\/10\/244129923_4745864592099240_8972967874152626591_n-768x512.jpg 768w, https:\/\/katolicka-gimnazija.hr\/wp-content\/uploads\/2021\/10\/244129923_4745864592099240_8972967874152626591_n-1536x1024.jpg 1536w, https:\/\/katolicka-gimnazija.hr\/wp-content\/uploads\/2021\/10\/244129923_4745864592099240_8972967874152626591_n-400x267.jpg 400w, https:\/\/katolicka-gimnazija.hr\/wp-content\/uploads\/2021\/10\/244129923_4745864592099240_8972967874152626591_n.jpg 1800w\" sizes=\"auto, (max-width: 300px) 100vw, 300px\" \/><\/a>\n\t\t\t<\/div><\/figure><figure class='gallery-item'>\n\t\t\t<div class='gallery-icon portrait'>\n\t\t\t\t<a href='https:\/\/katolicka-gimnazija.hr\/wp-content\/uploads\/2021\/10\/244265792_4745864728765893_4958091845996358573_n.jpg'><img loading=\"lazy\" decoding=\"async\" width=\"201\" height=\"300\" src=\"https:\/\/katolicka-gimnazija.hr\/wp-content\/uploads\/2021\/10\/244265792_4745864728765893_4958091845996358573_n-201x300.jpg\" class=\"attachment-medium size-medium\" alt=\"\" srcset=\"https:\/\/katolicka-gimnazija.hr\/wp-content\/uploads\/2021\/10\/244265792_4745864728765893_4958091845996358573_n-201x300.jpg 201w, https:\/\/katolicka-gimnazija.hr\/wp-content\/uploads\/2021\/10\/244265792_4745864728765893_4958091845996358573_n-686x1024.jpg 686w, https:\/\/katolicka-gimnazija.hr\/wp-content\/uploads\/2021\/10\/244265792_4745864728765893_4958091845996358573_n-768x1147.jpg 768w, https:\/\/katolicka-gimnazija.hr\/wp-content\/uploads\/2021\/10\/244265792_4745864728765893_4958091845996358573_n-1029x1536.jpg 1029w, https:\/\/katolicka-gimnazija.hr\/wp-content\/uploads\/2021\/10\/244265792_4745864728765893_4958091845996358573_n.jpg 1200w\" sizes=\"auto, (max-width: 201px) 100vw, 201px\" \/><\/a>\n\t\t\t<\/div><\/figure><figure class='gallery-item'>\n\t\t\t<div class='gallery-icon landscape'>\n\t\t\t\t<a href='https:\/\/katolicka-gimnazija.hr\/wp-content\/uploads\/2021\/10\/predsjednici_45-CROP-1024x683-1.jpg'><img loading=\"lazy\" decoding=\"async\" width=\"300\" height=\"200\" src=\"https:\/\/katolicka-gimnazija.hr\/wp-content\/uploads\/2021\/10\/predsjednici_45-CROP-1024x683-1-300x200.jpg\" class=\"attachment-medium size-medium\" alt=\"\" srcset=\"https:\/\/katolicka-gimnazija.hr\/wp-content\/uploads\/2021\/10\/predsjednici_45-CROP-1024x683-1-300x200.jpg 300w, https:\/\/katolicka-gimnazija.hr\/wp-content\/uploads\/2021\/10\/predsjednici_45-CROP-1024x683-1-768x512.jpg 768w, https:\/\/katolicka-gimnazija.hr\/wp-content\/uploads\/2021\/10\/predsjednici_45-CROP-1024x683-1-400x267.jpg 400w, https:\/\/katolicka-gimnazija.hr\/wp-content\/uploads\/2021\/10\/predsjednici_45-CROP-1024x683-1.jpg 1024w\" sizes=\"auto, (max-width: 300px) 100vw, 300px\" \/><\/a>\n\t\t\t<\/div><\/figure><figure class='gallery-item'>\n\t\t\t<div class='gallery-icon landscape'>\n\t\t\t\t<a href='https:\/\/katolicka-gimnazija.hr\/wp-content\/uploads\/2021\/10\/244214291_4745864915432541_8822418606436208500_n.jpg'><img loading=\"lazy\" decoding=\"async\" width=\"300\" height=\"200\" src=\"https:\/\/katolicka-gimnazija.hr\/wp-content\/uploads\/2021\/10\/244214291_4745864915432541_8822418606436208500_n-300x200.jpg\" class=\"attachment-medium size-medium\" alt=\"\" srcset=\"https:\/\/katolicka-gimnazija.hr\/wp-content\/uploads\/2021\/10\/244214291_4745864915432541_8822418606436208500_n-300x200.jpg 300w, https:\/\/katolicka-gimnazija.hr\/wp-content\/uploads\/2021\/10\/244214291_4745864915432541_8822418606436208500_n-1024x683.jpg 1024w, https:\/\/katolicka-gimnazija.hr\/wp-content\/uploads\/2021\/10\/244214291_4745864915432541_8822418606436208500_n-768x512.jpg 768w, https:\/\/katolicka-gimnazija.hr\/wp-content\/uploads\/2021\/10\/244214291_4745864915432541_8822418606436208500_n-1536x1024.jpg 1536w, https:\/\/katolicka-gimnazija.hr\/wp-content\/uploads\/2021\/10\/244214291_4745864915432541_8822418606436208500_n-400x267.jpg 400w, https:\/\/katolicka-gimnazija.hr\/wp-content\/uploads\/2021\/10\/244214291_4745864915432541_8822418606436208500_n.jpg 1800w\" sizes=\"auto, (max-width: 300px) 100vw, 300px\" \/><\/a>\n\t\t\t<\/div><\/figure><figure class='gallery-item'>\n\t\t\t<div class='gallery-icon portrait'>\n\t\t\t\t<a href='https:\/\/katolicka-gimnazija.hr\/wp-content\/uploads\/2021\/10\/IMG-20211005-WA0013.jpg'><img loading=\"lazy\" decoding=\"async\" width=\"225\" height=\"300\" src=\"https:\/\/katolicka-gimnazija.hr\/wp-content\/uploads\/2021\/10\/IMG-20211005-WA0013-225x300.jpg\" class=\"attachment-medium size-medium\" alt=\"\" srcset=\"https:\/\/katolicka-gimnazija.hr\/wp-content\/uploads\/2021\/10\/IMG-20211005-WA0013-225x300.jpg 225w, https:\/\/katolicka-gimnazija.hr\/wp-content\/uploads\/2021\/10\/IMG-20211005-WA0013-768x1024.jpg 768w, https:\/\/katolicka-gimnazija.hr\/wp-content\/uploads\/2021\/10\/IMG-20211005-WA0013-1152x1536.jpg 1152w, https:\/\/katolicka-gimnazija.hr\/wp-content\/uploads\/2021\/10\/IMG-20211005-WA0013.jpg 1200w\" sizes=\"auto, (max-width: 225px) 100vw, 225px\" \/><\/a>\n\t\t\t<\/div><\/figure><figure class='gallery-item'>\n\t\t\t<div class='gallery-icon landscape'>\n\t\t\t\t<a href='https:\/\/katolicka-gimnazija.hr\/wp-content\/uploads\/2021\/10\/IMG-20211005-WA0012.jpg'><img loading=\"lazy\" decoding=\"async\" width=\"300\" height=\"225\" src=\"https:\/\/katolicka-gimnazija.hr\/wp-content\/uploads\/2021\/10\/IMG-20211005-WA0012-300x225.jpg\" class=\"attachment-medium size-medium\" alt=\"\" srcset=\"https:\/\/katolicka-gimnazija.hr\/wp-content\/uploads\/2021\/10\/IMG-20211005-WA0012-300x225.jpg 300w, https:\/\/katolicka-gimnazija.hr\/wp-content\/uploads\/2021\/10\/IMG-20211005-WA0012-1024x768.jpg 1024w, https:\/\/katolicka-gimnazija.hr\/wp-content\/uploads\/2021\/10\/IMG-20211005-WA0012-768x576.jpg 768w, https:\/\/katolicka-gimnazija.hr\/wp-content\/uploads\/2021\/10\/IMG-20211005-WA0012-1536x1152.jpg 1536w, https:\/\/katolicka-gimnazija.hr\/wp-content\/uploads\/2021\/10\/IMG-20211005-WA0012-400x300.jpg 400w, https:\/\/katolicka-gimnazija.hr\/wp-content\/uploads\/2021\/10\/IMG-20211005-WA0012.jpg 1600w\" sizes=\"auto, (max-width: 300px) 100vw, 300px\" \/><\/a>\n\t\t\t<\/div><\/figure><figure class='gallery-item'>\n\t\t\t<div class='gallery-icon landscape'>\n\t\t\t\t<a href='https:\/\/katolicka-gimnazija.hr\/wp-content\/uploads\/2021\/10\/IMG-20211005-WA0009.jpg'><img loading=\"lazy\" decoding=\"async\" width=\"300\" height=\"225\" src=\"https:\/\/katolicka-gimnazija.hr\/wp-content\/uploads\/2021\/10\/IMG-20211005-WA0009-300x225.jpg\" class=\"attachment-medium size-medium\" alt=\"\" srcset=\"https:\/\/katolicka-gimnazija.hr\/wp-content\/uploads\/2021\/10\/IMG-20211005-WA0009-300x225.jpg 300w, https:\/\/katolicka-gimnazija.hr\/wp-content\/uploads\/2021\/10\/IMG-20211005-WA0009-1024x768.jpg 1024w, https:\/\/katolicka-gimnazija.hr\/wp-content\/uploads\/2021\/10\/IMG-20211005-WA0009-768x576.jpg 768w, https:\/\/katolicka-gimnazija.hr\/wp-content\/uploads\/2021\/10\/IMG-20211005-WA0009-1536x1152.jpg 1536w, https:\/\/katolicka-gimnazija.hr\/wp-content\/uploads\/2021\/10\/IMG-20211005-WA0009-400x300.jpg 400w, https:\/\/katolicka-gimnazija.hr\/wp-content\/uploads\/2021\/10\/IMG-20211005-WA0009.jpg 1600w\" sizes=\"auto, (max-width: 300px) 100vw, 300px\" \/><\/a>\n\t\t\t<\/div><\/figure><figure class='gallery-item'>\n\t\t\t<div class='gallery-icon landscape'>\n\t\t\t\t<a href='https:\/\/katolicka-gimnazija.hr\/wp-content\/uploads\/2021\/10\/P1055504-scaled.jpg'><img loading=\"lazy\" decoding=\"async\" width=\"300\" height=\"225\" src=\"https:\/\/katolicka-gimnazija.hr\/wp-content\/uploads\/2021\/10\/P1055504-300x225.jpg\" class=\"attachment-medium size-medium\" alt=\"\" srcset=\"https:\/\/katolicka-gimnazija.hr\/wp-content\/uploads\/2021\/10\/P1055504-300x225.jpg 300w, https:\/\/katolicka-gimnazija.hr\/wp-content\/uploads\/2021\/10\/P1055504-1024x768.jpg 1024w, https:\/\/katolicka-gimnazija.hr\/wp-content\/uploads\/2021\/10\/P1055504-768x576.jpg 768w, https:\/\/katolicka-gimnazija.hr\/wp-content\/uploads\/2021\/10\/P1055504-1536x1152.jpg 1536w, https:\/\/katolicka-gimnazija.hr\/wp-content\/uploads\/2021\/10\/P1055504-2048x1536.jpg 2048w, https:\/\/katolicka-gimnazija.hr\/wp-content\/uploads\/2021\/10\/P1055504-400x300.jpg 400w\" sizes=\"auto, (max-width: 300px) 100vw, 300px\" \/><\/a>\n\t\t\t<\/div><\/figure><figure class='gallery-item'>\n\t\t\t<div class='gallery-icon landscape'>\n\t\t\t\t<a href='https:\/\/katolicka-gimnazija.hr\/wp-content\/uploads\/2021\/10\/244077505_4745864288765937_7152175520915821262_n.jpg'><img loading=\"lazy\" decoding=\"async\" width=\"300\" height=\"200\" src=\"https:\/\/katolicka-gimnazija.hr\/wp-content\/uploads\/2021\/10\/244077505_4745864288765937_7152175520915821262_n-300x200.jpg\" class=\"attachment-medium size-medium\" alt=\"\" srcset=\"https:\/\/katolicka-gimnazija.hr\/wp-content\/uploads\/2021\/10\/244077505_4745864288765937_7152175520915821262_n-300x200.jpg 300w, https:\/\/katolicka-gimnazija.hr\/wp-content\/uploads\/2021\/10\/244077505_4745864288765937_7152175520915821262_n-1024x683.jpg 1024w, https:\/\/katolicka-gimnazija.hr\/wp-content\/uploads\/2021\/10\/244077505_4745864288765937_7152175520915821262_n-768x512.jpg 768w, https:\/\/katolicka-gimnazija.hr\/wp-content\/uploads\/2021\/10\/244077505_4745864288765937_7152175520915821262_n-1536x1024.jpg 1536w, https:\/\/katolicka-gimnazija.hr\/wp-content\/uploads\/2021\/10\/244077505_4745864288765937_7152175520915821262_n-400x267.jpg 400w, https:\/\/katolicka-gimnazija.hr\/wp-content\/uploads\/2021\/10\/244077505_4745864288765937_7152175520915821262_n.jpg 1800w\" sizes=\"auto, (max-width: 300px) 100vw, 300px\" \/><\/a>\n\t\t\t<\/div><\/figure><figure class='gallery-item'>\n\t\t\t<div class='gallery-icon landscape'>\n\t\t\t\t<a href='https:\/\/katolicka-gimnazija.hr\/wp-content\/uploads\/2021\/10\/244363771_4745863785432654_2520039269094873980_n.jpg'><img loading=\"lazy\" decoding=\"async\" width=\"300\" height=\"200\" src=\"https:\/\/katolicka-gimnazija.hr\/wp-content\/uploads\/2021\/10\/244363771_4745863785432654_2520039269094873980_n-300x200.jpg\" class=\"attachment-medium size-medium\" alt=\"\" srcset=\"https:\/\/katolicka-gimnazija.hr\/wp-content\/uploads\/2021\/10\/244363771_4745863785432654_2520039269094873980_n-300x200.jpg 300w, https:\/\/katolicka-gimnazija.hr\/wp-content\/uploads\/2021\/10\/244363771_4745863785432654_2520039269094873980_n-1024x683.jpg 1024w, https:\/\/katolicka-gimnazija.hr\/wp-content\/uploads\/2021\/10\/244363771_4745863785432654_2520039269094873980_n-768x512.jpg 768w, https:\/\/katolicka-gimnazija.hr\/wp-content\/uploads\/2021\/10\/244363771_4745863785432654_2520039269094873980_n-1536x1024.jpg 1536w, https:\/\/katolicka-gimnazija.hr\/wp-content\/uploads\/2021\/10\/244363771_4745863785432654_2520039269094873980_n-400x267.jpg 400w, https:\/\/katolicka-gimnazija.hr\/wp-content\/uploads\/2021\/10\/244363771_4745863785432654_2520039269094873980_n.jpg 1800w\" sizes=\"auto, (max-width: 300px) 100vw, 300px\" \/><\/a>\n\t\t\t<\/div><\/figure><figure class='gallery-item'>\n\t\t\t<div class='gallery-icon landscape'>\n\t\t\t\t<a href='https:\/\/katolicka-gimnazija.hr\/wp-content\/uploads\/2021\/10\/244366012_4745863245432708_1240430717772120041_n.jpg'><img loading=\"lazy\" decoding=\"async\" width=\"300\" height=\"200\" src=\"https:\/\/katolicka-gimnazija.hr\/wp-content\/uploads\/2021\/10\/244366012_4745863245432708_1240430717772120041_n-300x200.jpg\" class=\"attachment-medium size-medium\" alt=\"\" srcset=\"https:\/\/katolicka-gimnazija.hr\/wp-content\/uploads\/2021\/10\/244366012_4745863245432708_1240430717772120041_n-300x200.jpg 300w, https:\/\/katolicka-gimnazija.hr\/wp-content\/uploads\/2021\/10\/244366012_4745863245432708_1240430717772120041_n-1024x683.jpg 1024w, https:\/\/katolicka-gimnazija.hr\/wp-content\/uploads\/2021\/10\/244366012_4745863245432708_1240430717772120041_n-768x512.jpg 768w, https:\/\/katolicka-gimnazija.hr\/wp-content\/uploads\/2021\/10\/244366012_4745863245432708_1240430717772120041_n-1536x1024.jpg 1536w, https:\/\/katolicka-gimnazija.hr\/wp-content\/uploads\/2021\/10\/244366012_4745863245432708_1240430717772120041_n-400x267.jpg 400w, https:\/\/katolicka-gimnazija.hr\/wp-content\/uploads\/2021\/10\/244366012_4745863245432708_1240430717772120041_n.jpg 1800w\" sizes=\"auto, (max-width: 300px) 100vw, 300px\" \/><\/a>\n\t\t\t<\/div><\/figure><figure class='gallery-item'>\n\t\t\t<div class='gallery-icon landscape'>\n\t\t\t\t<a href='https:\/\/katolicka-gimnazija.hr\/wp-content\/uploads\/2021\/10\/244163381_4745868222098877_6845285794838101929_n.jpg'><img loading=\"lazy\" decoding=\"async\" width=\"300\" height=\"200\" src=\"https:\/\/katolicka-gimnazija.hr\/wp-content\/uploads\/2021\/10\/244163381_4745868222098877_6845285794838101929_n-300x200.jpg\" class=\"attachment-medium size-medium\" alt=\"\" srcset=\"https:\/\/katolicka-gimnazija.hr\/wp-content\/uploads\/2021\/10\/244163381_4745868222098877_6845285794838101929_n-300x200.jpg 300w, https:\/\/katolicka-gimnazija.hr\/wp-content\/uploads\/2021\/10\/244163381_4745868222098877_6845285794838101929_n-1024x683.jpg 1024w, https:\/\/katolicka-gimnazija.hr\/wp-content\/uploads\/2021\/10\/244163381_4745868222098877_6845285794838101929_n-768x512.jpg 768w, https:\/\/katolicka-gimnazija.hr\/wp-content\/uploads\/2021\/10\/244163381_4745868222098877_6845285794838101929_n-1536x1024.jpg 1536w, https:\/\/katolicka-gimnazija.hr\/wp-content\/uploads\/2021\/10\/244163381_4745868222098877_6845285794838101929_n-400x267.jpg 400w, https:\/\/katolicka-gimnazija.hr\/wp-content\/uploads\/2021\/10\/244163381_4745868222098877_6845285794838101929_n.jpg 1800w\" sizes=\"auto, (max-width: 300px) 100vw, 300px\" \/><\/a>\n\t\t\t<\/div><\/figure><figure class='gallery-item'>\n\t\t\t<div class='gallery-icon landscape'>\n\t\t\t\t<a href='https:\/\/katolicka-gimnazija.hr\/wp-content\/uploads\/2021\/10\/243454682_2199383383535019_1617495948016494020_n.jpg'><img loading=\"lazy\" decoding=\"async\" width=\"300\" height=\"287\" src=\"https:\/\/katolicka-gimnazija.hr\/wp-content\/uploads\/2021\/10\/243454682_2199383383535019_1617495948016494020_n-300x287.jpg\" class=\"attachment-medium size-medium\" alt=\"\" srcset=\"https:\/\/katolicka-gimnazija.hr\/wp-content\/uploads\/2021\/10\/243454682_2199383383535019_1617495948016494020_n-300x287.jpg 300w, https:\/\/katolicka-gimnazija.hr\/wp-content\/uploads\/2021\/10\/243454682_2199383383535019_1617495948016494020_n-768x735.jpg 768w, https:\/\/katolicka-gimnazija.hr\/wp-content\/uploads\/2021\/10\/243454682_2199383383535019_1617495948016494020_n-314x300.jpg 314w, https:\/\/katolicka-gimnazija.hr\/wp-content\/uploads\/2021\/10\/243454682_2199383383535019_1617495948016494020_n.jpg 828w\" sizes=\"auto, (max-width: 300px) 100vw, 300px\" \/><\/a>\n\t\t\t<\/div><\/figure><figure class='gallery-item'>\n\t\t\t<div class='gallery-icon landscape'>\n\t\t\t\t<a href='https:\/\/katolicka-gimnazija.hr\/wp-content\/uploads\/2021\/10\/244179358_4745867615432271_2694371539873849280_n.jpg'><img loading=\"lazy\" decoding=\"async\" width=\"300\" height=\"200\" src=\"https:\/\/katolicka-gimnazija.hr\/wp-content\/uploads\/2021\/10\/244179358_4745867615432271_2694371539873849280_n-300x200.jpg\" class=\"attachment-medium size-medium\" alt=\"\" srcset=\"https:\/\/katolicka-gimnazija.hr\/wp-content\/uploads\/2021\/10\/244179358_4745867615432271_2694371539873849280_n-300x200.jpg 300w, https:\/\/katolicka-gimnazija.hr\/wp-content\/uploads\/2021\/10\/244179358_4745867615432271_2694371539873849280_n-1024x683.jpg 1024w, https:\/\/katolicka-gimnazija.hr\/wp-content\/uploads\/2021\/10\/244179358_4745867615432271_2694371539873849280_n-768x512.jpg 768w, https:\/\/katolicka-gimnazija.hr\/wp-content\/uploads\/2021\/10\/244179358_4745867615432271_2694371539873849280_n-1536x1024.jpg 1536w, https:\/\/katolicka-gimnazija.hr\/wp-content\/uploads\/2021\/10\/244179358_4745867615432271_2694371539873849280_n-400x267.jpg 400w, https:\/\/katolicka-gimnazija.hr\/wp-content\/uploads\/2021\/10\/244179358_4745867615432271_2694371539873849280_n.jpg 1800w\" sizes=\"auto, (max-width: 300px) 100vw, 300px\" \/><\/a>\n\t\t\t<\/div><\/figure><figure class='gallery-item'>\n\t\t\t<div class='gallery-icon landscape'>\n\t\t\t\t<a href='https:\/\/katolicka-gimnazija.hr\/wp-content\/uploads\/2021\/10\/244344760_4745867715432261_210133470898651284_n.jpg'><img loading=\"lazy\" decoding=\"async\" width=\"300\" height=\"200\" src=\"https:\/\/katolicka-gimnazija.hr\/wp-content\/uploads\/2021\/10\/244344760_4745867715432261_210133470898651284_n-300x200.jpg\" class=\"attachment-medium size-medium\" alt=\"\" srcset=\"https:\/\/katolicka-gimnazija.hr\/wp-content\/uploads\/2021\/10\/244344760_4745867715432261_210133470898651284_n-300x200.jpg 300w, https:\/\/katolicka-gimnazija.hr\/wp-content\/uploads\/2021\/10\/244344760_4745867715432261_210133470898651284_n-1024x683.jpg 1024w, https:\/\/katolicka-gimnazija.hr\/wp-content\/uploads\/2021\/10\/244344760_4745867715432261_210133470898651284_n-768x512.jpg 768w, https:\/\/katolicka-gimnazija.hr\/wp-content\/uploads\/2021\/10\/244344760_4745867715432261_210133470898651284_n-1536x1024.jpg 1536w, https:\/\/katolicka-gimnazija.hr\/wp-content\/uploads\/2021\/10\/244344760_4745867715432261_210133470898651284_n-400x267.jpg 400w, https:\/\/katolicka-gimnazija.hr\/wp-content\/uploads\/2021\/10\/244344760_4745867715432261_210133470898651284_n.jpg 1800w\" sizes=\"auto, (max-width: 300px) 100vw, 300px\" \/><\/a>\n\t\t\t<\/div><\/figure><figure class='gallery-item'>\n\t\t\t<div class='gallery-icon landscape'>\n\t\t\t\t<a href='https:\/\/katolicka-gimnazija.hr\/wp-content\/uploads\/2021\/10\/IMG-20211005-WA0037.jpg'><img loading=\"lazy\" decoding=\"async\" width=\"300\" height=\"225\" src=\"https:\/\/katolicka-gimnazija.hr\/wp-content\/uploads\/2021\/10\/IMG-20211005-WA0037-300x225.jpg\" class=\"attachment-medium size-medium\" alt=\"\" srcset=\"https:\/\/katolicka-gimnazija.hr\/wp-content\/uploads\/2021\/10\/IMG-20211005-WA0037-300x225.jpg 300w, https:\/\/katolicka-gimnazija.hr\/wp-content\/uploads\/2021\/10\/IMG-20211005-WA0037-1024x768.jpg 1024w, https:\/\/katolicka-gimnazija.hr\/wp-content\/uploads\/2021\/10\/IMG-20211005-WA0037-768x576.jpg 768w, https:\/\/katolicka-gimnazija.hr\/wp-content\/uploads\/2021\/10\/IMG-20211005-WA0037-1536x1152.jpg 1536w, https:\/\/katolicka-gimnazija.hr\/wp-content\/uploads\/2021\/10\/IMG-20211005-WA0037-400x300.jpg 400w, https:\/\/katolicka-gimnazija.hr\/wp-content\/uploads\/2021\/10\/IMG-20211005-WA0037.jpg 1600w\" sizes=\"auto, (max-width: 300px) 100vw, 300px\" \/><\/a>\n\t\t\t<\/div><\/figure><figure class='gallery-item'>\n\t\t\t<div class='gallery-icon landscape'>\n\t\t\t\t<a href='https:\/\/katolicka-gimnazija.hr\/wp-content\/uploads\/2021\/10\/243343505_392785559171033_6090239144154624236_n.jpg'><img loading=\"lazy\" decoding=\"async\" width=\"300\" height=\"225\" src=\"https:\/\/katolicka-gimnazija.hr\/wp-content\/uploads\/2021\/10\/243343505_392785559171033_6090239144154624236_n-300x225.jpg\" class=\"attachment-medium size-medium\" alt=\"\" srcset=\"https:\/\/katolicka-gimnazija.hr\/wp-content\/uploads\/2021\/10\/243343505_392785559171033_6090239144154624236_n-300x225.jpg 300w, https:\/\/katolicka-gimnazija.hr\/wp-content\/uploads\/2021\/10\/243343505_392785559171033_6090239144154624236_n-768x576.jpg 768w, https:\/\/katolicka-gimnazija.hr\/wp-content\/uploads\/2021\/10\/243343505_392785559171033_6090239144154624236_n-400x300.jpg 400w, https:\/\/katolicka-gimnazija.hr\/wp-content\/uploads\/2021\/10\/243343505_392785559171033_6090239144154624236_n.jpg 960w\" sizes=\"auto, (max-width: 300px) 100vw, 300px\" \/><\/a>\n\t\t\t<\/div><\/figure><figure class='gallery-item'>\n\t\t\t<div class='gallery-icon landscape'>\n\t\t\t\t<a href='https:\/\/katolicka-gimnazija.hr\/wp-content\/uploads\/2021\/10\/243859634_4745867038765662_5239084379937328507_n.jpg'><img loading=\"lazy\" decoding=\"async\" width=\"300\" height=\"200\" src=\"https:\/\/katolicka-gimnazija.hr\/wp-content\/uploads\/2021\/10\/243859634_4745867038765662_5239084379937328507_n-300x200.jpg\" class=\"attachment-medium size-medium\" alt=\"\" srcset=\"https:\/\/katolicka-gimnazija.hr\/wp-content\/uploads\/2021\/10\/243859634_4745867038765662_5239084379937328507_n-300x200.jpg 300w, https:\/\/katolicka-gimnazija.hr\/wp-content\/uploads\/2021\/10\/243859634_4745867038765662_5239084379937328507_n-1024x683.jpg 1024w, https:\/\/katolicka-gimnazija.hr\/wp-content\/uploads\/2021\/10\/243859634_4745867038765662_5239084379937328507_n-768x512.jpg 768w, https:\/\/katolicka-gimnazija.hr\/wp-content\/uploads\/2021\/10\/243859634_4745867038765662_5239084379937328507_n-1536x1024.jpg 1536w, https:\/\/katolicka-gimnazija.hr\/wp-content\/uploads\/2021\/10\/243859634_4745867038765662_5239084379937328507_n-400x267.jpg 400w, https:\/\/katolicka-gimnazija.hr\/wp-content\/uploads\/2021\/10\/243859634_4745867038765662_5239084379937328507_n.jpg 1800w\" sizes=\"auto, (max-width: 300px) 100vw, 300px\" \/><\/a>\n\t\t\t<\/div><\/figure><figure class='gallery-item'>\n\t\t\t<div class='gallery-icon landscape'>\n\t\t\t\t<a href='https:\/\/katolicka-gimnazija.hr\/wp-content\/uploads\/2021\/10\/predsjednici_26-CROP-1024x683-1.jpg'><img loading=\"lazy\" decoding=\"async\" width=\"300\" height=\"200\" src=\"https:\/\/katolicka-gimnazija.hr\/wp-content\/uploads\/2021\/10\/predsjednici_26-CROP-1024x683-1-300x200.jpg\" class=\"attachment-medium size-medium\" alt=\"\" srcset=\"https:\/\/katolicka-gimnazija.hr\/wp-content\/uploads\/2021\/10\/predsjednici_26-CROP-1024x683-1-300x200.jpg 300w, https:\/\/katolicka-gimnazija.hr\/wp-content\/uploads\/2021\/10\/predsjednici_26-CROP-1024x683-1-768x512.jpg 768w, https:\/\/katolicka-gimnazija.hr\/wp-content\/uploads\/2021\/10\/predsjednici_26-CROP-1024x683-1-400x267.jpg 400w, https:\/\/katolicka-gimnazija.hr\/wp-content\/uploads\/2021\/10\/predsjednici_26-CROP-1024x683-1.jpg 1024w\" sizes=\"auto, (max-width: 300px) 100vw, 300px\" \/><\/a>\n\t\t\t<\/div><\/figure><figure class='gallery-item'>\n\t\t\t<div class='gallery-icon landscape'>\n\t\t\t\t<a href='https:\/\/katolicka-gimnazija.hr\/wp-content\/uploads\/2021\/10\/IMG-20211005-WA0028.jpg'><img loading=\"lazy\" decoding=\"async\" width=\"300\" height=\"225\" src=\"https:\/\/katolicka-gimnazija.hr\/wp-content\/uploads\/2021\/10\/IMG-20211005-WA0028-300x225.jpg\" class=\"attachment-medium size-medium\" alt=\"\" srcset=\"https:\/\/katolicka-gimnazija.hr\/wp-content\/uploads\/2021\/10\/IMG-20211005-WA0028-300x225.jpg 300w, https:\/\/katolicka-gimnazija.hr\/wp-content\/uploads\/2021\/10\/IMG-20211005-WA0028-1024x768.jpg 1024w, https:\/\/katolicka-gimnazija.hr\/wp-content\/uploads\/2021\/10\/IMG-20211005-WA0028-768x576.jpg 768w, https:\/\/katolicka-gimnazija.hr\/wp-content\/uploads\/2021\/10\/IMG-20211005-WA0028-1536x1152.jpg 1536w, https:\/\/katolicka-gimnazija.hr\/wp-content\/uploads\/2021\/10\/IMG-20211005-WA0028-400x300.jpg 400w, https:\/\/katolicka-gimnazija.hr\/wp-content\/uploads\/2021\/10\/IMG-20211005-WA0028.jpg 1600w\" sizes=\"auto, (max-width: 300px) 100vw, 300px\" \/><\/a>\n\t\t\t<\/div><\/figure><figure class='gallery-item'>\n\t\t\t<div class='gallery-icon landscape'>\n\t\t\t\t<a href='https:\/\/katolicka-gimnazija.hr\/wp-content\/uploads\/2021\/10\/244365268_4745864538765912_4005690246623770067_n.jpg'><img loading=\"lazy\" decoding=\"async\" width=\"300\" height=\"200\" src=\"https:\/\/katolicka-gimnazija.hr\/wp-content\/uploads\/2021\/10\/244365268_4745864538765912_4005690246623770067_n-300x200.jpg\" class=\"attachment-medium size-medium\" alt=\"\" srcset=\"https:\/\/katolicka-gimnazija.hr\/wp-content\/uploads\/2021\/10\/244365268_4745864538765912_4005690246623770067_n-300x200.jpg 300w, https:\/\/katolicka-gimnazija.hr\/wp-content\/uploads\/2021\/10\/244365268_4745864538765912_4005690246623770067_n-1024x683.jpg 1024w, https:\/\/katolicka-gimnazija.hr\/wp-content\/uploads\/2021\/10\/244365268_4745864538765912_4005690246623770067_n-768x512.jpg 768w, https:\/\/katolicka-gimnazija.hr\/wp-content\/uploads\/2021\/10\/244365268_4745864538765912_4005690246623770067_n-1536x1024.jpg 1536w, https:\/\/katolicka-gimnazija.hr\/wp-content\/uploads\/2021\/10\/244365268_4745864538765912_4005690246623770067_n-400x267.jpg 400w, https:\/\/katolicka-gimnazija.hr\/wp-content\/uploads\/2021\/10\/244365268_4745864538765912_4005690246623770067_n.jpg 1800w\" sizes=\"auto, (max-width: 300px) 100vw, 300px\" \/><\/a>\n\t\t\t<\/div><\/figure><figure class='gallery-item'>\n\t\t\t<div class='gallery-icon portrait'>\n\t\t\t\t<a href='https:\/\/katolicka-gimnazija.hr\/wp-content\/uploads\/2021\/10\/243395852_248925810360478_5932188238878479482_n.jpg'><img loading=\"lazy\" decoding=\"async\" width=\"225\" height=\"300\" src=\"https:\/\/katolicka-gimnazija.hr\/wp-content\/uploads\/2021\/10\/243395852_248925810360478_5932188238878479482_n-225x300.jpg\" class=\"attachment-medium size-medium\" alt=\"\" srcset=\"https:\/\/katolicka-gimnazija.hr\/wp-content\/uploads\/2021\/10\/243395852_248925810360478_5932188238878479482_n-225x300.jpg 225w, https:\/\/katolicka-gimnazija.hr\/wp-content\/uploads\/2021\/10\/243395852_248925810360478_5932188238878479482_n.jpg 720w\" sizes=\"auto, (max-width: 225px) 100vw, 225px\" \/><\/a>\n\t\t\t<\/div><\/figure><figure class='gallery-item'>\n\t\t\t<div class='gallery-icon landscape'>\n\t\t\t\t<a href='https:\/\/katolicka-gimnazija.hr\/wp-content\/uploads\/2021\/10\/predsjednici_29-CROP-1024x683-1.jpg'><img loading=\"lazy\" decoding=\"async\" width=\"300\" height=\"200\" src=\"https:\/\/katolicka-gimnazija.hr\/wp-content\/uploads\/2021\/10\/predsjednici_29-CROP-1024x683-1-300x200.jpg\" class=\"attachment-medium size-medium\" alt=\"\" srcset=\"https:\/\/katolicka-gimnazija.hr\/wp-content\/uploads\/2021\/10\/predsjednici_29-CROP-1024x683-1-300x200.jpg 300w, https:\/\/katolicka-gimnazija.hr\/wp-content\/uploads\/2021\/10\/predsjednici_29-CROP-1024x683-1-768x512.jpg 768w, https:\/\/katolicka-gimnazija.hr\/wp-content\/uploads\/2021\/10\/predsjednici_29-CROP-1024x683-1-400x267.jpg 400w, https:\/\/katolicka-gimnazija.hr\/wp-content\/uploads\/2021\/10\/predsjednici_29-CROP-1024x683-1.jpg 1024w\" sizes=\"auto, (max-width: 300px) 100vw, 300px\" \/><\/a>\n\t\t\t<\/div><\/figure><figure class='gallery-item'>\n\t\t\t<div class='gallery-icon portrait'>\n\t\t\t\t<a href='https:\/\/katolicka-gimnazija.hr\/wp-content\/uploads\/2021\/10\/IMG-20211005-WA0020.jpg'><img loading=\"lazy\" decoding=\"async\" width=\"225\" height=\"300\" src=\"https:\/\/katolicka-gimnazija.hr\/wp-content\/uploads\/2021\/10\/IMG-20211005-WA0020-225x300.jpg\" class=\"attachment-medium size-medium\" alt=\"\" srcset=\"https:\/\/katolicka-gimnazija.hr\/wp-content\/uploads\/2021\/10\/IMG-20211005-WA0020-225x300.jpg 225w, https:\/\/katolicka-gimnazija.hr\/wp-content\/uploads\/2021\/10\/IMG-20211005-WA0020-768x1024.jpg 768w, https:\/\/katolicka-gimnazija.hr\/wp-content\/uploads\/2021\/10\/IMG-20211005-WA0020-1152x1536.jpg 1152w, https:\/\/katolicka-gimnazija.hr\/wp-content\/uploads\/2021\/10\/IMG-20211005-WA0020.jpg 1200w\" sizes=\"auto, (max-width: 225px) 100vw, 225px\" \/><\/a>\n\t\t\t<\/div><\/figure><figure class='gallery-item'>\n\t\t\t<div class='gallery-icon portrait'>\n\t\t\t\t<a href='https:\/\/katolicka-gimnazija.hr\/wp-content\/uploads\/2021\/10\/IMG-20211005-WA0014.jpg'><img loading=\"lazy\" decoding=\"async\" width=\"225\" height=\"300\" src=\"https:\/\/katolicka-gimnazija.hr\/wp-content\/uploads\/2021\/10\/IMG-20211005-WA0014-225x300.jpg\" class=\"attachment-medium size-medium\" alt=\"\" srcset=\"https:\/\/katolicka-gimnazija.hr\/wp-content\/uploads\/2021\/10\/IMG-20211005-WA0014-225x300.jpg 225w, https:\/\/katolicka-gimnazija.hr\/wp-content\/uploads\/2021\/10\/IMG-20211005-WA0014-768x1024.jpg 768w, https:\/\/katolicka-gimnazija.hr\/wp-content\/uploads\/2021\/10\/IMG-20211005-WA0014-1152x1536.jpg 1152w, https:\/\/katolicka-gimnazija.hr\/wp-content\/uploads\/2021\/10\/IMG-20211005-WA0014.jpg 1200w\" sizes=\"auto, (max-width: 225px) 100vw, 225px\" \/><\/a>\n\t\t\t<\/div><\/figure><figure class='gallery-item'>\n\t\t\t<div class='gallery-icon landscape'>\n\t\t\t\t<a href='https:\/\/katolicka-gimnazija.hr\/wp-content\/uploads\/2021\/10\/244324680_4745864358765930_1725921318868451154_n.jpg'><img loading=\"lazy\" decoding=\"async\" width=\"300\" height=\"200\" src=\"https:\/\/katolicka-gimnazija.hr\/wp-content\/uploads\/2021\/10\/244324680_4745864358765930_1725921318868451154_n-300x200.jpg\" class=\"attachment-medium size-medium\" alt=\"\" srcset=\"https:\/\/katolicka-gimnazija.hr\/wp-content\/uploads\/2021\/10\/244324680_4745864358765930_1725921318868451154_n-300x200.jpg 300w, https:\/\/katolicka-gimnazija.hr\/wp-content\/uploads\/2021\/10\/244324680_4745864358765930_1725921318868451154_n-1024x683.jpg 1024w, https:\/\/katolicka-gimnazija.hr\/wp-content\/uploads\/2021\/10\/244324680_4745864358765930_1725921318868451154_n-768x512.jpg 768w, https:\/\/katolicka-gimnazija.hr\/wp-content\/uploads\/2021\/10\/244324680_4745864358765930_1725921318868451154_n-1536x1024.jpg 1536w, https:\/\/katolicka-gimnazija.hr\/wp-content\/uploads\/2021\/10\/244324680_4745864358765930_1725921318868451154_n-400x267.jpg 400w, https:\/\/katolicka-gimnazija.hr\/wp-content\/uploads\/2021\/10\/244324680_4745864358765930_1725921318868451154_n.jpg 1800w\" sizes=\"auto, (max-width: 300px) 100vw, 300px\" \/><\/a>\n\t\t\t<\/div><\/figure><figure class='gallery-item'>\n\t\t\t<div class='gallery-icon landscape'>\n\t\t\t\t<a href='https:\/\/katolicka-gimnazija.hr\/wp-content\/uploads\/2021\/10\/IMG-20211005-WA0017.jpg'><img loading=\"lazy\" decoding=\"async\" width=\"300\" height=\"225\" src=\"https:\/\/katolicka-gimnazija.hr\/wp-content\/uploads\/2021\/10\/IMG-20211005-WA0017-300x225.jpg\" class=\"attachment-medium size-medium\" alt=\"\" srcset=\"https:\/\/katolicka-gimnazija.hr\/wp-content\/uploads\/2021\/10\/IMG-20211005-WA0017-300x225.jpg 300w, https:\/\/katolicka-gimnazija.hr\/wp-content\/uploads\/2021\/10\/IMG-20211005-WA0017-1024x768.jpg 1024w, https:\/\/katolicka-gimnazija.hr\/wp-content\/uploads\/2021\/10\/IMG-20211005-WA0017-768x576.jpg 768w, https:\/\/katolicka-gimnazija.hr\/wp-content\/uploads\/2021\/10\/IMG-20211005-WA0017-1536x1152.jpg 1536w, https:\/\/katolicka-gimnazija.hr\/wp-content\/uploads\/2021\/10\/IMG-20211005-WA0017-400x300.jpg 400w, https:\/\/katolicka-gimnazija.hr\/wp-content\/uploads\/2021\/10\/IMG-20211005-WA0017.jpg 1600w\" sizes=\"auto, (max-width: 300px) 100vw, 300px\" \/><\/a>\n\t\t\t<\/div><\/figure><figure class='gallery-item'>\n\t\t\t<div class='gallery-icon landscape'>\n\t\t\t\t<a href='https:\/\/katolicka-gimnazija.hr\/wp-content\/uploads\/2021\/10\/244320764_4745864008765965_6769208625702621546_n.jpg'><img loading=\"lazy\" decoding=\"async\" width=\"300\" height=\"200\" src=\"https:\/\/katolicka-gimnazija.hr\/wp-content\/uploads\/2021\/10\/244320764_4745864008765965_6769208625702621546_n-300x200.jpg\" class=\"attachment-medium size-medium\" alt=\"\" srcset=\"https:\/\/katolicka-gimnazija.hr\/wp-content\/uploads\/2021\/10\/244320764_4745864008765965_6769208625702621546_n-300x200.jpg 300w, https:\/\/katolicka-gimnazija.hr\/wp-content\/uploads\/2021\/10\/244320764_4745864008765965_6769208625702621546_n-1024x683.jpg 1024w, https:\/\/katolicka-gimnazija.hr\/wp-content\/uploads\/2021\/10\/244320764_4745864008765965_6769208625702621546_n-768x512.jpg 768w, https:\/\/katolicka-gimnazija.hr\/wp-content\/uploads\/2021\/10\/244320764_4745864008765965_6769208625702621546_n-1536x1024.jpg 1536w, https:\/\/katolicka-gimnazija.hr\/wp-content\/uploads\/2021\/10\/244320764_4745864008765965_6769208625702621546_n-400x267.jpg 400w, https:\/\/katolicka-gimnazija.hr\/wp-content\/uploads\/2021\/10\/244320764_4745864008765965_6769208625702621546_n.jpg 1800w\" sizes=\"auto, (max-width: 300px) 100vw, 300px\" \/><\/a>\n\t\t\t<\/div><\/figure><figure class='gallery-item'>\n\t\t\t<div class='gallery-icon landscape'>\n\t\t\t\t<a href='https:\/\/katolicka-gimnazija.hr\/wp-content\/uploads\/2021\/10\/244352904_4745866582099041_636507015335584200_n.jpg'><img loading=\"lazy\" decoding=\"async\" width=\"300\" height=\"200\" src=\"https:\/\/katolicka-gimnazija.hr\/wp-content\/uploads\/2021\/10\/244352904_4745866582099041_636507015335584200_n-300x200.jpg\" class=\"attachment-medium size-medium\" alt=\"\" srcset=\"https:\/\/katolicka-gimnazija.hr\/wp-content\/uploads\/2021\/10\/244352904_4745866582099041_636507015335584200_n-300x200.jpg 300w, https:\/\/katolicka-gimnazija.hr\/wp-content\/uploads\/2021\/10\/244352904_4745866582099041_636507015335584200_n-1024x683.jpg 1024w, https:\/\/katolicka-gimnazija.hr\/wp-content\/uploads\/2021\/10\/244352904_4745866582099041_636507015335584200_n-768x512.jpg 768w, https:\/\/katolicka-gimnazija.hr\/wp-content\/uploads\/2021\/10\/244352904_4745866582099041_636507015335584200_n-1536x1024.jpg 1536w, https:\/\/katolicka-gimnazija.hr\/wp-content\/uploads\/2021\/10\/244352904_4745866582099041_636507015335584200_n-400x267.jpg 400w, https:\/\/katolicka-gimnazija.hr\/wp-content\/uploads\/2021\/10\/244352904_4745866582099041_636507015335584200_n.jpg 1800w\" sizes=\"auto, (max-width: 300px) 100vw, 300px\" \/><\/a>\n\t\t\t<\/div><\/figure><figure class='gallery-item'>\n\t\t\t<div class='gallery-icon landscape'>\n\t\t\t\t<a href='https:\/\/katolicka-gimnazija.hr\/wp-content\/uploads\/2021\/10\/244337734_4745863502099349_1609668957633887304_n.jpg'><img loading=\"lazy\" decoding=\"async\" width=\"300\" height=\"213\" src=\"https:\/\/katolicka-gimnazija.hr\/wp-content\/uploads\/2021\/10\/244337734_4745863502099349_1609668957633887304_n-300x213.jpg\" class=\"attachment-medium size-medium\" alt=\"\" srcset=\"https:\/\/katolicka-gimnazija.hr\/wp-content\/uploads\/2021\/10\/244337734_4745863502099349_1609668957633887304_n-300x213.jpg 300w, https:\/\/katolicka-gimnazija.hr\/wp-content\/uploads\/2021\/10\/244337734_4745863502099349_1609668957633887304_n-1024x729.jpg 1024w, https:\/\/katolicka-gimnazija.hr\/wp-content\/uploads\/2021\/10\/244337734_4745863502099349_1609668957633887304_n-768x547.jpg 768w, https:\/\/katolicka-gimnazija.hr\/wp-content\/uploads\/2021\/10\/244337734_4745863502099349_1609668957633887304_n-400x285.jpg 400w, https:\/\/katolicka-gimnazija.hr\/wp-content\/uploads\/2021\/10\/244337734_4745863502099349_1609668957633887304_n.jpg 1498w\" sizes=\"auto, (max-width: 300px) 100vw, 300px\" \/><\/a>\n\t\t\t<\/div><\/figure><figure class='gallery-item'>\n\t\t\t<div class='gallery-icon portrait'>\n\t\t\t\t<a href='https:\/\/katolicka-gimnazija.hr\/wp-content\/uploads\/2021\/10\/IMG-20211002-WA0016.jpg'><img loading=\"lazy\" decoding=\"async\" width=\"225\" height=\"300\" src=\"https:\/\/katolicka-gimnazija.hr\/wp-content\/uploads\/2021\/10\/IMG-20211002-WA0016-225x300.jpg\" class=\"attachment-medium size-medium\" alt=\"\" srcset=\"https:\/\/katolicka-gimnazija.hr\/wp-content\/uploads\/2021\/10\/IMG-20211002-WA0016-225x300.jpg 225w, https:\/\/katolicka-gimnazija.hr\/wp-content\/uploads\/2021\/10\/IMG-20211002-WA0016-768x1024.jpg 768w, https:\/\/katolicka-gimnazija.hr\/wp-content\/uploads\/2021\/10\/IMG-20211002-WA0016-1152x1536.jpg 1152w, https:\/\/katolicka-gimnazija.hr\/wp-content\/uploads\/2021\/10\/IMG-20211002-WA0016.jpg 1200w\" sizes=\"auto, (max-width: 225px) 100vw, 225px\" \/><\/a>\n\t\t\t<\/div><\/figure><figure class='gallery-item'>\n\t\t\t<div class='gallery-icon landscape'>\n\t\t\t\t<a href='https:\/\/katolicka-gimnazija.hr\/wp-content\/uploads\/2021\/10\/244179376_4745864655432567_7304771766597615795_n.jpg'><img loading=\"lazy\" decoding=\"async\" width=\"300\" height=\"200\" src=\"https:\/\/katolicka-gimnazija.hr\/wp-content\/uploads\/2021\/10\/244179376_4745864655432567_7304771766597615795_n-300x200.jpg\" class=\"attachment-medium size-medium\" alt=\"\" srcset=\"https:\/\/katolicka-gimnazija.hr\/wp-content\/uploads\/2021\/10\/244179376_4745864655432567_7304771766597615795_n-300x200.jpg 300w, https:\/\/katolicka-gimnazija.hr\/wp-content\/uploads\/2021\/10\/244179376_4745864655432567_7304771766597615795_n-1024x683.jpg 1024w, https:\/\/katolicka-gimnazija.hr\/wp-content\/uploads\/2021\/10\/244179376_4745864655432567_7304771766597615795_n-768x512.jpg 768w, https:\/\/katolicka-gimnazija.hr\/wp-content\/uploads\/2021\/10\/244179376_4745864655432567_7304771766597615795_n-1536x1024.jpg 1536w, https:\/\/katolicka-gimnazija.hr\/wp-content\/uploads\/2021\/10\/244179376_4745864655432567_7304771766597615795_n-400x267.jpg 400w, https:\/\/katolicka-gimnazija.hr\/wp-content\/uploads\/2021\/10\/244179376_4745864655432567_7304771766597615795_n.jpg 1800w\" sizes=\"auto, (max-width: 300px) 100vw, 300px\" \/><\/a>\n\t\t\t<\/div><\/figure><figure class='gallery-item'>\n\t\t\t<div class='gallery-icon portrait'>\n\t\t\t\t<a href='https:\/\/katolicka-gimnazija.hr\/wp-content\/uploads\/2021\/10\/IMG-20211005-WA0039.jpg'><img loading=\"lazy\" decoding=\"async\" width=\"225\" height=\"300\" src=\"https:\/\/katolicka-gimnazija.hr\/wp-content\/uploads\/2021\/10\/IMG-20211005-WA0039-225x300.jpg\" class=\"attachment-medium size-medium\" alt=\"\" srcset=\"https:\/\/katolicka-gimnazija.hr\/wp-content\/uploads\/2021\/10\/IMG-20211005-WA0039-225x300.jpg 225w, https:\/\/katolicka-gimnazija.hr\/wp-content\/uploads\/2021\/10\/IMG-20211005-WA0039-768x1024.jpg 768w, https:\/\/katolicka-gimnazija.hr\/wp-content\/uploads\/2021\/10\/IMG-20211005-WA0039-1152x1536.jpg 1152w, https:\/\/katolicka-gimnazija.hr\/wp-content\/uploads\/2021\/10\/IMG-20211005-WA0039.jpg 1200w\" sizes=\"auto, (max-width: 225px) 100vw, 225px\" \/><\/a>\n\t\t\t<\/div><\/figure><figure class='gallery-item'>\n\t\t\t<div class='gallery-icon landscape'>\n\t\t\t\t<a href='https:\/\/katolicka-gimnazija.hr\/wp-content\/uploads\/2021\/10\/244357598_4745863885432644_8772468617848829471_n.jpg'><img loading=\"lazy\" decoding=\"async\" width=\"300\" height=\"200\" src=\"https:\/\/katolicka-gimnazija.hr\/wp-content\/uploads\/2021\/10\/244357598_4745863885432644_8772468617848829471_n-300x200.jpg\" class=\"attachment-medium size-medium\" alt=\"\" srcset=\"https:\/\/katolicka-gimnazija.hr\/wp-content\/uploads\/2021\/10\/244357598_4745863885432644_8772468617848829471_n-300x200.jpg 300w, https:\/\/katolicka-gimnazija.hr\/wp-content\/uploads\/2021\/10\/244357598_4745863885432644_8772468617848829471_n-1024x683.jpg 1024w, https:\/\/katolicka-gimnazija.hr\/wp-content\/uploads\/2021\/10\/244357598_4745863885432644_8772468617848829471_n-768x512.jpg 768w, https:\/\/katolicka-gimnazija.hr\/wp-content\/uploads\/2021\/10\/244357598_4745863885432644_8772468617848829471_n-1536x1024.jpg 1536w, https:\/\/katolicka-gimnazija.hr\/wp-content\/uploads\/2021\/10\/244357598_4745863885432644_8772468617848829471_n-400x267.jpg 400w, https:\/\/katolicka-gimnazija.hr\/wp-content\/uploads\/2021\/10\/244357598_4745863885432644_8772468617848829471_n.jpg 1800w\" sizes=\"auto, (max-width: 300px) 100vw, 300px\" \/><\/a>\n\t\t\t<\/div><\/figure><figure class='gallery-item'>\n\t\t\t<div class='gallery-icon landscape'>\n\t\t\t\t<a href='https:\/\/katolicka-gimnazija.hr\/wp-content\/uploads\/2021\/10\/IMG-20211002-WA0015.jpg'><img loading=\"lazy\" decoding=\"async\" width=\"300\" height=\"225\" src=\"https:\/\/katolicka-gimnazija.hr\/wp-content\/uploads\/2021\/10\/IMG-20211002-WA0015-300x225.jpg\" class=\"attachment-medium size-medium\" alt=\"\" srcset=\"https:\/\/katolicka-gimnazija.hr\/wp-content\/uploads\/2021\/10\/IMG-20211002-WA0015-300x225.jpg 300w, https:\/\/katolicka-gimnazija.hr\/wp-content\/uploads\/2021\/10\/IMG-20211002-WA0015-1024x768.jpg 1024w, https:\/\/katolicka-gimnazija.hr\/wp-content\/uploads\/2021\/10\/IMG-20211002-WA0015-768x576.jpg 768w, https:\/\/katolicka-gimnazija.hr\/wp-content\/uploads\/2021\/10\/IMG-20211002-WA0015-1536x1152.jpg 1536w, https:\/\/katolicka-gimnazija.hr\/wp-content\/uploads\/2021\/10\/IMG-20211002-WA0015-400x300.jpg 400w, https:\/\/katolicka-gimnazija.hr\/wp-content\/uploads\/2021\/10\/IMG-20211002-WA0015.jpg 1600w\" sizes=\"auto, (max-width: 300px) 100vw, 300px\" \/><\/a>\n\t\t\t<\/div><\/figure><figure class='gallery-item'>\n\t\t\t<div class='gallery-icon landscape'>\n\t\t\t\t<a href='https:\/\/katolicka-gimnazija.hr\/wp-content\/uploads\/2021\/10\/243315071_402010014657488_3193303293910286313_n.jpg'><img loading=\"lazy\" decoding=\"async\" width=\"300\" height=\"225\" src=\"https:\/\/katolicka-gimnazija.hr\/wp-content\/uploads\/2021\/10\/243315071_402010014657488_3193303293910286313_n-300x225.jpg\" class=\"attachment-medium size-medium\" alt=\"\" srcset=\"https:\/\/katolicka-gimnazija.hr\/wp-content\/uploads\/2021\/10\/243315071_402010014657488_3193303293910286313_n-300x225.jpg 300w, https:\/\/katolicka-gimnazija.hr\/wp-content\/uploads\/2021\/10\/243315071_402010014657488_3193303293910286313_n-768x576.jpg 768w, https:\/\/katolicka-gimnazija.hr\/wp-content\/uploads\/2021\/10\/243315071_402010014657488_3193303293910286313_n-400x300.jpg 400w, https:\/\/katolicka-gimnazija.hr\/wp-content\/uploads\/2021\/10\/243315071_402010014657488_3193303293910286313_n.jpg 960w\" sizes=\"auto, (max-width: 300px) 100vw, 300px\" \/><\/a>\n\t\t\t<\/div><\/figure><figure class='gallery-item'>\n\t\t\t<div class='gallery-icon landscape'>\n\t\t\t\t<a href='https:\/\/katolicka-gimnazija.hr\/wp-content\/uploads\/2021\/10\/244165839_4745864158765950_8133458192769362786_n.jpg'><img loading=\"lazy\" decoding=\"async\" width=\"300\" height=\"200\" src=\"https:\/\/katolicka-gimnazija.hr\/wp-content\/uploads\/2021\/10\/244165839_4745864158765950_8133458192769362786_n-300x200.jpg\" class=\"attachment-medium size-medium\" alt=\"\" srcset=\"https:\/\/katolicka-gimnazija.hr\/wp-content\/uploads\/2021\/10\/244165839_4745864158765950_8133458192769362786_n-300x200.jpg 300w, https:\/\/katolicka-gimnazija.hr\/wp-content\/uploads\/2021\/10\/244165839_4745864158765950_8133458192769362786_n-1024x683.jpg 1024w, https:\/\/katolicka-gimnazija.hr\/wp-content\/uploads\/2021\/10\/244165839_4745864158765950_8133458192769362786_n-768x512.jpg 768w, https:\/\/katolicka-gimnazija.hr\/wp-content\/uploads\/2021\/10\/244165839_4745864158765950_8133458192769362786_n-1536x1024.jpg 1536w, https:\/\/katolicka-gimnazija.hr\/wp-content\/uploads\/2021\/10\/244165839_4745864158765950_8133458192769362786_n-400x267.jpg 400w, https:\/\/katolicka-gimnazija.hr\/wp-content\/uploads\/2021\/10\/244165839_4745864158765950_8133458192769362786_n.jpg 1800w\" sizes=\"auto, (max-width: 300px) 100vw, 300px\" \/><\/a>\n\t\t\t<\/div><\/figure><figure class='gallery-item'>\n\t\t\t<div class='gallery-icon landscape'>\n\t\t\t\t<a href='https:\/\/katolicka-gimnazija.hr\/wp-content\/uploads\/2021\/10\/IMG-20211005-WA0040.jpg'><img loading=\"lazy\" decoding=\"async\" width=\"300\" height=\"225\" src=\"https:\/\/katolicka-gimnazija.hr\/wp-content\/uploads\/2021\/10\/IMG-20211005-WA0040-300x225.jpg\" class=\"attachment-medium size-medium\" alt=\"\" srcset=\"https:\/\/katolicka-gimnazija.hr\/wp-content\/uploads\/2021\/10\/IMG-20211005-WA0040-300x225.jpg 300w, https:\/\/katolicka-gimnazija.hr\/wp-content\/uploads\/2021\/10\/IMG-20211005-WA0040-1024x768.jpg 1024w, https:\/\/katolicka-gimnazija.hr\/wp-content\/uploads\/2021\/10\/IMG-20211005-WA0040-768x576.jpg 768w, https:\/\/katolicka-gimnazija.hr\/wp-content\/uploads\/2021\/10\/IMG-20211005-WA0040-1536x1152.jpg 1536w, https:\/\/katolicka-gimnazija.hr\/wp-content\/uploads\/2021\/10\/IMG-20211005-WA0040-400x300.jpg 400w, https:\/\/katolicka-gimnazija.hr\/wp-content\/uploads\/2021\/10\/IMG-20211005-WA0040.jpg 1600w\" sizes=\"auto, (max-width: 300px) 100vw, 300px\" \/><\/a>\n\t\t\t<\/div><\/figure><figure class='gallery-item'>\n\t\t\t<div class='gallery-icon landscape'>\n\t\t\t\t<a href='https:\/\/katolicka-gimnazija.hr\/wp-content\/uploads\/2021\/10\/243986031_4745864435432589_3291015880573478825_n.jpg'><img loading=\"lazy\" decoding=\"async\" width=\"300\" height=\"200\" src=\"https:\/\/katolicka-gimnazija.hr\/wp-content\/uploads\/2021\/10\/243986031_4745864435432589_3291015880573478825_n-300x200.jpg\" class=\"attachment-medium size-medium\" alt=\"\" srcset=\"https:\/\/katolicka-gimnazija.hr\/wp-content\/uploads\/2021\/10\/243986031_4745864435432589_3291015880573478825_n-300x200.jpg 300w, https:\/\/katolicka-gimnazija.hr\/wp-content\/uploads\/2021\/10\/243986031_4745864435432589_3291015880573478825_n-1024x683.jpg 1024w, https:\/\/katolicka-gimnazija.hr\/wp-content\/uploads\/2021\/10\/243986031_4745864435432589_3291015880573478825_n-768x512.jpg 768w, https:\/\/katolicka-gimnazija.hr\/wp-content\/uploads\/2021\/10\/243986031_4745864435432589_3291015880573478825_n-1536x1024.jpg 1536w, https:\/\/katolicka-gimnazija.hr\/wp-content\/uploads\/2021\/10\/243986031_4745864435432589_3291015880573478825_n-400x267.jpg 400w, https:\/\/katolicka-gimnazija.hr\/wp-content\/uploads\/2021\/10\/243986031_4745864435432589_3291015880573478825_n.jpg 1800w\" sizes=\"auto, (max-width: 300px) 100vw, 300px\" \/><\/a>\n\t\t\t<\/div><\/figure><figure class='gallery-item'>\n\t\t\t<div class='gallery-icon landscape'>\n\t\t\t\t<a href='https:\/\/katolicka-gimnazija.hr\/wp-content\/uploads\/2021\/10\/IMG-20211005-WA0029.jpg'><img loading=\"lazy\" decoding=\"async\" width=\"300\" height=\"225\" src=\"https:\/\/katolicka-gimnazija.hr\/wp-content\/uploads\/2021\/10\/IMG-20211005-WA0029-300x225.jpg\" class=\"attachment-medium size-medium\" alt=\"\" srcset=\"https:\/\/katolicka-gimnazija.hr\/wp-content\/uploads\/2021\/10\/IMG-20211005-WA0029-300x225.jpg 300w, https:\/\/katolicka-gimnazija.hr\/wp-content\/uploads\/2021\/10\/IMG-20211005-WA0029-1024x768.jpg 1024w, https:\/\/katolicka-gimnazija.hr\/wp-content\/uploads\/2021\/10\/IMG-20211005-WA0029-768x576.jpg 768w, https:\/\/katolicka-gimnazija.hr\/wp-content\/uploads\/2021\/10\/IMG-20211005-WA0029-1536x1152.jpg 1536w, https:\/\/katolicka-gimnazija.hr\/wp-content\/uploads\/2021\/10\/IMG-20211005-WA0029-400x300.jpg 400w, https:\/\/katolicka-gimnazija.hr\/wp-content\/uploads\/2021\/10\/IMG-20211005-WA0029.jpg 1600w\" sizes=\"auto, (max-width: 300px) 100vw, 300px\" \/><\/a>\n\t\t\t<\/div><\/figure><figure class='gallery-item'>\n\t\t\t<div class='gallery-icon landscape'>\n\t\t\t\t<a href='https:\/\/katolicka-gimnazija.hr\/wp-content\/uploads\/2021\/10\/244141666_4745863955432637_3037977019328169544_n.jpg'><img loading=\"lazy\" decoding=\"async\" width=\"300\" height=\"200\" src=\"https:\/\/katolicka-gimnazija.hr\/wp-content\/uploads\/2021\/10\/244141666_4745863955432637_3037977019328169544_n-300x200.jpg\" class=\"attachment-medium size-medium\" alt=\"\" srcset=\"https:\/\/katolicka-gimnazija.hr\/wp-content\/uploads\/2021\/10\/244141666_4745863955432637_3037977019328169544_n-300x200.jpg 300w, https:\/\/katolicka-gimnazija.hr\/wp-content\/uploads\/2021\/10\/244141666_4745863955432637_3037977019328169544_n-1024x683.jpg 1024w, https:\/\/katolicka-gimnazija.hr\/wp-content\/uploads\/2021\/10\/244141666_4745863955432637_3037977019328169544_n-768x512.jpg 768w, https:\/\/katolicka-gimnazija.hr\/wp-content\/uploads\/2021\/10\/244141666_4745863955432637_3037977019328169544_n-1536x1024.jpg 1536w, https:\/\/katolicka-gimnazija.hr\/wp-content\/uploads\/2021\/10\/244141666_4745863955432637_3037977019328169544_n-400x267.jpg 400w, https:\/\/katolicka-gimnazija.hr\/wp-content\/uploads\/2021\/10\/244141666_4745863955432637_3037977019328169544_n.jpg 1800w\" sizes=\"auto, (max-width: 300px) 100vw, 300px\" \/><\/a>\n\t\t\t<\/div><\/figure><figure class='gallery-item'>\n\t\t\t<div class='gallery-icon landscape'>\n\t\t\t\t<a href='https:\/\/katolicka-gimnazija.hr\/wp-content\/uploads\/2021\/10\/244202635_4745866308765735_3751059142286123070_n.jpg'><img loading=\"lazy\" decoding=\"async\" width=\"300\" height=\"200\" src=\"https:\/\/katolicka-gimnazija.hr\/wp-content\/uploads\/2021\/10\/244202635_4745866308765735_3751059142286123070_n-300x200.jpg\" class=\"attachment-medium size-medium\" alt=\"\" srcset=\"https:\/\/katolicka-gimnazija.hr\/wp-content\/uploads\/2021\/10\/244202635_4745866308765735_3751059142286123070_n-300x200.jpg 300w, https:\/\/katolicka-gimnazija.hr\/wp-content\/uploads\/2021\/10\/244202635_4745866308765735_3751059142286123070_n-1024x683.jpg 1024w, https:\/\/katolicka-gimnazija.hr\/wp-content\/uploads\/2021\/10\/244202635_4745866308765735_3751059142286123070_n-768x512.jpg 768w, https:\/\/katolicka-gimnazija.hr\/wp-content\/uploads\/2021\/10\/244202635_4745866308765735_3751059142286123070_n-1536x1024.jpg 1536w, https:\/\/katolicka-gimnazija.hr\/wp-content\/uploads\/2021\/10\/244202635_4745866308765735_3751059142286123070_n-400x267.jpg 400w, https:\/\/katolicka-gimnazija.hr\/wp-content\/uploads\/2021\/10\/244202635_4745866308765735_3751059142286123070_n.jpg 1800w\" sizes=\"auto, (max-width: 300px) 100vw, 300px\" \/><\/a>\n\t\t\t<\/div><\/figure><figure class='gallery-item'>\n\t\t\t<div class='gallery-icon landscape'>\n\t\t\t\t<a href='https:\/\/katolicka-gimnazija.hr\/wp-content\/uploads\/2021\/10\/IMG-20211002-WA0013.jpg'><img loading=\"lazy\" decoding=\"async\" width=\"300\" height=\"225\" src=\"https:\/\/katolicka-gimnazija.hr\/wp-content\/uploads\/2021\/10\/IMG-20211002-WA0013-300x225.jpg\" class=\"attachment-medium size-medium\" alt=\"\" srcset=\"https:\/\/katolicka-gimnazija.hr\/wp-content\/uploads\/2021\/10\/IMG-20211002-WA0013-300x225.jpg 300w, https:\/\/katolicka-gimnazija.hr\/wp-content\/uploads\/2021\/10\/IMG-20211002-WA0013-1024x768.jpg 1024w, https:\/\/katolicka-gimnazija.hr\/wp-content\/uploads\/2021\/10\/IMG-20211002-WA0013-768x576.jpg 768w, https:\/\/katolicka-gimnazija.hr\/wp-content\/uploads\/2021\/10\/IMG-20211002-WA0013-1536x1152.jpg 1536w, https:\/\/katolicka-gimnazija.hr\/wp-content\/uploads\/2021\/10\/IMG-20211002-WA0013-400x300.jpg 400w, https:\/\/katolicka-gimnazija.hr\/wp-content\/uploads\/2021\/10\/IMG-20211002-WA0013.jpg 1600w\" sizes=\"auto, (max-width: 300px) 100vw, 300px\" \/><\/a>\n\t\t\t<\/div><\/figure><figure class='gallery-item'>\n\t\t\t<div class='gallery-icon landscape'>\n\t\t\t\t<a href='https:\/\/katolicka-gimnazija.hr\/wp-content\/uploads\/2021\/10\/243566414_404795194360681_3194518045855318124_n.jpg'><img loading=\"lazy\" decoding=\"async\" width=\"300\" height=\"225\" src=\"https:\/\/katolicka-gimnazija.hr\/wp-content\/uploads\/2021\/10\/243566414_404795194360681_3194518045855318124_n-300x225.jpg\" class=\"attachment-medium size-medium\" alt=\"\" srcset=\"https:\/\/katolicka-gimnazija.hr\/wp-content\/uploads\/2021\/10\/243566414_404795194360681_3194518045855318124_n-300x225.jpg 300w, https:\/\/katolicka-gimnazija.hr\/wp-content\/uploads\/2021\/10\/243566414_404795194360681_3194518045855318124_n-768x576.jpg 768w, https:\/\/katolicka-gimnazija.hr\/wp-content\/uploads\/2021\/10\/243566414_404795194360681_3194518045855318124_n-400x300.jpg 400w, https:\/\/katolicka-gimnazija.hr\/wp-content\/uploads\/2021\/10\/243566414_404795194360681_3194518045855318124_n.jpg 960w\" sizes=\"auto, (max-width: 300px) 100vw, 300px\" \/><\/a>\n\t\t\t<\/div><\/figure><figure class='gallery-item'>\n\t\t\t<div class='gallery-icon portrait'>\n\t\t\t\t<a href='https:\/\/katolicka-gimnazija.hr\/wp-content\/uploads\/2021\/10\/243321822_2961698387414974_7955415160818218902_n.jpg'><img loading=\"lazy\" decoding=\"async\" width=\"225\" height=\"300\" src=\"https:\/\/katolicka-gimnazija.hr\/wp-content\/uploads\/2021\/10\/243321822_2961698387414974_7955415160818218902_n-225x300.jpg\" class=\"attachment-medium size-medium\" alt=\"\" srcset=\"https:\/\/katolicka-gimnazija.hr\/wp-content\/uploads\/2021\/10\/243321822_2961698387414974_7955415160818218902_n-225x300.jpg 225w, https:\/\/katolicka-gimnazija.hr\/wp-content\/uploads\/2021\/10\/243321822_2961698387414974_7955415160818218902_n.jpg 720w\" sizes=\"auto, (max-width: 225px) 100vw, 225px\" \/><\/a>\n\t\t\t<\/div><\/figure><figure class='gallery-item'>\n\t\t\t<div class='gallery-icon portrait'>\n\t\t\t\t<a href='https:\/\/katolicka-gimnazija.hr\/wp-content\/uploads\/2021\/10\/IMG-20211002-WA0014.jpg'><img loading=\"lazy\" decoding=\"async\" width=\"225\" height=\"300\" src=\"https:\/\/katolicka-gimnazija.hr\/wp-content\/uploads\/2021\/10\/IMG-20211002-WA0014-225x300.jpg\" class=\"attachment-medium size-medium\" alt=\"\" srcset=\"https:\/\/katolicka-gimnazija.hr\/wp-content\/uploads\/2021\/10\/IMG-20211002-WA0014-225x300.jpg 225w, https:\/\/katolicka-gimnazija.hr\/wp-content\/uploads\/2021\/10\/IMG-20211002-WA0014-768x1024.jpg 768w, https:\/\/katolicka-gimnazija.hr\/wp-content\/uploads\/2021\/10\/IMG-20211002-WA0014-1152x1536.jpg 1152w, https:\/\/katolicka-gimnazija.hr\/wp-content\/uploads\/2021\/10\/IMG-20211002-WA0014.jpg 1200w\" sizes=\"auto, (max-width: 225px) 100vw, 225px\" \/><\/a>\n\t\t\t<\/div><\/figure><figure class='gallery-item'>\n\t\t\t<div class='gallery-icon landscape'>\n\t\t\t\t<a href='https:\/\/katolicka-gimnazija.hr\/wp-content\/uploads\/2021\/10\/predsjednici_12-CROP-1024x683-1.jpg'><img loading=\"lazy\" decoding=\"async\" width=\"300\" height=\"200\" src=\"https:\/\/katolicka-gimnazija.hr\/wp-content\/uploads\/2021\/10\/predsjednici_12-CROP-1024x683-1-300x200.jpg\" class=\"attachment-medium size-medium\" alt=\"\" srcset=\"https:\/\/katolicka-gimnazija.hr\/wp-content\/uploads\/2021\/10\/predsjednici_12-CROP-1024x683-1-300x200.jpg 300w, https:\/\/katolicka-gimnazija.hr\/wp-content\/uploads\/2021\/10\/predsjednici_12-CROP-1024x683-1-768x512.jpg 768w, https:\/\/katolicka-gimnazija.hr\/wp-content\/uploads\/2021\/10\/predsjednici_12-CROP-1024x683-1-400x267.jpg 400w, https:\/\/katolicka-gimnazija.hr\/wp-content\/uploads\/2021\/10\/predsjednici_12-CROP-1024x683-1.jpg 1024w\" sizes=\"auto, (max-width: 300px) 100vw, 300px\" \/><\/a>\n\t\t\t<\/div><\/figure><figure class='gallery-item'>\n\t\t\t<div class='gallery-icon landscape'>\n\t\t\t\t<a href='https:\/\/katolicka-gimnazija.hr\/wp-content\/uploads\/2021\/10\/243411921_2199383206868370_4010769978688951177_n.jpg'><img loading=\"lazy\" decoding=\"async\" width=\"300\" height=\"225\" src=\"https:\/\/katolicka-gimnazija.hr\/wp-content\/uploads\/2021\/10\/243411921_2199383206868370_4010769978688951177_n-300x225.jpg\" class=\"attachment-medium size-medium\" alt=\"\" srcset=\"https:\/\/katolicka-gimnazija.hr\/wp-content\/uploads\/2021\/10\/243411921_2199383206868370_4010769978688951177_n-300x225.jpg 300w, https:\/\/katolicka-gimnazija.hr\/wp-content\/uploads\/2021\/10\/243411921_2199383206868370_4010769978688951177_n-1024x768.jpg 1024w, https:\/\/katolicka-gimnazija.hr\/wp-content\/uploads\/2021\/10\/243411921_2199383206868370_4010769978688951177_n-768x576.jpg 768w, https:\/\/katolicka-gimnazija.hr\/wp-content\/uploads\/2021\/10\/243411921_2199383206868370_4010769978688951177_n-1536x1152.jpg 1536w, https:\/\/katolicka-gimnazija.hr\/wp-content\/uploads\/2021\/10\/243411921_2199383206868370_4010769978688951177_n-400x300.jpg 400w, https:\/\/katolicka-gimnazija.hr\/wp-content\/uploads\/2021\/10\/243411921_2199383206868370_4010769978688951177_n.jpg 2048w\" sizes=\"auto, (max-width: 300px) 100vw, 300px\" \/><\/a>\n\t\t\t<\/div><\/figure><figure class='gallery-item'>\n\t\t\t<div class='gallery-icon landscape'>\n\t\t\t\t<a href='https:\/\/katolicka-gimnazija.hr\/wp-content\/uploads\/2021\/10\/244141561_4745867855432247_7216919871475850049_n.jpg'><img loading=\"lazy\" decoding=\"async\" width=\"300\" height=\"200\" src=\"https:\/\/katolicka-gimnazija.hr\/wp-content\/uploads\/2021\/10\/244141561_4745867855432247_7216919871475850049_n-300x200.jpg\" class=\"attachment-medium size-medium\" alt=\"\" srcset=\"https:\/\/katolicka-gimnazija.hr\/wp-content\/uploads\/2021\/10\/244141561_4745867855432247_7216919871475850049_n-300x200.jpg 300w, https:\/\/katolicka-gimnazija.hr\/wp-content\/uploads\/2021\/10\/244141561_4745867855432247_7216919871475850049_n-1024x683.jpg 1024w, https:\/\/katolicka-gimnazija.hr\/wp-content\/uploads\/2021\/10\/244141561_4745867855432247_7216919871475850049_n-768x512.jpg 768w, https:\/\/katolicka-gimnazija.hr\/wp-content\/uploads\/2021\/10\/244141561_4745867855432247_7216919871475850049_n-1536x1024.jpg 1536w, https:\/\/katolicka-gimnazija.hr\/wp-content\/uploads\/2021\/10\/244141561_4745867855432247_7216919871475850049_n-400x267.jpg 400w, https:\/\/katolicka-gimnazija.hr\/wp-content\/uploads\/2021\/10\/244141561_4745867855432247_7216919871475850049_n.jpg 1800w\" sizes=\"auto, (max-width: 300px) 100vw, 300px\" \/><\/a>\n\t\t\t<\/div><\/figure><figure class='gallery-item'>\n\t\t\t<div class='gallery-icon landscape'>\n\t\t\t\t<a href='https:\/\/katolicka-gimnazija.hr\/wp-content\/uploads\/2021\/10\/IMG-20211005-WA0016.jpg'><img loading=\"lazy\" decoding=\"async\" width=\"300\" height=\"225\" src=\"https:\/\/katolicka-gimnazija.hr\/wp-content\/uploads\/2021\/10\/IMG-20211005-WA0016-300x225.jpg\" class=\"attachment-medium size-medium\" alt=\"\" srcset=\"https:\/\/katolicka-gimnazija.hr\/wp-content\/uploads\/2021\/10\/IMG-20211005-WA0016-300x225.jpg 300w, https:\/\/katolicka-gimnazija.hr\/wp-content\/uploads\/2021\/10\/IMG-20211005-WA0016-1024x768.jpg 1024w, https:\/\/katolicka-gimnazija.hr\/wp-content\/uploads\/2021\/10\/IMG-20211005-WA0016-768x576.jpg 768w, https:\/\/katolicka-gimnazija.hr\/wp-content\/uploads\/2021\/10\/IMG-20211005-WA0016-1536x1152.jpg 1536w, https:\/\/katolicka-gimnazija.hr\/wp-content\/uploads\/2021\/10\/IMG-20211005-WA0016-400x300.jpg 400w, https:\/\/katolicka-gimnazija.hr\/wp-content\/uploads\/2021\/10\/IMG-20211005-WA0016.jpg 1600w\" sizes=\"auto, (max-width: 300px) 100vw, 300px\" \/><\/a>\n\t\t\t<\/div><\/figure><figure class='gallery-item'>\n\t\t\t<div class='gallery-icon landscape'>\n\t\t\t\t<a href='https:\/\/katolicka-gimnazija.hr\/wp-content\/uploads\/2021\/10\/244335696_4745867678765598_347265439536859479_n.jpg'><img loading=\"lazy\" decoding=\"async\" width=\"300\" height=\"200\" src=\"https:\/\/katolicka-gimnazija.hr\/wp-content\/uploads\/2021\/10\/244335696_4745867678765598_347265439536859479_n-300x200.jpg\" class=\"attachment-medium size-medium\" alt=\"\" srcset=\"https:\/\/katolicka-gimnazija.hr\/wp-content\/uploads\/2021\/10\/244335696_4745867678765598_347265439536859479_n-300x200.jpg 300w, https:\/\/katolicka-gimnazija.hr\/wp-content\/uploads\/2021\/10\/244335696_4745867678765598_347265439536859479_n-1024x683.jpg 1024w, https:\/\/katolicka-gimnazija.hr\/wp-content\/uploads\/2021\/10\/244335696_4745867678765598_347265439536859479_n-768x512.jpg 768w, https:\/\/katolicka-gimnazija.hr\/wp-content\/uploads\/2021\/10\/244335696_4745867678765598_347265439536859479_n-1536x1024.jpg 1536w, https:\/\/katolicka-gimnazija.hr\/wp-content\/uploads\/2021\/10\/244335696_4745867678765598_347265439536859479_n-400x267.jpg 400w, https:\/\/katolicka-gimnazija.hr\/wp-content\/uploads\/2021\/10\/244335696_4745867678765598_347265439536859479_n.jpg 1800w\" sizes=\"auto, (max-width: 300px) 100vw, 300px\" \/><\/a>\n\t\t\t<\/div><\/figure><figure class='gallery-item'>\n\t\t\t<div class='gallery-icon portrait'>\n\t\t\t\t<a href='https:\/\/katolicka-gimnazija.hr\/wp-content\/uploads\/2021\/10\/IMG-20211005-WA0021.jpg'><img loading=\"lazy\" decoding=\"async\" width=\"225\" height=\"300\" src=\"https:\/\/katolicka-gimnazija.hr\/wp-content\/uploads\/2021\/10\/IMG-20211005-WA0021-225x300.jpg\" class=\"attachment-medium size-medium\" alt=\"\" srcset=\"https:\/\/katolicka-gimnazija.hr\/wp-content\/uploads\/2021\/10\/IMG-20211005-WA0021-225x300.jpg 225w, https:\/\/katolicka-gimnazija.hr\/wp-content\/uploads\/2021\/10\/IMG-20211005-WA0021-768x1024.jpg 768w, https:\/\/katolicka-gimnazija.hr\/wp-content\/uploads\/2021\/10\/IMG-20211005-WA0021-1152x1536.jpg 1152w, https:\/\/katolicka-gimnazija.hr\/wp-content\/uploads\/2021\/10\/IMG-20211005-WA0021.jpg 1200w\" sizes=\"auto, (max-width: 225px) 100vw, 225px\" \/><\/a>\n\t\t\t<\/div><\/figure><figure class='gallery-item'>\n\t\t\t<div class='gallery-icon landscape'>\n\t\t\t\t<a href='https:\/\/katolicka-gimnazija.hr\/wp-content\/uploads\/2021\/10\/243967821_1268451873594662_558276818140937293_n.jpg'><img loading=\"lazy\" decoding=\"async\" width=\"300\" height=\"225\" src=\"https:\/\/katolicka-gimnazija.hr\/wp-content\/uploads\/2021\/10\/243967821_1268451873594662_558276818140937293_n-300x225.jpg\" class=\"attachment-medium size-medium\" alt=\"\" srcset=\"https:\/\/katolicka-gimnazija.hr\/wp-content\/uploads\/2021\/10\/243967821_1268451873594662_558276818140937293_n-300x225.jpg 300w, https:\/\/katolicka-gimnazija.hr\/wp-content\/uploads\/2021\/10\/243967821_1268451873594662_558276818140937293_n-768x576.jpg 768w, https:\/\/katolicka-gimnazija.hr\/wp-content\/uploads\/2021\/10\/243967821_1268451873594662_558276818140937293_n-400x300.jpg 400w, https:\/\/katolicka-gimnazija.hr\/wp-content\/uploads\/2021\/10\/243967821_1268451873594662_558276818140937293_n.jpg 960w\" sizes=\"auto, (max-width: 300px) 100vw, 300px\" \/><\/a>\n\t\t\t<\/div><\/figure><figure class='gallery-item'>\n\t\t\t<div class='gallery-icon landscape'>\n\t\t\t\t<a href='https:\/\/katolicka-gimnazija.hr\/wp-content\/uploads\/2021\/10\/IMG-20211005-WA0007.jpg'><img loading=\"lazy\" decoding=\"async\" width=\"300\" height=\"225\" src=\"https:\/\/katolicka-gimnazija.hr\/wp-content\/uploads\/2021\/10\/IMG-20211005-WA0007-300x225.jpg\" class=\"attachment-medium size-medium\" alt=\"\" srcset=\"https:\/\/katolicka-gimnazija.hr\/wp-content\/uploads\/2021\/10\/IMG-20211005-WA0007-300x225.jpg 300w, https:\/\/katolicka-gimnazija.hr\/wp-content\/uploads\/2021\/10\/IMG-20211005-WA0007-1024x768.jpg 1024w, https:\/\/katolicka-gimnazija.hr\/wp-content\/uploads\/2021\/10\/IMG-20211005-WA0007-768x576.jpg 768w, https:\/\/katolicka-gimnazija.hr\/wp-content\/uploads\/2021\/10\/IMG-20211005-WA0007-1536x1152.jpg 1536w, https:\/\/katolicka-gimnazija.hr\/wp-content\/uploads\/2021\/10\/IMG-20211005-WA0007-400x300.jpg 400w, https:\/\/katolicka-gimnazija.hr\/wp-content\/uploads\/2021\/10\/IMG-20211005-WA0007.jpg 1600w\" sizes=\"auto, (max-width: 300px) 100vw, 300px\" \/><\/a>\n\t\t\t<\/div><\/figure><figure class='gallery-item'>\n\t\t\t<div class='gallery-icon landscape'>\n\t\t\t\t<a href='https:\/\/katolicka-gimnazija.hr\/wp-content\/uploads\/2021\/10\/244334987_4745868142098885_418227791592572090_n.jpg'><img loading=\"lazy\" decoding=\"async\" width=\"300\" height=\"200\" src=\"https:\/\/katolicka-gimnazija.hr\/wp-content\/uploads\/2021\/10\/244334987_4745868142098885_418227791592572090_n-300x200.jpg\" class=\"attachment-medium size-medium\" alt=\"\" srcset=\"https:\/\/katolicka-gimnazija.hr\/wp-content\/uploads\/2021\/10\/244334987_4745868142098885_418227791592572090_n-300x200.jpg 300w, https:\/\/katolicka-gimnazija.hr\/wp-content\/uploads\/2021\/10\/244334987_4745868142098885_418227791592572090_n-1024x683.jpg 1024w, https:\/\/katolicka-gimnazija.hr\/wp-content\/uploads\/2021\/10\/244334987_4745868142098885_418227791592572090_n-768x512.jpg 768w, https:\/\/katolicka-gimnazija.hr\/wp-content\/uploads\/2021\/10\/244334987_4745868142098885_418227791592572090_n-1536x1024.jpg 1536w, https:\/\/katolicka-gimnazija.hr\/wp-content\/uploads\/2021\/10\/244334987_4745868142098885_418227791592572090_n-400x267.jpg 400w, https:\/\/katolicka-gimnazija.hr\/wp-content\/uploads\/2021\/10\/244334987_4745868142098885_418227791592572090_n.jpg 1800w\" sizes=\"auto, (max-width: 300px) 100vw, 300px\" \/><\/a>\n\t\t\t<\/div><\/figure><figure class='gallery-item'>\n\t\t\t<div class='gallery-icon landscape'>\n\t\t\t\t<a href='https:\/\/katolicka-gimnazija.hr\/wp-content\/uploads\/2021\/10\/244213455_4745862682099431_9054211478624766485_n.jpg'><img loading=\"lazy\" decoding=\"async\" width=\"300\" height=\"200\" src=\"https:\/\/katolicka-gimnazija.hr\/wp-content\/uploads\/2021\/10\/244213455_4745862682099431_9054211478624766485_n-300x200.jpg\" class=\"attachment-medium size-medium\" alt=\"\" srcset=\"https:\/\/katolicka-gimnazija.hr\/wp-content\/uploads\/2021\/10\/244213455_4745862682099431_9054211478624766485_n-300x200.jpg 300w, https:\/\/katolicka-gimnazija.hr\/wp-content\/uploads\/2021\/10\/244213455_4745862682099431_9054211478624766485_n-1024x683.jpg 1024w, https:\/\/katolicka-gimnazija.hr\/wp-content\/uploads\/2021\/10\/244213455_4745862682099431_9054211478624766485_n-768x512.jpg 768w, https:\/\/katolicka-gimnazija.hr\/wp-content\/uploads\/2021\/10\/244213455_4745862682099431_9054211478624766485_n-1536x1024.jpg 1536w, https:\/\/katolicka-gimnazija.hr\/wp-content\/uploads\/2021\/10\/244213455_4745862682099431_9054211478624766485_n-400x267.jpg 400w, https:\/\/katolicka-gimnazija.hr\/wp-content\/uploads\/2021\/10\/244213455_4745862682099431_9054211478624766485_n.jpg 1800w\" sizes=\"auto, (max-width: 300px) 100vw, 300px\" \/><\/a>\n\t\t\t<\/div><\/figure><figure class='gallery-item'>\n\t\t\t<div class='gallery-icon landscape'>\n\t\t\t\t<a href='https:\/\/katolicka-gimnazija.hr\/wp-content\/uploads\/2021\/10\/244142336_4745864075432625_7145176644106038496_n.jpg'><img loading=\"lazy\" decoding=\"async\" width=\"300\" height=\"200\" src=\"https:\/\/katolicka-gimnazija.hr\/wp-content\/uploads\/2021\/10\/244142336_4745864075432625_7145176644106038496_n-300x200.jpg\" class=\"attachment-medium size-medium\" alt=\"\" srcset=\"https:\/\/katolicka-gimnazija.hr\/wp-content\/uploads\/2021\/10\/244142336_4745864075432625_7145176644106038496_n-300x200.jpg 300w, https:\/\/katolicka-gimnazija.hr\/wp-content\/uploads\/2021\/10\/244142336_4745864075432625_7145176644106038496_n-1024x683.jpg 1024w, https:\/\/katolicka-gimnazija.hr\/wp-content\/uploads\/2021\/10\/244142336_4745864075432625_7145176644106038496_n-768x512.jpg 768w, https:\/\/katolicka-gimnazija.hr\/wp-content\/uploads\/2021\/10\/244142336_4745864075432625_7145176644106038496_n-1536x1024.jpg 1536w, https:\/\/katolicka-gimnazija.hr\/wp-content\/uploads\/2021\/10\/244142336_4745864075432625_7145176644106038496_n-400x267.jpg 400w, https:\/\/katolicka-gimnazija.hr\/wp-content\/uploads\/2021\/10\/244142336_4745864075432625_7145176644106038496_n.jpg 1800w\" sizes=\"auto, (max-width: 300px) 100vw, 300px\" \/><\/a>\n\t\t\t<\/div><\/figure><figure class='gallery-item'>\n\t\t\t<div class='gallery-icon landscape'>\n\t\t\t\t<a href='https:\/\/katolicka-gimnazija.hr\/wp-content\/uploads\/2021\/10\/predsjednici_37-CROP-1024x683-1.jpg'><img loading=\"lazy\" decoding=\"async\" width=\"300\" height=\"200\" src=\"https:\/\/katolicka-gimnazija.hr\/wp-content\/uploads\/2021\/10\/predsjednici_37-CROP-1024x683-1-300x200.jpg\" class=\"attachment-medium size-medium\" alt=\"\" srcset=\"https:\/\/katolicka-gimnazija.hr\/wp-content\/uploads\/2021\/10\/predsjednici_37-CROP-1024x683-1-300x200.jpg 300w, https:\/\/katolicka-gimnazija.hr\/wp-content\/uploads\/2021\/10\/predsjednici_37-CROP-1024x683-1-768x512.jpg 768w, https:\/\/katolicka-gimnazija.hr\/wp-content\/uploads\/2021\/10\/predsjednici_37-CROP-1024x683-1-400x267.jpg 400w, https:\/\/katolicka-gimnazija.hr\/wp-content\/uploads\/2021\/10\/predsjednici_37-CROP-1024x683-1.jpg 1024w\" sizes=\"auto, (max-width: 300px) 100vw, 300px\" \/><\/a>\n\t\t\t<\/div><\/figure><figure class='gallery-item'>\n\t\t\t<div class='gallery-icon portrait'>\n\t\t\t\t<a href='https:\/\/katolicka-gimnazija.hr\/wp-content\/uploads\/2021\/10\/IMG-20211005-WA0023.jpg'><img loading=\"lazy\" decoding=\"async\" width=\"225\" height=\"300\" src=\"https:\/\/katolicka-gimnazija.hr\/wp-content\/uploads\/2021\/10\/IMG-20211005-WA0023-225x300.jpg\" class=\"attachment-medium size-medium\" alt=\"\" srcset=\"https:\/\/katolicka-gimnazija.hr\/wp-content\/uploads\/2021\/10\/IMG-20211005-WA0023-225x300.jpg 225w, https:\/\/katolicka-gimnazija.hr\/wp-content\/uploads\/2021\/10\/IMG-20211005-WA0023-768x1024.jpg 768w, https:\/\/katolicka-gimnazija.hr\/wp-content\/uploads\/2021\/10\/IMG-20211005-WA0023-1152x1536.jpg 1152w, https:\/\/katolicka-gimnazija.hr\/wp-content\/uploads\/2021\/10\/IMG-20211005-WA0023.jpg 1200w\" sizes=\"auto, (max-width: 225px) 100vw, 225px\" \/><\/a>\n\t\t\t<\/div><\/figure><figure class='gallery-item'>\n\t\t\t<div class='gallery-icon portrait'>\n\t\t\t\t<a href='https:\/\/katolicka-gimnazija.hr\/wp-content\/uploads\/2021\/10\/IMG-20211002-WA0011.jpg'><img loading=\"lazy\" decoding=\"async\" width=\"225\" height=\"300\" src=\"https:\/\/katolicka-gimnazija.hr\/wp-content\/uploads\/2021\/10\/IMG-20211002-WA0011-225x300.jpg\" class=\"attachment-medium size-medium\" alt=\"\" srcset=\"https:\/\/katolicka-gimnazija.hr\/wp-content\/uploads\/2021\/10\/IMG-20211002-WA0011-225x300.jpg 225w, https:\/\/katolicka-gimnazija.hr\/wp-content\/uploads\/2021\/10\/IMG-20211002-WA0011-768x1024.jpg 768w, https:\/\/katolicka-gimnazija.hr\/wp-content\/uploads\/2021\/10\/IMG-20211002-WA0011-1152x1536.jpg 1152w, https:\/\/katolicka-gimnazija.hr\/wp-content\/uploads\/2021\/10\/IMG-20211002-WA0011.jpg 1200w\" sizes=\"auto, (max-width: 225px) 100vw, 225px\" \/><\/a>\n\t\t\t<\/div><\/figure><figure class='gallery-item'>\n\t\t\t<div class='gallery-icon landscape'>\n\t\t\t\t<a href='https:\/\/katolicka-gimnazija.hr\/wp-content\/uploads\/2021\/10\/P1055491-scaled.jpg'><img loading=\"lazy\" decoding=\"async\" width=\"300\" height=\"225\" src=\"https:\/\/katolicka-gimnazija.hr\/wp-content\/uploads\/2021\/10\/P1055491-300x225.jpg\" class=\"attachment-medium size-medium\" alt=\"\" srcset=\"https:\/\/katolicka-gimnazija.hr\/wp-content\/uploads\/2021\/10\/P1055491-300x225.jpg 300w, https:\/\/katolicka-gimnazija.hr\/wp-content\/uploads\/2021\/10\/P1055491-1024x768.jpg 1024w, https:\/\/katolicka-gimnazija.hr\/wp-content\/uploads\/2021\/10\/P1055491-768x576.jpg 768w, https:\/\/katolicka-gimnazija.hr\/wp-content\/uploads\/2021\/10\/P1055491-1536x1152.jpg 1536w, https:\/\/katolicka-gimnazija.hr\/wp-content\/uploads\/2021\/10\/P1055491-2048x1536.jpg 2048w, https:\/\/katolicka-gimnazija.hr\/wp-content\/uploads\/2021\/10\/P1055491-400x300.jpg 400w\" sizes=\"auto, (max-width: 300px) 100vw, 300px\" \/><\/a>\n\t\t\t<\/div><\/figure><figure class='gallery-item'>\n\t\t\t<div class='gallery-icon landscape'>\n\t\t\t\t<a href='https:\/\/katolicka-gimnazija.hr\/wp-content\/uploads\/2021\/10\/244367924_4745867242098975_4600185416635010052_n.jpg'><img loading=\"lazy\" decoding=\"async\" width=\"300\" height=\"200\" src=\"https:\/\/katolicka-gimnazija.hr\/wp-content\/uploads\/2021\/10\/244367924_4745867242098975_4600185416635010052_n-300x200.jpg\" class=\"attachment-medium size-medium\" alt=\"\" srcset=\"https:\/\/katolicka-gimnazija.hr\/wp-content\/uploads\/2021\/10\/244367924_4745867242098975_4600185416635010052_n-300x200.jpg 300w, https:\/\/katolicka-gimnazija.hr\/wp-content\/uploads\/2021\/10\/244367924_4745867242098975_4600185416635010052_n-1024x683.jpg 1024w, https:\/\/katolicka-gimnazija.hr\/wp-content\/uploads\/2021\/10\/244367924_4745867242098975_4600185416635010052_n-768x512.jpg 768w, https:\/\/katolicka-gimnazija.hr\/wp-content\/uploads\/2021\/10\/244367924_4745867242098975_4600185416635010052_n-1536x1024.jpg 1536w, https:\/\/katolicka-gimnazija.hr\/wp-content\/uploads\/2021\/10\/244367924_4745867242098975_4600185416635010052_n-400x267.jpg 400w, https:\/\/katolicka-gimnazija.hr\/wp-content\/uploads\/2021\/10\/244367924_4745867242098975_4600185416635010052_n.jpg 1800w\" sizes=\"auto, (max-width: 300px) 100vw, 300px\" \/><\/a>\n\t\t\t<\/div><\/figure><figure class='gallery-item'>\n\t\t\t<div class='gallery-icon landscape'>\n\t\t\t\t<a href='https:\/\/katolicka-gimnazija.hr\/wp-content\/uploads\/2021\/10\/244317049_4745865782099121_1970018302785135559_n.jpg'><img loading=\"lazy\" decoding=\"async\" width=\"300\" height=\"200\" src=\"https:\/\/katolicka-gimnazija.hr\/wp-content\/uploads\/2021\/10\/244317049_4745865782099121_1970018302785135559_n-300x200.jpg\" class=\"attachment-medium size-medium\" alt=\"\" srcset=\"https:\/\/katolicka-gimnazija.hr\/wp-content\/uploads\/2021\/10\/244317049_4745865782099121_1970018302785135559_n-300x200.jpg 300w, https:\/\/katolicka-gimnazija.hr\/wp-content\/uploads\/2021\/10\/244317049_4745865782099121_1970018302785135559_n-1024x683.jpg 1024w, https:\/\/katolicka-gimnazija.hr\/wp-content\/uploads\/2021\/10\/244317049_4745865782099121_1970018302785135559_n-768x512.jpg 768w, https:\/\/katolicka-gimnazija.hr\/wp-content\/uploads\/2021\/10\/244317049_4745865782099121_1970018302785135559_n-1536x1024.jpg 1536w, https:\/\/katolicka-gimnazija.hr\/wp-content\/uploads\/2021\/10\/244317049_4745865782099121_1970018302785135559_n-400x267.jpg 400w, https:\/\/katolicka-gimnazija.hr\/wp-content\/uploads\/2021\/10\/244317049_4745865782099121_1970018302785135559_n.jpg 1800w\" sizes=\"auto, (max-width: 300px) 100vw, 300px\" \/><\/a>\n\t\t\t<\/div><\/figure><figure class='gallery-item'>\n\t\t\t<div class='gallery-icon landscape'>\n\t\t\t\t<a href='https:\/\/katolicka-gimnazija.hr\/wp-content\/uploads\/2021\/10\/244342445_4745863318766034_1026382379411224017_n.jpg'><img loading=\"lazy\" decoding=\"async\" width=\"300\" height=\"200\" src=\"https:\/\/katolicka-gimnazija.hr\/wp-content\/uploads\/2021\/10\/244342445_4745863318766034_1026382379411224017_n-300x200.jpg\" class=\"attachment-medium size-medium\" alt=\"\" srcset=\"https:\/\/katolicka-gimnazija.hr\/wp-content\/uploads\/2021\/10\/244342445_4745863318766034_1026382379411224017_n-300x200.jpg 300w, https:\/\/katolicka-gimnazija.hr\/wp-content\/uploads\/2021\/10\/244342445_4745863318766034_1026382379411224017_n-1024x683.jpg 1024w, https:\/\/katolicka-gimnazija.hr\/wp-content\/uploads\/2021\/10\/244342445_4745863318766034_1026382379411224017_n-768x512.jpg 768w, https:\/\/katolicka-gimnazija.hr\/wp-content\/uploads\/2021\/10\/244342445_4745863318766034_1026382379411224017_n-1536x1024.jpg 1536w, https:\/\/katolicka-gimnazija.hr\/wp-content\/uploads\/2021\/10\/244342445_4745863318766034_1026382379411224017_n-400x267.jpg 400w, https:\/\/katolicka-gimnazija.hr\/wp-content\/uploads\/2021\/10\/244342445_4745863318766034_1026382379411224017_n.jpg 1800w\" sizes=\"auto, (max-width: 300px) 100vw, 300px\" \/><\/a>\n\t\t\t<\/div><\/figure><figure class='gallery-item'>\n\t\t\t<div class='gallery-icon landscape'>\n\t\t\t\t<a href='https:\/\/katolicka-gimnazija.hr\/wp-content\/uploads\/2021\/10\/243363581_840263323286255_2958185538429890839_n.jpg'><img loading=\"lazy\" decoding=\"async\" width=\"300\" height=\"225\" src=\"https:\/\/katolicka-gimnazija.hr\/wp-content\/uploads\/2021\/10\/243363581_840263323286255_2958185538429890839_n-300x225.jpg\" class=\"attachment-medium size-medium\" alt=\"\" srcset=\"https:\/\/katolicka-gimnazija.hr\/wp-content\/uploads\/2021\/10\/243363581_840263323286255_2958185538429890839_n-300x225.jpg 300w, https:\/\/katolicka-gimnazija.hr\/wp-content\/uploads\/2021\/10\/243363581_840263323286255_2958185538429890839_n-768x576.jpg 768w, https:\/\/katolicka-gimnazija.hr\/wp-content\/uploads\/2021\/10\/243363581_840263323286255_2958185538429890839_n-400x300.jpg 400w, https:\/\/katolicka-gimnazija.hr\/wp-content\/uploads\/2021\/10\/243363581_840263323286255_2958185538429890839_n.jpg 960w\" sizes=\"auto, (max-width: 300px) 100vw, 300px\" \/><\/a>\n\t\t\t<\/div><\/figure>\n\t\t<\/div>\n\n","protected":false},"excerpt":{"rendered":"<p>Oj ti vilo, vilo hirovita! Interliber odgo\u0111en, na\u0161 izlet u Zagreb ne. U ovom ludom i hirovitom vremenu &#8211; vremenu hirovitih atmosferskih pojava, nezadovoljne i nepredvidive majke Zemlje, nestabilnog te\u010daja i gospodarstva, u vremenu hirovitih ljudi i njihovih neo\u010dekivanih odluka, mi smo se odlu\u010dili dr\u017eati svojih planova i ne mijenjati ih ni pod koju cijenu [&hellip;]<\/p>\n","protected":false},"author":2,"featured_media":23754,"comment_status":"closed","ping_status":"closed","sticky":false,"template":"","format":"standard","meta":{"footnotes":""},"categories":[4,213,2],"tags":[],"class_list":["post-23722","post","type-post","status-publish","format-standard","has-post-thumbnail","hentry","category-fotogalerije","category-putovanja","category-vijesti"],"_links":{"self":[{"href":"https:\/\/katolicka-gimnazija.hr\/index.php\/wp-json\/wp\/v2\/posts\/23722","targetHints":{"allow":["GET"]}}],"collection":[{"href":"https:\/\/katolicka-gimnazija.hr\/index.php\/wp-json\/wp\/v2\/posts"}],"about":[{"href":"https:\/\/katolicka-gimnazija.hr\/index.php\/wp-json\/wp\/v2\/types\/post"}],"author":[{"embeddable":true,"href":"https:\/\/katolicka-gimnazija.hr\/index.php\/wp-json\/wp\/v2\/users\/2"}],"replies":[{"embeddable":true,"href":"https:\/\/katolicka-gimnazija.hr\/index.php\/wp-json\/wp\/v2\/comments?post=23722"}],"version-history":[{"count":5,"href":"https:\/\/katolicka-gimnazija.hr\/index.php\/wp-json\/wp\/v2\/posts\/23722\/revisions"}],"predecessor-version":[{"id":23795,"href":"https:\/\/katolicka-gimnazija.hr\/index.php\/wp-json\/wp\/v2\/posts\/23722\/revisions\/23795"}],"wp:featuredmedia":[{"embeddable":true,"href":"https:\/\/katolicka-gimnazija.hr\/index.php\/wp-json\/wp\/v2\/media\/23754"}],"wp:attachment":[{"href":"https:\/\/katolicka-gimnazija.hr\/index.php\/wp-json\/wp\/v2\/media?parent=23722"}],"wp:term":[{"taxonomy":"category","embeddable":true,"href":"https:\/\/katolicka-gimnazija.hr\/index.php\/wp-json\/wp\/v2\/categories?post=23722"},{"taxonomy":"post_tag","embeddable":true,"href":"https:\/\/katolicka-gimnazija.hr\/index.php\/wp-json\/wp\/v2\/tags?post=23722"}],"curies":[{"name":"wp","href":"https:\/\/api.w.org\/{rel}","templated":true}]}}