{"id":23955,"date":"2021-10-13T19:41:29","date_gmt":"2021-10-13T19:41:29","guid":{"rendered":"http:\/\/katolicka-gimnazija.hr\/?p=23955"},"modified":"2021-10-18T19:43:08","modified_gmt":"2021-10-18T19:43:08","slug":"projekt-zdrav-za-5-prevencija-ovisnosti-zlouporabe-droga-i-dr","status":"publish","type":"post","link":"https:\/\/katolicka-gimnazija.hr\/index.php\/2021\/10\/13\/projekt-zdrav-za-5-prevencija-ovisnosti-zlouporabe-droga-i-dr\/","title":{"rendered":"PROJEKT ZDRAV ZA 5 &#8211; PREVENCIJA OVISNOSTI ZLOUPORABE DROGA I DR."},"content":{"rendered":"<p>Ovih dana za u\u010denike prvih razreda organizirano je predavanje o prevenciji ovisnosti koje je odr\u017eao gosp. Miro Mili\u010devi\u0107 iz Hrvatske policije. Predavanje je zapo\u010delo uvodnim definiranjem rije\u010di ovisnost nakon \u010dega su predstavljeni uzroci, posljedice te na\u010dini kako sve mo\u017eemo pobijediti ovisnost. Svi smo se slo\u017eili s \u010dinjenicom da moramo biti dobro informirani o opasnostima koje nas okru\u017euju. Ukoliko do\u0111e do ne\u017eeljenih situacija za pomo\u0107 se trebamo obratiti roditeljima, profesorima ili prijateljima (osobama u koje imamo povjerenja). Izno\u0161enjem primjera iz prakse, pokazivanjem slika i videa predava\u010d nam je poku\u0161ao ukazati na to \u0161to sve nosi sa sobom ovisnost, a mi smo izvukli vrlo jasnu pouku: <em>,,Nemoj biti ovisan, ve\u0107 budi zajednici koristan!\u201c<\/em><\/p>\n<p style=\"text-align: right;\">Sara Ku\u0161\u010der<\/p>\n<p>Na predavanju smo govorili o dono\u0161enju raznih odluka, onih lo\u0161ih i onih dobrih te kako je bolje donijeti ikakvu nego nikakvu odluku o ne\u010demu. Tako\u0111er smo spominjali i opasnosti vezane uz Internet pogotovo kako ono \u0161to objavimo nikada ne mo\u017eemo u potpunosti obrisati ali i davanju la\u017enih informacija o na\u0161im godinama i sl. Predava\u010d je spomenuo i da nam roditelji trebaju biti najbolji prijatelji i da s njima trebamo podijeliti sve na\u0161e probleme jer ako smo na krivom putu tada nam oni mogu pomo\u0107i, no sve \u0161to nas pati i mu\u010di tako\u0111er mo\u017eemo re\u0107i i na\u0161im u\u010diteljima kako bi zajedno mogli rije\u0161iti problem.<\/p>\n<p style=\"text-align: right;\">Ines Hurti\u0161<\/p>\n","protected":false},"excerpt":{"rendered":"<p>Ovih dana za u\u010denike prvih razreda organizirano je predavanje o prevenciji ovisnosti koje je odr\u017eao gosp. Miro Mili\u010devi\u0107 iz Hrvatske policije. Predavanje je zapo\u010delo uvodnim definiranjem rije\u010di ovisnost nakon \u010dega su predstavljeni uzroci, posljedice te na\u010dini kako sve mo\u017eemo pobijediti ovisnost. Svi smo se slo\u017eili s \u010dinjenicom da moramo biti dobro informirani o opasnostima koje [&hellip;]<\/p>\n","protected":false},"author":2,"featured_media":23956,"comment_status":"closed","ping_status":"closed","sticky":false,"template":"","format":"standard","meta":{"footnotes":""},"categories":[211,2],"tags":[],"class_list":["post-23955","post","type-post","status-publish","format-standard","has-post-thumbnail","hentry","category-predavanja","category-vijesti"],"_links":{"self":[{"href":"https:\/\/katolicka-gimnazija.hr\/index.php\/wp-json\/wp\/v2\/posts\/23955","targetHints":{"allow":["GET"]}}],"collection":[{"href":"https:\/\/katolicka-gimnazija.hr\/index.php\/wp-json\/wp\/v2\/posts"}],"about":[{"href":"https:\/\/katolicka-gimnazija.hr\/index.php\/wp-json\/wp\/v2\/types\/post"}],"author":[{"embeddable":true,"href":"https:\/\/katolicka-gimnazija.hr\/index.php\/wp-json\/wp\/v2\/users\/2"}],"replies":[{"embeddable":true,"href":"https:\/\/katolicka-gimnazija.hr\/index.php\/wp-json\/wp\/v2\/comments?post=23955"}],"version-history":[{"count":1,"href":"https:\/\/katolicka-gimnazija.hr\/index.php\/wp-json\/wp\/v2\/posts\/23955\/revisions"}],"predecessor-version":[{"id":23957,"href":"https:\/\/katolicka-gimnazija.hr\/index.php\/wp-json\/wp\/v2\/posts\/23955\/revisions\/23957"}],"wp:featuredmedia":[{"embeddable":true,"href":"https:\/\/katolicka-gimnazija.hr\/index.php\/wp-json\/wp\/v2\/media\/23956"}],"wp:attachment":[{"href":"https:\/\/katolicka-gimnazija.hr\/index.php\/wp-json\/wp\/v2\/media?parent=23955"}],"wp:term":[{"taxonomy":"category","embeddable":true,"href":"https:\/\/katolicka-gimnazija.hr\/index.php\/wp-json\/wp\/v2\/categories?post=23955"},{"taxonomy":"post_tag","embeddable":true,"href":"https:\/\/katolicka-gimnazija.hr\/index.php\/wp-json\/wp\/v2\/tags?post=23955"}],"curies":[{"name":"wp","href":"https:\/\/api.w.org\/{rel}","templated":true}]}}