{"id":23997,"date":"2021-10-29T11:00:28","date_gmt":"2021-10-29T11:00:28","guid":{"rendered":"http:\/\/katolicka-gimnazija.hr\/?p=23997"},"modified":"2021-10-29T11:02:47","modified_gmt":"2021-10-29T11:02:47","slug":"skolski-preventivni-program-u-mjesecu-listopadu","status":"publish","type":"post","link":"https:\/\/katolicka-gimnazija.hr\/index.php\/2021\/10\/29\/skolski-preventivni-program-u-mjesecu-listopadu\/","title":{"rendered":"\u0160kolski preventivni program u mjesecu listopadu"},"content":{"rendered":"<p>Tijekom mjeseca listopada u na\u0161oj \u0161koli provedena su preventivna predavanja djelatnika Ministarstva unutarnjih poslova Po\u017ee\u0161ko-slavonske \u017eupanije u prvim i \u010detvrtima razredima.<\/p>\n<p>Prvi razredi u okviru projekta <em>Zdrav za 5<\/em> slu\u0161ali su o prevenciji ovisnosti, a maturanti u okviru projektu <em>Zajedno<\/em> slu\u0161ali su o prevenciji trgovanja ljudima. Uz policijske slu\u017ebenike predstavili su nam se djelatnici Centra za razvoj civilnog dru\u0161tva Delfin Pakrac koja se bavi pru\u017eanjem podr\u0161ke za \u017ertve i svjedoke kaznenih djela.<\/p>\n<p>Ono \u0161to katkada krene bezazleno i nevino (poznanstva, online komunikacija, online prijateljstva) lako se mo\u017ee u nekom trenutku utvrditi kao vrbovanje koje za kona\u010dan cilj ima eksploataciju osobe, na na\u010din da se slomi otpor koji osoba pru\u017ea, da se nad njom uspostavi mehanizam kontrole zlostavljanjem, nasiljem, ovisno\u0161\u0107u, du\u017eni\u010dkim ropstvom.<\/p>\n<p><a href=\"http:\/\/katolicka-gimnazija.hr\/wp-content\/uploads\/2021\/10\/trfgo.png\"><img loading=\"lazy\" decoding=\"async\" class=\"alignnone size-medium wp-image-24003\" src=\"http:\/\/katolicka-gimnazija.hr\/wp-content\/uploads\/2021\/10\/trfgo-300x208.png\" alt=\"\" width=\"300\" height=\"208\" srcset=\"https:\/\/katolicka-gimnazija.hr\/wp-content\/uploads\/2021\/10\/trfgo-300x208.png 300w, https:\/\/katolicka-gimnazija.hr\/wp-content\/uploads\/2021\/10\/trfgo-768x533.png 768w, https:\/\/katolicka-gimnazija.hr\/wp-content\/uploads\/2021\/10\/trfgo-400x277.png 400w, https:\/\/katolicka-gimnazija.hr\/wp-content\/uploads\/2021\/10\/trfgo.png 871w\" sizes=\"auto, (max-width: 300px) 100vw, 300px\" \/><\/a><\/p>\n<p>U\u010denici su \u010duli \u0161to podrazumijeva pojam trgovanja ljudima i kroz koje oblike se manifestira (vrbovanje, kupnja, prodaja, prijevoz, posredovanje pri ovim oblicima, pru\u017eanje uto\u010di\u0161ta ili prihvat osoba) uz upotrebu prijetnji, sile, otmice, prijevare i zlouporabe ovlasti i polo\u017eaja. Policijski slu\u017ebenici naglasili su da se iskori\u0161tavanje ljudi \u010dini u svrhu prisilnog rada, za prosja\u010denje, trgovinu ljudskim organima, \u201eseks-turizam\u201c i prostituciju, a trgovci ljudima mo\u017ee biti bilo tko.<\/p>\n<p>U trgovanje ljudima treba posumnjati kod nu\u0111enja i ogla\u0161avanja primamljivih poslovnih ponuda koje se \u010dine predobre da bi bile istinite. Posumnjati treba kad se nude dobro pla\u0107eni poslovi za koje se ne tra\u017ee kvalifikacije ili radno iskustvo, kada se nagla\u0161ava \u017eurnost dono\u0161enja odluke ili kad su nejasni i neprovjerljivi podaci o poslodavcu.<\/p>\n<p>S obzirom da su srednjo\u0161kolci mladi koji pomalo izlaze na tr\u017ei\u0161te rada, va\u017eno je da budu informirani o ljudima koji, naj\u010de\u0161\u0107e iz inozemstva, preko dru\u0161tvenih mre\u017ea i posredstvom aplikacija, govore jezikom mladih, ali nemaju dobre i plemenite namjere.<\/p>\n<p>Tekst: Nikolina Bodolovi\u0107, prof.<\/p>\n<p><a href=\"http:\/\/katolicka-gimnazija.hr\/wp-content\/uploads\/2021\/10\/vlcsnap-2021-10-29-12h44m40s091.png\"><img loading=\"lazy\" decoding=\"async\" class=\"alignnone size-medium wp-image-24001\" src=\"http:\/\/katolicka-gimnazija.hr\/wp-content\/uploads\/2021\/10\/vlcsnap-2021-10-29-12h44m40s091-300x169.png\" alt=\"\" width=\"300\" height=\"169\" srcset=\"https:\/\/katolicka-gimnazija.hr\/wp-content\/uploads\/2021\/10\/vlcsnap-2021-10-29-12h44m40s091-300x169.png 300w, https:\/\/katolicka-gimnazija.hr\/wp-content\/uploads\/2021\/10\/vlcsnap-2021-10-29-12h44m40s091-1024x576.png 1024w, https:\/\/katolicka-gimnazija.hr\/wp-content\/uploads\/2021\/10\/vlcsnap-2021-10-29-12h44m40s091-768x432.png 768w, https:\/\/katolicka-gimnazija.hr\/wp-content\/uploads\/2021\/10\/vlcsnap-2021-10-29-12h44m40s091-1536x864.png 1536w, https:\/\/katolicka-gimnazija.hr\/wp-content\/uploads\/2021\/10\/vlcsnap-2021-10-29-12h44m40s091-400x225.png 400w, https:\/\/katolicka-gimnazija.hr\/wp-content\/uploads\/2021\/10\/vlcsnap-2021-10-29-12h44m40s091.png 1920w\" sizes=\"auto, (max-width: 300px) 100vw, 300px\" \/><\/a> <a href=\"http:\/\/katolicka-gimnazija.hr\/wp-content\/uploads\/2021\/10\/vlcsnap-2021-10-29-12h44m04s347.png\"><img loading=\"lazy\" decoding=\"async\" class=\"alignnone size-medium wp-image-24000\" src=\"http:\/\/katolicka-gimnazija.hr\/wp-content\/uploads\/2021\/10\/vlcsnap-2021-10-29-12h44m04s347-300x169.png\" alt=\"\" width=\"300\" height=\"169\" srcset=\"https:\/\/katolicka-gimnazija.hr\/wp-content\/uploads\/2021\/10\/vlcsnap-2021-10-29-12h44m04s347-300x169.png 300w, https:\/\/katolicka-gimnazija.hr\/wp-content\/uploads\/2021\/10\/vlcsnap-2021-10-29-12h44m04s347-1024x576.png 1024w, https:\/\/katolicka-gimnazija.hr\/wp-content\/uploads\/2021\/10\/vlcsnap-2021-10-29-12h44m04s347-768x432.png 768w, https:\/\/katolicka-gimnazija.hr\/wp-content\/uploads\/2021\/10\/vlcsnap-2021-10-29-12h44m04s347-1536x864.png 1536w, https:\/\/katolicka-gimnazija.hr\/wp-content\/uploads\/2021\/10\/vlcsnap-2021-10-29-12h44m04s347-400x225.png 400w, https:\/\/katolicka-gimnazija.hr\/wp-content\/uploads\/2021\/10\/vlcsnap-2021-10-29-12h44m04s347.png 1920w\" sizes=\"auto, (max-width: 300px) 100vw, 300px\" \/><\/a> <a href=\"http:\/\/katolicka-gimnazija.hr\/wp-content\/uploads\/2021\/10\/vlcsnap-2021-10-29-12h43m37s619.png\"><img loading=\"lazy\" decoding=\"async\" class=\"alignnone size-medium wp-image-23999\" src=\"http:\/\/katolicka-gimnazija.hr\/wp-content\/uploads\/2021\/10\/vlcsnap-2021-10-29-12h43m37s619-300x169.png\" alt=\"\" width=\"300\" height=\"169\" srcset=\"https:\/\/katolicka-gimnazija.hr\/wp-content\/uploads\/2021\/10\/vlcsnap-2021-10-29-12h43m37s619-300x169.png 300w, https:\/\/katolicka-gimnazija.hr\/wp-content\/uploads\/2021\/10\/vlcsnap-2021-10-29-12h43m37s619-1024x576.png 1024w, https:\/\/katolicka-gimnazija.hr\/wp-content\/uploads\/2021\/10\/vlcsnap-2021-10-29-12h43m37s619-768x432.png 768w, https:\/\/katolicka-gimnazija.hr\/wp-content\/uploads\/2021\/10\/vlcsnap-2021-10-29-12h43m37s619-1536x864.png 1536w, https:\/\/katolicka-gimnazija.hr\/wp-content\/uploads\/2021\/10\/vlcsnap-2021-10-29-12h43m37s619-400x225.png 400w, https:\/\/katolicka-gimnazija.hr\/wp-content\/uploads\/2021\/10\/vlcsnap-2021-10-29-12h43m37s619.png 1920w\" sizes=\"auto, (max-width: 300px) 100vw, 300px\" \/><\/a> <a href=\"http:\/\/katolicka-gimnazija.hr\/wp-content\/uploads\/2021\/10\/vlcsnap-2021-10-29-12h42m58s363.png\"><img loading=\"lazy\" decoding=\"async\" class=\"alignnone size-medium wp-image-23998\" src=\"http:\/\/katolicka-gimnazija.hr\/wp-content\/uploads\/2021\/10\/vlcsnap-2021-10-29-12h42m58s363-300x169.png\" alt=\"\" width=\"300\" height=\"169\" srcset=\"https:\/\/katolicka-gimnazija.hr\/wp-content\/uploads\/2021\/10\/vlcsnap-2021-10-29-12h42m58s363-300x169.png 300w, https:\/\/katolicka-gimnazija.hr\/wp-content\/uploads\/2021\/10\/vlcsnap-2021-10-29-12h42m58s363-1024x576.png 1024w, https:\/\/katolicka-gimnazija.hr\/wp-content\/uploads\/2021\/10\/vlcsnap-2021-10-29-12h42m58s363-768x432.png 768w, https:\/\/katolicka-gimnazija.hr\/wp-content\/uploads\/2021\/10\/vlcsnap-2021-10-29-12h42m58s363-1536x864.png 1536w, https:\/\/katolicka-gimnazija.hr\/wp-content\/uploads\/2021\/10\/vlcsnap-2021-10-29-12h42m58s363-400x225.png 400w, https:\/\/katolicka-gimnazija.hr\/wp-content\/uploads\/2021\/10\/vlcsnap-2021-10-29-12h42m58s363.png 1920w\" sizes=\"auto, (max-width: 300px) 100vw, 300px\" \/><\/a><\/p>\n","protected":false},"excerpt":{"rendered":"<p>Tijekom mjeseca listopada u na\u0161oj \u0161koli provedena su preventivna predavanja djelatnika Ministarstva unutarnjih poslova Po\u017ee\u0161ko-slavonske \u017eupanije u prvim i \u010detvrtima razredima. Prvi razredi u okviru projekta Zdrav za 5 slu\u0161ali su o prevenciji ovisnosti, a maturanti u okviru projektu Zajedno slu\u0161ali su o prevenciji trgovanja ljudima. Uz policijske slu\u017ebenike predstavili su nam se djelatnici Centra [&hellip;]<\/p>\n","protected":false},"author":75,"featured_media":24001,"comment_status":"closed","ping_status":"closed","sticky":false,"template":"","format":"standard","meta":{"footnotes":""},"categories":[2],"tags":[],"class_list":["post-23997","post","type-post","status-publish","format-standard","has-post-thumbnail","hentry","category-vijesti"],"_links":{"self":[{"href":"https:\/\/katolicka-gimnazija.hr\/index.php\/wp-json\/wp\/v2\/posts\/23997","targetHints":{"allow":["GET"]}}],"collection":[{"href":"https:\/\/katolicka-gimnazija.hr\/index.php\/wp-json\/wp\/v2\/posts"}],"about":[{"href":"https:\/\/katolicka-gimnazija.hr\/index.php\/wp-json\/wp\/v2\/types\/post"}],"author":[{"embeddable":true,"href":"https:\/\/katolicka-gimnazija.hr\/index.php\/wp-json\/wp\/v2\/users\/75"}],"replies":[{"embeddable":true,"href":"https:\/\/katolicka-gimnazija.hr\/index.php\/wp-json\/wp\/v2\/comments?post=23997"}],"version-history":[{"count":2,"href":"https:\/\/katolicka-gimnazija.hr\/index.php\/wp-json\/wp\/v2\/posts\/23997\/revisions"}],"predecessor-version":[{"id":24004,"href":"https:\/\/katolicka-gimnazija.hr\/index.php\/wp-json\/wp\/v2\/posts\/23997\/revisions\/24004"}],"wp:featuredmedia":[{"embeddable":true,"href":"https:\/\/katolicka-gimnazija.hr\/index.php\/wp-json\/wp\/v2\/media\/24001"}],"wp:attachment":[{"href":"https:\/\/katolicka-gimnazija.hr\/index.php\/wp-json\/wp\/v2\/media?parent=23997"}],"wp:term":[{"taxonomy":"category","embeddable":true,"href":"https:\/\/katolicka-gimnazija.hr\/index.php\/wp-json\/wp\/v2\/categories?post=23997"},{"taxonomy":"post_tag","embeddable":true,"href":"https:\/\/katolicka-gimnazija.hr\/index.php\/wp-json\/wp\/v2\/tags?post=23997"}],"curies":[{"name":"wp","href":"https:\/\/api.w.org\/{rel}","templated":true}]}}