{"id":24024,"date":"2021-11-07T21:20:52","date_gmt":"2021-11-07T21:20:52","guid":{"rendered":"http:\/\/katolicka-gimnazija.hr\/?p=24024"},"modified":"2021-11-07T21:20:52","modified_gmt":"2021-11-07T21:20:52","slug":"dvije-velike-obljetnice-dante-i-marulic","status":"publish","type":"post","link":"https:\/\/katolicka-gimnazija.hr\/index.php\/2021\/11\/07\/dvije-velike-obljetnice-dante-i-marulic\/","title":{"rendered":"Dvije velike obljetnice &#8211; Dante i Maruli\u0107"},"content":{"rendered":"<p>2021. godina, Godina \u010ditanja i Godina Marka Maruli\u0107a, objedinila je dvije velike obljetnice \u2013 700. godi\u0161njicu smrti Dantea Alighierija i 500. godi\u0161njicu tiskanja Maruli\u0107eve Judite. I jedan i drugi za sobom su ostavili tragove kojima \u0107e se knji\u017eevnici nakon njih vra\u0107ati, oci su dvaju velikih jezika, a ono najzna\u010dajnije \u2013 i jedan i drugi u sebi su nosili iskru koja je bila potrebna da bi knji\u017eevnost na narodnim jezicima nakon toliko godina moralno-didakti\u010dke literature srednjega vijeka ugledala svjetlo dana. Premda nam se zbog vremenske razlike ta dvojica velikana lako mogu u\u010diniti udaljenima, njihov zna\u010daj nije minuo s vremenom, a njihovi tekstovi, koje bismo isto tako lako mogli zamijeniti za stare, dosadne, nejasne i daleke tekstove, ipak progovaraju o svevremenskim temama i problemima lako prepoznatljivim i u modernom dru\u0161tvu, poput percepcije \u017eene i njene uloge u dru\u0161tvu ili pitanja ljudskih mana i poroka.<\/p>\n<p><a href=\"http:\/\/katolicka-gimnazija.hr\/wp-content\/uploads\/2021\/11\/MicrosoftTeams-image-6.jpg\"><img loading=\"lazy\" decoding=\"async\" class=\"size-medium wp-image-24026 alignright\" src=\"http:\/\/katolicka-gimnazija.hr\/wp-content\/uploads\/2021\/11\/MicrosoftTeams-image-6-300x225.jpg\" alt=\"\" width=\"300\" height=\"225\" srcset=\"https:\/\/katolicka-gimnazija.hr\/wp-content\/uploads\/2021\/11\/MicrosoftTeams-image-6-300x225.jpg 300w, https:\/\/katolicka-gimnazija.hr\/wp-content\/uploads\/2021\/11\/MicrosoftTeams-image-6-1024x770.jpg 1024w, https:\/\/katolicka-gimnazija.hr\/wp-content\/uploads\/2021\/11\/MicrosoftTeams-image-6-768x577.jpg 768w, https:\/\/katolicka-gimnazija.hr\/wp-content\/uploads\/2021\/11\/MicrosoftTeams-image-6-400x300.jpg 400w, https:\/\/katolicka-gimnazija.hr\/wp-content\/uploads\/2021\/11\/MicrosoftTeams-image-6.jpg 1530w\" sizes=\"auto, (max-width: 300px) 100vw, 300px\" \/><\/a>Punih je sedam stolje\u0107a proteklo otkako je u Ravenni preminuo Dante Alighieri, prognan, osu\u0111en i otu\u0111en od svoga rodnoga grada Firence. Unato\u010d tomu \u0161to je za\u010deo talijansku knji\u017eevnost i talijanski jezik, Dante za \u017eivota nije okusio hvale za spomenuta djela, no on je, lukavo ovjekovje\u010den u svojim djelima, i stolje\u0107ima nakon svoje smrti nastavio utjecati na druge umjetnike. Tako Danteov utjecaj nije zaobi\u0161ao ni Spli\u0107anina Marka Maruli\u0107a, velikog erudita hrvatske renesanse i knji\u017eevnog klasika va\u017enog kako za hrvatski, tako i za europski humanizam. Maruli\u0107 je Juditom vje\u0161to kreirao obrise hrvatskog nacionalnog identiteta, izgradio je \u010dvrst temelj hrvatske knji\u017eevnosti te je stvorio prvo veliko djelo na narodnom jeziku, time zaslu\u017eiv\u0161i titulu oca hrvatske knji\u017eevnosti. Maruli\u0107 je za nas ono \u0161to je Talijanima Dante, a Danteova Bo\u017eanstvena komedija, nama je Judita.<\/p>\n<p>Judita i Bo\u017eanstvena komedija kulturni su spomenici esencijalni za identitet dviju nacija, a mi kao pripadnici istih ne smijemo dopustiti da ih moderno dru\u0161tvo dovede do ruba zaborava. Danas se ta djela mogu zate\u0107i tek na kakvom popisu lektira, a njihovi su autori naizgled nezanimljiva imena iz ud\u017ebenika s kojima se u\u010denici nevoljko hvataju u ko\u0161tac. Zahvaljuju\u0107i netrivijalnoj prirodi njihovih djela, ona nisu namijenjena za neko posebno literarno u\u017eivanje, no i dalje su dijelom kulturne ba\u0161tine i ne bi trebala pasti u zaborav. Pridavanje va\u017enosti tim velikim dvjema obljetnicama samo je poklik onih koji su svjesni va\u017enosti tih epova i njihovih tvoraca za sve nas danas.<\/p>\n","protected":false},"excerpt":{"rendered":"<p>2021. godina, Godina \u010ditanja i Godina Marka Maruli\u0107a, objedinila je dvije velike obljetnice \u2013 700. godi\u0161njicu smrti Dantea Alighierija i 500. godi\u0161njicu tiskanja Maruli\u0107eve Judite. I jedan i drugi za sobom su ostavili tragove kojima \u0107e se knji\u017eevnici nakon njih vra\u0107ati, oci su dvaju velikih jezika, a ono najzna\u010dajnije \u2013 i jedan i drugi u [&hellip;]<\/p>\n","protected":false},"author":85,"featured_media":24025,"comment_status":"closed","ping_status":"closed","sticky":false,"template":"","format":"standard","meta":{"footnotes":""},"categories":[2],"tags":[],"class_list":["post-24024","post","type-post","status-publish","format-standard","has-post-thumbnail","hentry","category-vijesti"],"_links":{"self":[{"href":"https:\/\/katolicka-gimnazija.hr\/index.php\/wp-json\/wp\/v2\/posts\/24024","targetHints":{"allow":["GET"]}}],"collection":[{"href":"https:\/\/katolicka-gimnazija.hr\/index.php\/wp-json\/wp\/v2\/posts"}],"about":[{"href":"https:\/\/katolicka-gimnazija.hr\/index.php\/wp-json\/wp\/v2\/types\/post"}],"author":[{"embeddable":true,"href":"https:\/\/katolicka-gimnazija.hr\/index.php\/wp-json\/wp\/v2\/users\/85"}],"replies":[{"embeddable":true,"href":"https:\/\/katolicka-gimnazija.hr\/index.php\/wp-json\/wp\/v2\/comments?post=24024"}],"version-history":[{"count":1,"href":"https:\/\/katolicka-gimnazija.hr\/index.php\/wp-json\/wp\/v2\/posts\/24024\/revisions"}],"predecessor-version":[{"id":24027,"href":"https:\/\/katolicka-gimnazija.hr\/index.php\/wp-json\/wp\/v2\/posts\/24024\/revisions\/24027"}],"wp:featuredmedia":[{"embeddable":true,"href":"https:\/\/katolicka-gimnazija.hr\/index.php\/wp-json\/wp\/v2\/media\/24025"}],"wp:attachment":[{"href":"https:\/\/katolicka-gimnazija.hr\/index.php\/wp-json\/wp\/v2\/media?parent=24024"}],"wp:term":[{"taxonomy":"category","embeddable":true,"href":"https:\/\/katolicka-gimnazija.hr\/index.php\/wp-json\/wp\/v2\/categories?post=24024"},{"taxonomy":"post_tag","embeddable":true,"href":"https:\/\/katolicka-gimnazija.hr\/index.php\/wp-json\/wp\/v2\/tags?post=24024"}],"curies":[{"name":"wp","href":"https:\/\/api.w.org\/{rel}","templated":true}]}}