{"id":24109,"date":"2021-11-15T20:44:11","date_gmt":"2021-11-15T20:44:11","guid":{"rendered":"http:\/\/katolicka-gimnazija.hr\/?p=24109"},"modified":"2021-11-16T10:20:37","modified_gmt":"2021-11-16T10:20:37","slug":"intervju-skolskog-glazbenog-sastava-s-alanom-hrzicom","status":"publish","type":"post","link":"https:\/\/katolicka-gimnazija.hr\/index.php\/2021\/11\/15\/intervju-skolskog-glazbenog-sastava-s-alanom-hrzicom\/","title":{"rendered":"Intervju \u0161kolskog glazbenog sastava s Alanom Hr\u017eicom"},"content":{"rendered":"<p>Re\u010de jednom W. A. Mozart u jednom pismu: \u201eNajnu\u017enija, najte\u017ea i glavna stvar u glazbi je vrijeme.\u201c Posebno se to osjeti kada ste u\u010denik srednje \u0161kole, k tome jo\u0161 gimnazije, pa imate mno\u0161tvo obaveza, predmeta i sati. Me\u0111utim, kada netko ne\u0161to voli, onda mu to nije te\u0161ko i za to \u0107e uvijek na\u0107i vremena. Eto, mo\u017eda najbolje tako opisati ono \u0161to pokre\u0107e desetak u\u010denika Katoli\u010dke gimnazije s pravom javnosti u Po\u017eegi koji su se prijavili jo\u0161 pro\u0161le \u0161kolske godine u \u0161kolski glazbeni sastav, koji je ove godine prerastao u pravi mali orkestar. \u010cetrnaest u\u010denika od prvog do \u010detvrtog razreda svakog tjedna na probama uvje\u017ebava neke od glazbenih djela, a ve\u0107 su i nekoliko puta nastupili pred \u0161kolom. Koncem mjeseca rujna, za vrijeme jednog putovanja u Zagreb, kao dio team buildinga, susreli su se u Branimir centru s poznatim glazbenikom duhovne glazbene scene, Alanom Hr\u017eicom i napravili intervju. Alan je ljudima u Po\u017eegi ve\u0107 dosta poznat jer je u posljednje vrijeme gostovao nekoliko puta u na\u0161em gradu, posebno na jednoj tribini za srednjo\u0161kolce i na koncertu \u201eOtvorite vrata Kristu 2018.\u201c.<\/p>\n<p>Je li glazba samo za one koji se glazbom bave profesionalno? Kako je tekao Alanov put i glazbena karijera? Koje su njegove poruke mladima? Pro\u010ditajte u nastavku.<\/p>\n<p>&nbsp;<\/p>\n<p><strong>1. Pozdrav Alane. Ne\u0107emo Vas pitati da se predstavite jer svi znaju mnogo o Vama, ali \u017eelimo Vas pitati da nam predstavite svoju obitelj. S kim \u017eivite?<\/strong><\/p>\n<p>Pozdrav i vama. Pa evo, \u017eivim sa suprugom Ricardom i dva sina, Davidom i Leom. David ima 3 i pol godine, a Leo 11 mjeseci. Mi smo jedna mala i vesela obitelj te smo, ako Bog da, spremni za jo\u0161 koje dijete.<\/p>\n<p><strong>2. Trenutno pro\u017eivljavamo \u201enajljep\u0161e \u017eivotno doba\u201c, kako mnogi znaju re\u0107i za \u0161kolske dane. Kakav je bio Alan kao srednjo\u0161kolac?<\/strong><\/p>\n<p>Bio sam zaljubljenik u glazbu i sport. Jako sam volio igrati nogomet. Gitara je ispunjavala trenutke moje samo\u0107e, a u trenutcima veselja i dru\u017eenja u\u017eivao sam u nogometu i sportu. Budu\u0107i da sam i\u0161ao u \u0161kolu na Kennedyjevu trg, koji je blizu Maksimirskog stadiona, ekipa i ja \u010desto smo poslije \u0161kole pratili Dinamove utakmice \u0161to mi je ostalo u lijepom sje\u0107anju.<\/p>\n<p><strong>3. Budu\u0107i da ste glazbenik koji je danas vrlo popularan u svijetu duhovne glazbe, \u017eelimo Vas pitati kako ste otkrili glazbu i shvatili da je to ono \u010dime se \u017eelite baviti u \u017eivotu?<\/strong><\/p>\n<p>Dosta dobro sam igrao nogomet. U djetinjstvu sam igrao za Dinamo i to \u010dak na profesionalnoj razini, ali istovremeno me privla\u010dila i glazba. Tada sam morao donijeti odluku. Oslu\u0161kuju\u0107i svoje srce, otvarao mi se put prema glazbi i danas sam iznimno sretan \u0161to sam odabrao ba\u0161 taj put. Kada sam prvi put snimio pjesmu u studiju, rekao sam da bih to htio raditi cijeli \u017eivot. Iako je bilo upitno ho\u0107u li se mo\u0107i baviti time u \u017eivotu, nastavio sam snimati pjesme u studiju i stvarati albume. Naravno da je u tome svemu postojao i rizik. \u010covjek mo\u017ee snimiti jedan album, no pitanje je ho\u0107e li imati novca za sljede\u0107i. U mojem slu\u010daju koncerti se i dalje odr\u017eavaju i postaju popularni, a albumi se prodaju, tako da zapravo \u017eivim svoj san. Treba slijediti svoje srce i \u017eelje kao \u0161to i papa Franjo ka\u017ee: \u201eUsudite se sanjati!\u201c<\/p>\n<p><strong>4. I prije Va\u0161eg dubokog ulaska u vjeru bili ste poznati javnosti i u\u017eivali ste odre\u0111enu popularnost. Mo\u017eete li nam ukratko re\u0107i \u0161to se dogodilo i odakle tolika potreba za Bogom?<\/strong><\/p>\n<p>Dok sam bio mlad, do\u017eivio sam glazbeni uspjeh. Bio je to vrlo brz na\u010din \u017eivota, mnogo sam putovao, upoznavao mnogo ljudi. Sa svih strana otvarala su se vrata, no ipak me pratila ispraznost. Ljudi su od mene o\u010dekivali mnogo, \u0161to me umorilo. \u017delio sam da moja glazba dolazi do izra\u017eaja, a svi ostali su htjeli da to budu neke druge stvari poput afera, izgleda, na\u010dina obla\u010denja, itd. Na koncu me sva ta producentska pri\u010da odbila pa sam u jednom trenutku \u017eivota obolio od depresije te sam se obratio vjeri. Kada sam krenuo putem vjere i Crkve, pridru\u017eio sam se jednom malom zboru i mislio sam da vi\u0161e nikada ne\u0107u snimiti pjesmu. Bog je ipak imao druga\u010dije planove za mene. Nakon prve snimljene pjesme ostale su se samo nizale. Mnogo sam se trudio i promijenio, \u017eelio sam da moj \u017eivot bude u Bo\u017ejem duhu, da budem novo stvorenje, netko tko se do kraja predao Kristu. Iako uvijek postoje pote\u0161ko\u0107e, padovi, problemi i ponekad slabosti, trudim se uvijek odgovoriti na Bo\u017eju ljubav koja nas svaki dan prati.<\/p>\n<p><strong>5. Kako su mediji reagirali na Va\u0161 nestanak s pozornice i jeste li \u201emnogo izgubili\u201c u tom smislu zbog Va\u0161ega \u201enovog \u017eivota\u201c, kako ste na vi\u0161e mjesta spomenuli?<\/strong><\/p>\n<p>U jednom je trenutku bila apsolutna praznina i \u0161utnja s moje strane, a mediji su me ve\u0107 tada bili prekri\u017eili. Gospodin je ipak, kako sam spomenuo, imao planove i napravili smo prvi koncert na Kamenitim vratima koji je bio vrlo sli\u010dan koncertu \u201eOtvorite vrata Kristu\u201c. Tada smo iz jedne amaterske pri\u010de pre\u0161li u profesionalnu pri\u010du. Mediji su naknadno reagirali bolje nego \u0161to sam ikada mogao zamisliti. Zapo\u010deli su pratiti sve \u0161to radimo u duhovnoj glazbi, a njihovi prilozi postali su najgledaniji. Pokazali su veliki interes prema duhovnoj glazbi i sve vi\u0161e svjetovnih medija po\u010delo nas je pratiti pa su se na neki na\u010din i sami mediji evangelizirali.<\/p>\n<p><strong>6. \u0160to bi za Vas bila dobra glazba i mogu li Hrvati re\u0107i da imaju dobru glazbu?<\/strong><\/p>\n<p>Hrvati imaju vrlo dobru glazbu i iznimno talentirane autore i glazbenike. Mislim da bi duhovna glazba trebala pro\u017eeti svjetovnu glazbu, da imamo suradnju sa svjetovnom glazbom, da mi budemo otvoreni prema njima te da oni snimaju duhovnu glazbu, ali isto tako i mi svjetovnu. Na taj na\u010din dolazi do lijepih tekstova, pjesama i suradnji kojima bismo odr\u017eali jedan dobar smjer hrvatske glazbe.<\/p>\n<p><strong>7. Ne znam smijemo li Vas pitati, ali zanima nas Va\u0161e mi\u0161ljenje o Oliveru i Gibonniju, tj. o Oliverovu opusu i Gibonnijevim tekstovima?<\/strong><\/p>\n<p>Po mom mi\u0161ljenju to su najsvjetliji primjeri hrvatske glazbe s dubokim i sna\u017enim tekstovima. \u010cesto u svome privatnom \u017eivotu volim pustiti Oliverove i Gibonnijeve pjesme. Kada bi sva glazba bila takva, bilo bi prekrasno. Iako bi se neki tekstovi mo\u017eda trebali promijeniti, postoje tekstovi koji su u nekom smislu i problemati\u010dni, ali to moramo prihvatiti jer nemaju svi spoznaju, obra\u0107enje. U zadnje vrijeme, kada zavr\u0161i duhovni koncert, \u010desto otpjevamo lijepu, zabavnu pjesmu, ali uvijek treba pomno birati \u0161to pjevamo i koje pjesme biramo iz njihova opusa.<\/p>\n<p><strong>8. Svatko od nas koji smo danas ovdje s Vama svira neki instrument, a okupljamo se od pro\u0161le \u0161kolske godine u \u0161kolskom glazbenom sastavu. Ima li smisla baviti se glazbom ako to nije na profesionalnoj razini? Je li glazba vrijedna samo ako je netko najbolji u sviranju ili pjevanju?<\/strong><\/p>\n<p>Glazba je ljubav. Ona mo\u017ee biti utkana u sva\u010diji \u017eivot na onaj na\u010din na koji to dozvoljava vrijeme, mogu\u0107nosti, posao. Glazba nije namijenjena samo za profesionalce. Svaki \u010dovjek mo\u017ee se baviti glazbom, \u010dak i ako mu to nije primarni posao. Ona je s jedne strane avantura, ali i super kombinacija uz nekakav posao. Mislim da je glazba namijenjena za svakoga te da mo\u017ee u\u0107i i na profesionalan na\u010din u \u017eivot onoga koji ima jo\u0161 nekakav posao.<\/p>\n<p><strong>9. Unazad nekoliko godina nekoliko puta ste bili, kako mi ka\u017eemo, \u201e<em>uPo\u017eegi<\/em>\u201c. Ljudi su jako lijepo reagirali na Va\u0161e dolaske, posebno kada ste nastupili na OVK2018. Kako Vam je bilo i kako ste do\u017eivjeli Po\u017eegu i Po\u017ee\u017eane?<\/strong><\/p>\n<p>Bilo mi je to posebno iskustvo jer danas je malo koncerata s takvom produkcijom. Mislim da je va\u017eno imati mogu\u0107nost biti prisutan na takvom koncertu. \u0160to vi\u0161e dignemo ljestvicu profesionalnosti, isto tako mo\u017eemo o\u010dekivati ve\u0107u publiku. Po\u017eega ima vrhunsku razinu i OVK se ubraja u najbolje koncerte koji se odr\u017eavaju tijekom godine.<\/p>\n<p><strong>10. Mladi na\u0161ih godina lagano ulaze u prve veze i tra\u017ee si osobu s kojom bi se upustili u takvu avanturu. Budu\u0107i da Vi u tome imate iskustva i da ste s trideset i ne\u0161to godina u\u0161li u brak, \u0161to biste nam preporu\u010dili?<\/strong><\/p>\n<p>Moj put tra\u017eenja bio je dosta dug. Tek s trideset i sedam godina u\u0161ao sam u brak. U Me\u0111ugorju sam upoznao svoju suprugu te od tada hodamo u vjeri i danas imamo lijepi brak ispunjen Bo\u017ejom ljubavlju i molitvom. To je ono \u0161to je zaista potrebno. Bilo je mnogo poraza i padova, ali svima vama \u017eelim da vam taj put bude lak\u0161i.<\/p>\n<p><strong>11. Za kraj, koju biste poruku uputili mladima u Po\u017eegi, a posebno na\u0161im gimnazijalcima u Katoli\u010dkoj gimnaziji u Po\u017eegi?<\/strong><\/p>\n<p>Ostanite uz Boga i u zajedni\u0161tvu jer Bog providi onima koji su uz Njega i tu se pi\u0161u lijepe pri\u010de.\u00a0 Nekada mislimo da je ljudima koji ne \u017eive u vjeri mnogo lak\u0161e, ali ono \u0161to se nama doga\u0111a, doga\u0111a se kvalitetnije, sporo i u pravo vrijeme. U\u017eivajte u radosti. Toliko ima stvari kojima se mladi \u010dovjek mo\u017ee baviti, stoga bavljenje glazbom nosi lijepu mogu\u0107nost da do\u017eivite neke stvari koje \u0107e se trajno urezati u va\u0161e sje\u0107anje.<\/p>\n<p>(Tekst: M. Samard\u017ei\u0107, 4.b razred)<\/p>\n<div id='gallery-1' class='gallery galleryid-24109 gallery-columns-3 gallery-size-thumbnail'><figure class='gallery-item'>\n\t\t\t<div class='gallery-icon landscape'>\n\t\t\t\t<a href='https:\/\/katolicka-gimnazija.hr\/wp-content\/uploads\/2021\/11\/P1055492.jpg'><img loading=\"lazy\" decoding=\"async\" width=\"150\" height=\"150\" src=\"https:\/\/katolicka-gimnazija.hr\/wp-content\/uploads\/2021\/11\/P1055492-150x150.jpg\" class=\"attachment-thumbnail size-thumbnail\" alt=\"\" \/><\/a>\n\t\t\t<\/div><\/figure><figure class='gallery-item'>\n\t\t\t<div class='gallery-icon landscape'>\n\t\t\t\t<a href='https:\/\/katolicka-gimnazija.hr\/wp-content\/uploads\/2021\/11\/P1055500.jpg'><img loading=\"lazy\" decoding=\"async\" width=\"150\" height=\"150\" src=\"https:\/\/katolicka-gimnazija.hr\/wp-content\/uploads\/2021\/11\/P1055500-150x150.jpg\" class=\"attachment-thumbnail size-thumbnail\" alt=\"\" \/><\/a>\n\t\t\t<\/div><\/figure><figure class='gallery-item'>\n\t\t\t<div class='gallery-icon landscape'>\n\t\t\t\t<a href='https:\/\/katolicka-gimnazija.hr\/wp-content\/uploads\/2021\/11\/P1055484.jpg'><img loading=\"lazy\" decoding=\"async\" width=\"150\" height=\"150\" src=\"https:\/\/katolicka-gimnazija.hr\/wp-content\/uploads\/2021\/11\/P1055484-150x150.jpg\" class=\"attachment-thumbnail size-thumbnail\" alt=\"\" \/><\/a>\n\t\t\t<\/div><\/figure><figure class='gallery-item'>\n\t\t\t<div class='gallery-icon landscape'>\n\t\t\t\t<a href='https:\/\/katolicka-gimnazija.hr\/wp-content\/uploads\/2021\/11\/P1055509.jpg'><img loading=\"lazy\" decoding=\"async\" width=\"150\" height=\"150\" src=\"https:\/\/katolicka-gimnazija.hr\/wp-content\/uploads\/2021\/11\/P1055509-150x150.jpg\" class=\"attachment-thumbnail size-thumbnail\" alt=\"\" \/><\/a>\n\t\t\t<\/div><\/figure><figure class='gallery-item'>\n\t\t\t<div class='gallery-icon landscape'>\n\t\t\t\t<a href='https:\/\/katolicka-gimnazija.hr\/wp-content\/uploads\/2021\/11\/P1055503.jpg'><img loading=\"lazy\" decoding=\"async\" width=\"150\" height=\"150\" src=\"https:\/\/katolicka-gimnazija.hr\/wp-content\/uploads\/2021\/11\/P1055503-150x150.jpg\" class=\"attachment-thumbnail size-thumbnail\" alt=\"\" \/><\/a>\n\t\t\t<\/div><\/figure><figure class='gallery-item'>\n\t\t\t<div class='gallery-icon landscape'>\n\t\t\t\t<a href='https:\/\/katolicka-gimnazija.hr\/wp-content\/uploads\/2021\/11\/P1055495.jpg'><img loading=\"lazy\" decoding=\"async\" width=\"150\" height=\"150\" src=\"https:\/\/katolicka-gimnazija.hr\/wp-content\/uploads\/2021\/11\/P1055495-150x150.jpg\" class=\"attachment-thumbnail size-thumbnail\" alt=\"\" \/><\/a>\n\t\t\t<\/div><\/figure><figure class='gallery-item'>\n\t\t\t<div class='gallery-icon landscape'>\n\t\t\t\t<a href='https:\/\/katolicka-gimnazija.hr\/wp-content\/uploads\/2021\/11\/P1055513.jpg'><img loading=\"lazy\" decoding=\"async\" width=\"150\" height=\"150\" src=\"https:\/\/katolicka-gimnazija.hr\/wp-content\/uploads\/2021\/11\/P1055513-150x150.jpg\" class=\"attachment-thumbnail size-thumbnail\" alt=\"\" \/><\/a>\n\t\t\t<\/div><\/figure><figure class='gallery-item'>\n\t\t\t<div class='gallery-icon landscape'>\n\t\t\t\t<a href='https:\/\/katolicka-gimnazija.hr\/wp-content\/uploads\/2021\/11\/P1055501.jpg'><img loading=\"lazy\" decoding=\"async\" width=\"150\" height=\"150\" src=\"https:\/\/katolicka-gimnazija.hr\/wp-content\/uploads\/2021\/11\/P1055501-150x150.jpg\" class=\"attachment-thumbnail size-thumbnail\" alt=\"\" \/><\/a>\n\t\t\t<\/div><\/figure><figure class='gallery-item'>\n\t\t\t<div class='gallery-icon landscape'>\n\t\t\t\t<a href='https:\/\/katolicka-gimnazija.hr\/wp-content\/uploads\/2021\/11\/P1055498.jpg'><img loading=\"lazy\" decoding=\"async\" width=\"150\" height=\"150\" src=\"https:\/\/katolicka-gimnazija.hr\/wp-content\/uploads\/2021\/11\/P1055498-150x150.jpg\" class=\"attachment-thumbnail size-thumbnail\" alt=\"\" \/><\/a>\n\t\t\t<\/div><\/figure><figure class='gallery-item'>\n\t\t\t<div class='gallery-icon landscape'>\n\t\t\t\t<a href='https:\/\/katolicka-gimnazija.hr\/wp-content\/uploads\/2021\/11\/P1055497.jpg'><img loading=\"lazy\" decoding=\"async\" width=\"150\" height=\"150\" src=\"https:\/\/katolicka-gimnazija.hr\/wp-content\/uploads\/2021\/11\/P1055497-150x150.jpg\" class=\"attachment-thumbnail size-thumbnail\" alt=\"\" \/><\/a>\n\t\t\t<\/div><\/figure><figure class='gallery-item'>\n\t\t\t<div class='gallery-icon landscape'>\n\t\t\t\t<a href='https:\/\/katolicka-gimnazija.hr\/wp-content\/uploads\/2021\/11\/P1055493.jpg'><img loading=\"lazy\" decoding=\"async\" width=\"150\" height=\"150\" src=\"https:\/\/katolicka-gimnazija.hr\/wp-content\/uploads\/2021\/11\/P1055493-150x150.jpg\" class=\"attachment-thumbnail size-thumbnail\" alt=\"\" \/><\/a>\n\t\t\t<\/div><\/figure><figure class='gallery-item'>\n\t\t\t<div class='gallery-icon landscape'>\n\t\t\t\t<a href='https:\/\/katolicka-gimnazija.hr\/wp-content\/uploads\/2021\/11\/P1055491.jpg'><img loading=\"lazy\" decoding=\"async\" width=\"150\" height=\"150\" src=\"https:\/\/katolicka-gimnazija.hr\/wp-content\/uploads\/2021\/11\/P1055491-150x150.jpg\" class=\"attachment-thumbnail size-thumbnail\" alt=\"\" \/><\/a>\n\t\t\t<\/div><\/figure><figure class='gallery-item'>\n\t\t\t<div class='gallery-icon landscape'>\n\t\t\t\t<a href='https:\/\/katolicka-gimnazija.hr\/wp-content\/uploads\/2021\/11\/P1055489.jpg'><img loading=\"lazy\" decoding=\"async\" width=\"150\" height=\"150\" src=\"https:\/\/katolicka-gimnazija.hr\/wp-content\/uploads\/2021\/11\/P1055489-150x150.jpg\" class=\"attachment-thumbnail size-thumbnail\" alt=\"\" \/><\/a>\n\t\t\t<\/div><\/figure><figure class='gallery-item'>\n\t\t\t<div class='gallery-icon landscape'>\n\t\t\t\t<a href='https:\/\/katolicka-gimnazija.hr\/wp-content\/uploads\/2021\/11\/P1055487.jpg'><img loading=\"lazy\" decoding=\"async\" width=\"150\" height=\"150\" src=\"https:\/\/katolicka-gimnazija.hr\/wp-content\/uploads\/2021\/11\/P1055487-150x150.jpg\" class=\"attachment-thumbnail size-thumbnail\" alt=\"\" \/><\/a>\n\t\t\t<\/div><\/figure><figure class='gallery-item'>\n\t\t\t<div class='gallery-icon landscape'>\n\t\t\t\t<a href='https:\/\/katolicka-gimnazija.hr\/wp-content\/uploads\/2021\/11\/P1055482.jpg'><img loading=\"lazy\" decoding=\"async\" width=\"150\" height=\"150\" src=\"https:\/\/katolicka-gimnazija.hr\/wp-content\/uploads\/2021\/11\/P1055482-150x150.jpg\" class=\"attachment-thumbnail size-thumbnail\" alt=\"\" \/><\/a>\n\t\t\t<\/div><\/figure><figure class='gallery-item'>\n\t\t\t<div class='gallery-icon landscape'>\n\t\t\t\t<a href='https:\/\/katolicka-gimnazija.hr\/wp-content\/uploads\/2021\/11\/P1055523-2.jpg'><img loading=\"lazy\" decoding=\"async\" width=\"150\" height=\"150\" src=\"https:\/\/katolicka-gimnazija.hr\/wp-content\/uploads\/2021\/11\/P1055523-2-150x150.jpg\" class=\"attachment-thumbnail size-thumbnail\" alt=\"\" \/><\/a>\n\t\t\t<\/div><\/figure><figure class='gallery-item'>\n\t\t\t<div class='gallery-icon landscape'>\n\t\t\t\t<a href='https:\/\/katolicka-gimnazija.hr\/wp-content\/uploads\/2021\/11\/P1055519.jpg'><img loading=\"lazy\" decoding=\"async\" width=\"150\" height=\"150\" src=\"https:\/\/katolicka-gimnazija.hr\/wp-content\/uploads\/2021\/11\/P1055519-150x150.jpg\" class=\"attachment-thumbnail size-thumbnail\" alt=\"\" \/><\/a>\n\t\t\t<\/div><\/figure>\n\t\t<\/div>\n\n<p>&nbsp;<\/p>\n","protected":false},"excerpt":{"rendered":"<p>Re\u010de jednom W. A. Mozart u jednom pismu: \u201eNajnu\u017enija, najte\u017ea i glavna stvar u glazbi je vrijeme.\u201c Posebno se to osjeti kada ste u\u010denik srednje \u0161kole, k tome jo\u0161 gimnazije, pa imate mno\u0161tvo obaveza, predmeta i sati. Me\u0111utim, kada netko ne\u0161to voli, onda mu to nije te\u0161ko i za to \u0107e uvijek na\u0107i vremena. Eto, [&hellip;]<\/p>\n","protected":false},"author":77,"featured_media":24113,"comment_status":"closed","ping_status":"closed","sticky":false,"template":"","format":"standard","meta":{"footnotes":""},"categories":[4,212,2],"tags":[],"class_list":["post-24109","post","type-post","status-publish","format-standard","has-post-thumbnail","hentry","category-fotogalerije","category-intervjui","category-vijesti"],"_links":{"self":[{"href":"https:\/\/katolicka-gimnazija.hr\/index.php\/wp-json\/wp\/v2\/posts\/24109","targetHints":{"allow":["GET"]}}],"collection":[{"href":"https:\/\/katolicka-gimnazija.hr\/index.php\/wp-json\/wp\/v2\/posts"}],"about":[{"href":"https:\/\/katolicka-gimnazija.hr\/index.php\/wp-json\/wp\/v2\/types\/post"}],"author":[{"embeddable":true,"href":"https:\/\/katolicka-gimnazija.hr\/index.php\/wp-json\/wp\/v2\/users\/77"}],"replies":[{"embeddable":true,"href":"https:\/\/katolicka-gimnazija.hr\/index.php\/wp-json\/wp\/v2\/comments?post=24109"}],"version-history":[{"count":6,"href":"https:\/\/katolicka-gimnazija.hr\/index.php\/wp-json\/wp\/v2\/posts\/24109\/revisions"}],"predecessor-version":[{"id":24137,"href":"https:\/\/katolicka-gimnazija.hr\/index.php\/wp-json\/wp\/v2\/posts\/24109\/revisions\/24137"}],"wp:featuredmedia":[{"embeddable":true,"href":"https:\/\/katolicka-gimnazija.hr\/index.php\/wp-json\/wp\/v2\/media\/24113"}],"wp:attachment":[{"href":"https:\/\/katolicka-gimnazija.hr\/index.php\/wp-json\/wp\/v2\/media?parent=24109"}],"wp:term":[{"taxonomy":"category","embeddable":true,"href":"https:\/\/katolicka-gimnazija.hr\/index.php\/wp-json\/wp\/v2\/categories?post=24109"},{"taxonomy":"post_tag","embeddable":true,"href":"https:\/\/katolicka-gimnazija.hr\/index.php\/wp-json\/wp\/v2\/tags?post=24109"}],"curies":[{"name":"wp","href":"https:\/\/api.w.org\/{rel}","templated":true}]}}