{"id":24306,"date":"2021-12-09T17:49:24","date_gmt":"2021-12-09T17:49:24","guid":{"rendered":"http:\/\/katolicka-gimnazija.hr\/?p=24306"},"modified":"2021-12-09T17:49:24","modified_gmt":"2021-12-09T17:49:24","slug":"nase-rukometasice-druge-na-krilima-cuda-od-djeteta","status":"publish","type":"post","link":"https:\/\/katolicka-gimnazija.hr\/index.php\/2021\/12\/09\/nase-rukometasice-druge-na-krilima-cuda-od-djeteta\/","title":{"rendered":"Na\u0161e rukometa\u0161ice druge na krilima \u201e\u010duda od djeteta\u201c"},"content":{"rendered":"<p>Za nama je i \u017eupanijsko natjecanje srednjih \u0161kola u rukometu za djevojke. Na\u0161e su djevojke uvjerljivo pobijedile ekipu Ekonomik 9:2, a u finalu su, na\u017ealost, izgubile od djevojaka iz Srednje \u0161kole Pakrac 19:13. Uzimaju\u0107i u obzir da smo u ekipi imali tek jednu vrhunsku rukometa\u0161icu, Magdalenu \u010cernu\u0161ak, a Pakrac cijelu ekipu rukometa\u0161ica, djevojke su se odli\u010dno dr\u017eale na terenu do posljednje minute. Motivacije, borbe i htijenja nije nedostajalo, a posebno je motivirana bila na\u0161a kapetanica Magdalena \u010cernu\u0161ak koja je postigla sva 22 pogotka za na\u0161u ekipu. \u017dao nam je \u0161to se pozivu nisu odazvale i neke biv\u0161e rukometa\u0161ice koje bi sigurno pomogle na\u0161im djevojkama u jo\u0161 boljem predstavljanju \u0161kole. One koje su se odazvale predstavile su \u0161kolu u najboljem svjetlu iako u ovome sportu nikada nisu sudjelovale.<\/p>\n<p>Za KG su nastupale: Magdalena \u010cernu\u0161ak (C), Ivona Matanovi\u0107, Mia Jelu\u0161i\u0107, Tea \u0160oli\u0107, Lorena Grgi\u0107, Monika Sablji\u0107, Martina Bo\u0161kovi\u0107, Nina Milevoj, Tea Tabak i \u017dana Julari\u0107, dok je voditelj bio prof. Mario Ragu\u017e.<\/p>\n","protected":false},"excerpt":{"rendered":"<p>Za nama je i \u017eupanijsko natjecanje srednjih \u0161kola u rukometu za djevojke. Na\u0161e su djevojke uvjerljivo pobijedile ekipu Ekonomik 9:2, a u finalu su, na\u017ealost, izgubile od djevojaka iz Srednje \u0161kole Pakrac 19:13. Uzimaju\u0107i u obzir da smo u ekipi imali tek jednu vrhunsku rukometa\u0161icu, Magdalenu \u010cernu\u0161ak, a Pakrac cijelu ekipu rukometa\u0161ica, djevojke su se [&hellip;]<\/p>\n","protected":false},"author":1,"featured_media":24307,"comment_status":"closed","ping_status":"closed","sticky":false,"template":"","format":"standard","meta":{"footnotes":""},"categories":[209,214,210,2],"tags":[],"class_list":["post-24306","post","type-post","status-publish","format-standard","has-post-thumbnail","hentry","category-natjecanja","category-natjecanja-2","category-sport","category-vijesti"],"_links":{"self":[{"href":"https:\/\/katolicka-gimnazija.hr\/index.php\/wp-json\/wp\/v2\/posts\/24306","targetHints":{"allow":["GET"]}}],"collection":[{"href":"https:\/\/katolicka-gimnazija.hr\/index.php\/wp-json\/wp\/v2\/posts"}],"about":[{"href":"https:\/\/katolicka-gimnazija.hr\/index.php\/wp-json\/wp\/v2\/types\/post"}],"author":[{"embeddable":true,"href":"https:\/\/katolicka-gimnazija.hr\/index.php\/wp-json\/wp\/v2\/users\/1"}],"replies":[{"embeddable":true,"href":"https:\/\/katolicka-gimnazija.hr\/index.php\/wp-json\/wp\/v2\/comments?post=24306"}],"version-history":[{"count":1,"href":"https:\/\/katolicka-gimnazija.hr\/index.php\/wp-json\/wp\/v2\/posts\/24306\/revisions"}],"predecessor-version":[{"id":24308,"href":"https:\/\/katolicka-gimnazija.hr\/index.php\/wp-json\/wp\/v2\/posts\/24306\/revisions\/24308"}],"wp:featuredmedia":[{"embeddable":true,"href":"https:\/\/katolicka-gimnazija.hr\/index.php\/wp-json\/wp\/v2\/media\/24307"}],"wp:attachment":[{"href":"https:\/\/katolicka-gimnazija.hr\/index.php\/wp-json\/wp\/v2\/media?parent=24306"}],"wp:term":[{"taxonomy":"category","embeddable":true,"href":"https:\/\/katolicka-gimnazija.hr\/index.php\/wp-json\/wp\/v2\/categories?post=24306"},{"taxonomy":"post_tag","embeddable":true,"href":"https:\/\/katolicka-gimnazija.hr\/index.php\/wp-json\/wp\/v2\/tags?post=24306"}],"curies":[{"name":"wp","href":"https:\/\/api.w.org\/{rel}","templated":true}]}}