{"id":24431,"date":"2021-12-18T19:03:09","date_gmt":"2021-12-18T19:03:09","guid":{"rendered":"http:\/\/katolicka-gimnazija.hr\/?p=24431"},"modified":"2021-12-20T19:07:48","modified_gmt":"2021-12-20T19:07:48","slug":"bozicna-priredba-ucenika-kg-a","status":"publish","type":"post","link":"https:\/\/katolicka-gimnazija.hr\/index.php\/2021\/12\/18\/bozicna-priredba-ucenika-kg-a\/","title":{"rendered":"Bo\u017ei\u0107na priredba u\u010denika KG-a"},"content":{"rendered":"<p>U srijedu, 22. prosinca u Dvorani sv. Terezije Avilske odr\u017eat \u0107e se tradicionalni predbo\u017ei\u0107ni program koji nam pripremaju u\u010denici \u0161kole pod mentorstvom svojih profesora.<\/p>\n<p>Hodogram sve\u010danosti mo\u017eete pogledati u nastavku.<strong><em>\u00a0<\/em><\/strong><\/p>\n<ul>\n<li><em>TIHA NO\u0106<\/em><\/li>\n<li>BIBLIJSKA MISAO<\/li>\n<li>PREDSTAVLJANJE \u0160KOLSKOG LISTA<\/li>\n<li>SCENSKA IGRA \u2013 <em>BOMBONIJERA<\/em><\/li>\n<li>GLAZBENI KUTAK: <em>JOY TO THE WORLD<\/em><\/li>\n<li>MONOLOG \u2013 <em>MO\u017dDA JE BO\u017dI\u0106 PRAVO VRIJEME DA SVI MALO ZA\u0160UTIMO<\/em><\/li>\n<li>GLAZBENI KUTAK: <em>BIJELI BO\u017dI\u0106<\/em><\/li>\n<li>BO\u017dI\u0106NA \u010cESTITKA<\/li>\n<li>RAVNATELJEVA MISAO<\/li>\n<li>GLAZBENI KUTAK: <em>NARODI NAM SE<\/em><\/li>\n<\/ul>\n","protected":false},"excerpt":{"rendered":"<p>U srijedu, 22. prosinca u Dvorani sv. Terezije Avilske odr\u017eat \u0107e se tradicionalni predbo\u017ei\u0107ni program koji nam pripremaju u\u010denici \u0161kole pod mentorstvom svojih profesora. Hodogram sve\u010danosti mo\u017eete pogledati u nastavku.\u00a0 TIHA NO\u0106 BIBLIJSKA MISAO PREDSTAVLJANJE \u0160KOLSKOG LISTA SCENSKA IGRA \u2013 BOMBONIJERA GLAZBENI KUTAK: JOY TO THE WORLD MONOLOG \u2013 MO\u017dDA JE BO\u017dI\u0106 PRAVO VRIJEME DA [&hellip;]<\/p>\n","protected":false},"author":2,"featured_media":0,"comment_status":"closed","ping_status":"closed","sticky":false,"template":"","format":"standard","meta":{"footnotes":""},"categories":[3],"tags":[],"class_list":["post-24431","post","type-post","status-publish","format-standard","hentry","category-obavijesti"],"_links":{"self":[{"href":"https:\/\/katolicka-gimnazija.hr\/index.php\/wp-json\/wp\/v2\/posts\/24431","targetHints":{"allow":["GET"]}}],"collection":[{"href":"https:\/\/katolicka-gimnazija.hr\/index.php\/wp-json\/wp\/v2\/posts"}],"about":[{"href":"https:\/\/katolicka-gimnazija.hr\/index.php\/wp-json\/wp\/v2\/types\/post"}],"author":[{"embeddable":true,"href":"https:\/\/katolicka-gimnazija.hr\/index.php\/wp-json\/wp\/v2\/users\/2"}],"replies":[{"embeddable":true,"href":"https:\/\/katolicka-gimnazija.hr\/index.php\/wp-json\/wp\/v2\/comments?post=24431"}],"version-history":[{"count":1,"href":"https:\/\/katolicka-gimnazija.hr\/index.php\/wp-json\/wp\/v2\/posts\/24431\/revisions"}],"predecessor-version":[{"id":24432,"href":"https:\/\/katolicka-gimnazija.hr\/index.php\/wp-json\/wp\/v2\/posts\/24431\/revisions\/24432"}],"wp:attachment":[{"href":"https:\/\/katolicka-gimnazija.hr\/index.php\/wp-json\/wp\/v2\/media?parent=24431"}],"wp:term":[{"taxonomy":"category","embeddable":true,"href":"https:\/\/katolicka-gimnazija.hr\/index.php\/wp-json\/wp\/v2\/categories?post=24431"},{"taxonomy":"post_tag","embeddable":true,"href":"https:\/\/katolicka-gimnazija.hr\/index.php\/wp-json\/wp\/v2\/tags?post=24431"}],"curies":[{"name":"wp","href":"https:\/\/api.w.org\/{rel}","templated":true}]}}