{"id":24507,"date":"2022-01-08T09:02:59","date_gmt":"2022-01-08T09:02:59","guid":{"rendered":"http:\/\/katolicka-gimnazija.hr\/?p=24507"},"modified":"2022-01-10T09:07:45","modified_gmt":"2022-01-10T09:07:45","slug":"duhovno-formativni-susret-djelatnika-katolickih-skola-pozeske-biskupije","status":"publish","type":"post","link":"https:\/\/katolicka-gimnazija.hr\/index.php\/2022\/01\/08\/duhovno-formativni-susret-djelatnika-katolickih-skola-pozeske-biskupije\/","title":{"rendered":"Duhovno-formativni susret djelatnika katoli\u010dkih \u0161kola Po\u017ee\u0161ke biskupije"},"content":{"rendered":"<div class=\"td-post-header\">\n<header class=\"td-post-title\">\n<div class=\"td-module-meta-info\"><\/div>\n<\/header>\n<\/div>\n<div class=\"td-post-content\">\n<p><a class=\"td-modal-image\" href=\"https:\/\/pozeska-biskupija.hr\/wp-content\/uploads\/2022\/01\/IMG_7388.jpg\"><img loading=\"lazy\" decoding=\"async\" class=\"size-medium wp-image-34045 alignleft td-animation-stack-type0-2\" src=\"https:\/\/pozeska-biskupija.hr\/wp-content\/uploads\/2022\/01\/IMG_7388-300x200.jpg\" sizes=\"auto, (max-width: 300px) 100vw, 300px\" srcset=\"https:\/\/pozeska-biskupija.hr\/wp-content\/uploads\/2022\/01\/IMG_7388-300x200.jpg 300w, https:\/\/pozeska-biskupija.hr\/wp-content\/uploads\/2022\/01\/IMG_7388-1024x683.jpg 1024w, https:\/\/pozeska-biskupija.hr\/wp-content\/uploads\/2022\/01\/IMG_7388-768x512.jpg 768w, https:\/\/pozeska-biskupija.hr\/wp-content\/uploads\/2022\/01\/IMG_7388-1536x1024.jpg 1536w, https:\/\/pozeska-biskupija.hr\/wp-content\/uploads\/2022\/01\/IMG_7388-696x464.jpg 696w, https:\/\/pozeska-biskupija.hr\/wp-content\/uploads\/2022\/01\/IMG_7388-1068x712.jpg 1068w, https:\/\/pozeska-biskupija.hr\/wp-content\/uploads\/2022\/01\/IMG_7388-630x420.jpg 630w, https:\/\/pozeska-biskupija.hr\/wp-content\/uploads\/2022\/01\/IMG_7388.jpg 1920w\" alt=\"\" width=\"300\" height=\"200\" \/><\/a>Prije po\u010detka nastave drugoga polugodi\u0161ta, 7. sije\u010dnja 2022. u organizaciji Ureda za katoli\u010dke \u0161kole u Dvorani sv. Terezije Avilske u Po\u017eegi odr\u017ean je susret djelatnika katoli\u010dkih \u0161kola Po\u017ee\u0161ke biskupije, predvo\u0111enih ravnateljima iz Katoli\u010dke gimnazije i Katoli\u010dke osnovne \u0161kole u Po\u017eegi, Katoli\u010dke klasi\u010dne gimnazije i Katoli\u010dke osnovne \u0161kole u Virovitici te iz Katoli\u010dke osnovne \u0161kole u Novskoj. Susret je sazvao i njime ravnao Ivica \u017duljevi\u0107, predstojnik Ureda za katoli\u010dke \u0161kole, a sudjelovao je i biskup Antun \u0160kvor\u010devi\u0107.<\/p>\n<p><a class=\"td-modal-image\" href=\"https:\/\/pozeska-biskupija.hr\/wp-content\/uploads\/2022\/01\/IMG_7395.jpg\"><img loading=\"lazy\" decoding=\"async\" class=\"size-medium wp-image-34046 alignright td-animation-stack-type0-2\" src=\"https:\/\/pozeska-biskupija.hr\/wp-content\/uploads\/2022\/01\/IMG_7395-300x200.jpg\" sizes=\"auto, (max-width: 300px) 100vw, 300px\" srcset=\"https:\/\/pozeska-biskupija.hr\/wp-content\/uploads\/2022\/01\/IMG_7395-300x200.jpg 300w, https:\/\/pozeska-biskupija.hr\/wp-content\/uploads\/2022\/01\/IMG_7395-1024x683.jpg 1024w, https:\/\/pozeska-biskupija.hr\/wp-content\/uploads\/2022\/01\/IMG_7395-768x512.jpg 768w, https:\/\/pozeska-biskupija.hr\/wp-content\/uploads\/2022\/01\/IMG_7395-1536x1024.jpg 1536w, https:\/\/pozeska-biskupija.hr\/wp-content\/uploads\/2022\/01\/IMG_7395-696x464.jpg 696w, https:\/\/pozeska-biskupija.hr\/wp-content\/uploads\/2022\/01\/IMG_7395-1068x712.jpg 1068w, https:\/\/pozeska-biskupija.hr\/wp-content\/uploads\/2022\/01\/IMG_7395-630x420.jpg 630w, https:\/\/pozeska-biskupija.hr\/wp-content\/uploads\/2022\/01\/IMG_7395.jpg 1920w\" alt=\"\" width=\"300\" height=\"200\" \/><\/a>Predstojnik \u017duljevi\u0107 pozdravio je biskupa Antuna i djelatnike spomenutih \u0161kola te je predstavio dnevni red susreta. Pro\u010ditan je zatim evan\u0111eoski ulomak o Isusovom hodo\u010da\u0161\u0107u s roditeljima u jeruzalemski hram. Potom je biskup Antun u svojoj prigodnoj rije\u010di za\u017eelio djelatnicima katoli\u010dkih \u0161kola blagoslovljenu novu godinu, zahvalio im za \u017ertvu i ljubav koju ula\u017eu u mlade nara\u0161taje. Kazao je kako nam navije\u0161teni evan\u0111eoski ulomak prikazuje Isusov prvi javni nastup koji je na neki na\u010din i odgojno-\u0161kolski zanimljiv. Naime, dvanaestogodi\u0161nji Isus krenuo je s roditeljima na hodo\u010da\u0161\u0107e i o\u010ditovao svojevrsnu neposlu\u0161nost tako \u0161to je samovoljno ostao u hramu, umjesto da se s njima vratio u svoje zavi\u010dajno mjesto. Spomenuv\u0161i kako bi vjerojatno svaki roditelj poput Marije uputio prijekor svome djetetu zbog neprihvatljiva postupka, biskup je zapitao je li to zastarjeli odgojni model koji trebamo napustiti i okrenuti se novim, suvremenim na\u010dinima opho\u0111enja s djecom. Jesu li s odgojnog gledi\u0161ta mo\u017eda pogrije\u0161ili roditelji koji nisu primijetili da Isus nije s njima, ili je Isus krivo u\u010dinio \u0161to je ostao u hramu ne javiv\u0161i se Mariji i Josipu? Istaknuo je da se kulturolo\u0161ki gledano o \u010dovjekovu odgoju ne mo\u017ee razmi\u0161ljati na na\u010din suprotstavljanja izme\u0111u nekada\u0161njeg i sada\u0161njeg. Kazao je kako u spomenutom evan\u0111eoskom doga\u0111aju nema mjesta za \u0161pekulacije i okrivljavanje bilo koga, jer je njegova poruka dublja i dalekose\u017enija od toga. Naime, sama \u010dinjenica da je Bogo-\u010dovjek Isus sjeo me\u0111u u\u010ditelje, slu\u0161ao ih i pitao ima osobitu te\u017einu zbog toga \u0161to nas upu\u0107uje na to da se \u0161kola i odgoj ne mogu svesti samo na preno\u0161enje znanja od starijih na mla\u0111e, nego je ona izgradnja putem uzajamnog oslu\u0161kivanja, propitkivanja i traganja za vlastitim smislom, gdje na\u0161 odnos prema Bogu i Boga prema nama ima sasvim posebno mjesto.<\/p>\n<p><a class=\"td-modal-image\" href=\"https:\/\/pozeska-biskupija.hr\/wp-content\/uploads\/2022\/01\/IMG_7377.jpg\"><img loading=\"lazy\" decoding=\"async\" class=\"size-medium wp-image-34044 alignleft td-animation-stack-type0-2\" src=\"https:\/\/pozeska-biskupija.hr\/wp-content\/uploads\/2022\/01\/IMG_7377-300x200.jpg\" sizes=\"auto, (max-width: 300px) 100vw, 300px\" srcset=\"https:\/\/pozeska-biskupija.hr\/wp-content\/uploads\/2022\/01\/IMG_7377-300x200.jpg 300w, https:\/\/pozeska-biskupija.hr\/wp-content\/uploads\/2022\/01\/IMG_7377-1024x683.jpg 1024w, https:\/\/pozeska-biskupija.hr\/wp-content\/uploads\/2022\/01\/IMG_7377-768x512.jpg 768w, https:\/\/pozeska-biskupija.hr\/wp-content\/uploads\/2022\/01\/IMG_7377-1536x1024.jpg 1536w, https:\/\/pozeska-biskupija.hr\/wp-content\/uploads\/2022\/01\/IMG_7377-696x464.jpg 696w, https:\/\/pozeska-biskupija.hr\/wp-content\/uploads\/2022\/01\/IMG_7377-1068x712.jpg 1068w, https:\/\/pozeska-biskupija.hr\/wp-content\/uploads\/2022\/01\/IMG_7377-630x420.jpg 630w, https:\/\/pozeska-biskupija.hr\/wp-content\/uploads\/2022\/01\/IMG_7377.jpg 1920w\" alt=\"\" width=\"300\" height=\"200\" \/><\/a>Biskup je kazao kako Isusov \u201ebiti u onome \u0161to je Oca mojega\u201c nema tek smisao u tome da on treba biti u jeruzalemskom hramu, mjestu Bo\u017eja prisutnosti, nego da bi pitaju\u0107i i slu\u0161aju\u0107i obznanio \u0161to je njegovo poslanje koje mu je povjerio Otac. Metoda pitanja i slu\u0161anja ima osobito zna\u010denje u traganju za odgovorima otkud smo do\u0161li, kamo smo krenuli, \u0161to je cilj i smisao na\u0161eg postojanja, te se na taj na\u010din susre\u0107emo s istinom o samima sebi u dimenzijama onostranosti, u Bogu. Stoga u pro\u0161irenom pogledu \u201ebiti u ku\u0107i Oca mojega\u201c zna\u010di otkrivati u vlastitoj stvorenosti i svijetu oko nas ono \u0161to nas upu\u0107uje na Boga kao izvor i smisao svega postoje\u0107eg. Biskup je kazao djelatnicima katoli\u010dkih \u0161kola neka pou\u010davaju\u0107i mlade nara\u0161taje u matematici, biologiji, kemiji te drugim predmetima propisanima kurikulom, zajedno s njima oslu\u0161kuju ona pitanja koja su upisana u dubini svakog ljudskog bi\u0107a i tragaju za odgovorima koji nadilaze predmetni pristup stvarnosti koju pou\u010davaju. Neka pomognu mladima da se susretnu s dimenzijom vlastite onostranosti i upu\u0107enosti na Stvoritelja, te se pove\u017eu s njime i oblikuju \u017eivot snagom vjere. Ustvrdio je da oduvijek postoji pitanje kako se odnositi prema stvarnosti oko sebe i prema samome sebi da bismo bili u skladu s Bo\u017ejim naumom o nama. Kazao je kako smo stvoreni da bismo po\u0161tuju\u0107i zakonitosti u vlastitom bi\u0107u i svijetu oko nas sa\u010duvali prirodu te o\u010ditovali svoju veli\u010dinu i dostojanstvo. Potaknuo je okupljene djelatnike katoli\u010dkih \u0161kola neka budu osjetljiva srca za stvarnost oko sebe u onim dimenzijama koje joj nismo mi dali, nego Bog.<\/p>\n<p><a class=\"td-modal-image\" href=\"https:\/\/pozeska-biskupija.hr\/wp-content\/uploads\/2022\/01\/IMG_7433.jpg\"><img loading=\"lazy\" decoding=\"async\" class=\"size-medium wp-image-34048 alignright td-animation-stack-type0-2\" src=\"https:\/\/pozeska-biskupija.hr\/wp-content\/uploads\/2022\/01\/IMG_7433-300x200.jpg\" sizes=\"auto, (max-width: 300px) 100vw, 300px\" srcset=\"https:\/\/pozeska-biskupija.hr\/wp-content\/uploads\/2022\/01\/IMG_7433-300x200.jpg 300w, https:\/\/pozeska-biskupija.hr\/wp-content\/uploads\/2022\/01\/IMG_7433-1024x683.jpg 1024w, https:\/\/pozeska-biskupija.hr\/wp-content\/uploads\/2022\/01\/IMG_7433-768x512.jpg 768w, https:\/\/pozeska-biskupija.hr\/wp-content\/uploads\/2022\/01\/IMG_7433-1536x1024.jpg 1536w, https:\/\/pozeska-biskupija.hr\/wp-content\/uploads\/2022\/01\/IMG_7433-696x464.jpg 696w, https:\/\/pozeska-biskupija.hr\/wp-content\/uploads\/2022\/01\/IMG_7433-1068x712.jpg 1068w, https:\/\/pozeska-biskupija.hr\/wp-content\/uploads\/2022\/01\/IMG_7433-630x420.jpg 630w, https:\/\/pozeska-biskupija.hr\/wp-content\/uploads\/2022\/01\/IMG_7433.jpg 1920w\" alt=\"\" width=\"300\" height=\"200\" \/><\/a>Po zavr\u0161etku biskupovih poticajnih rije\u010di, predstojnik \u017duljevi\u0107 predstavio je predava\u010dicu dr. Katarinu Aladrovi\u0107 Slova\u010dek, profesoricu na U\u010diteljskom fakultetu u Zagrebu, a ina\u010de ro\u0111enu Pleterni\u010danku, koja je odr\u017eala predavanje pod nazivom \u201cKomunikacijski i motivacijski izazovi dana\u0161njice za u\u010ditelje, odgojitelje i roditelje.<\/p>\n<p>Dr. Aladrovi\u0107 Slova\u010dek pozdravila je sve prisutne te zahvalila na ukazanom povjerenju i \u010dasti da odr\u017ei predavanje. Potom je progovorila o obrazovanju u doba globalizacije, digitalizacije i pandemije istaknuv\u0161i kako je obrazovanje vi\u0161e nego ikada osvije\u0161teno koliko je nu\u017eno slijediti promjene u dru\u0161tvu koje se trebaju odra\u017eavati i na obrazovni sustav. Naglasila je kako veliki problem stvara vrlo lo\u0161a \u010ditala\u010dka pismenost u djece, ali i odraslih, \u0161to se reflektira, ne samo na humanisti\u010dke predmete, nego i na prirodoslovne. Nakon toga govorila je o vrstama motivacije. Rekla je da ve\u0107inu\u00a0<a class=\"td-modal-image\" href=\"https:\/\/pozeska-biskupija.hr\/wp-content\/uploads\/2022\/01\/IMG_7431.jpg\"><img loading=\"lazy\" decoding=\"async\" class=\"size-medium wp-image-34047 alignright td-animation-stack-type0-2\" src=\"https:\/\/pozeska-biskupija.hr\/wp-content\/uploads\/2022\/01\/IMG_7431-300x200.jpg\" sizes=\"auto, (max-width: 300px) 100vw, 300px\" srcset=\"https:\/\/pozeska-biskupija.hr\/wp-content\/uploads\/2022\/01\/IMG_7431-300x200.jpg 300w, https:\/\/pozeska-biskupija.hr\/wp-content\/uploads\/2022\/01\/IMG_7431-1024x683.jpg 1024w, https:\/\/pozeska-biskupija.hr\/wp-content\/uploads\/2022\/01\/IMG_7431-768x512.jpg 768w, https:\/\/pozeska-biskupija.hr\/wp-content\/uploads\/2022\/01\/IMG_7431-1536x1024.jpg 1536w, https:\/\/pozeska-biskupija.hr\/wp-content\/uploads\/2022\/01\/IMG_7431-696x464.jpg 696w, https:\/\/pozeska-biskupija.hr\/wp-content\/uploads\/2022\/01\/IMG_7431-1068x712.jpg 1068w, https:\/\/pozeska-biskupija.hr\/wp-content\/uploads\/2022\/01\/IMG_7431-630x420.jpg 630w, https:\/\/pozeska-biskupija.hr\/wp-content\/uploads\/2022\/01\/IMG_7431.jpg 1920w\" alt=\"\" width=\"300\" height=\"200\" \/><\/a>ljudi pokre\u0107e ekstrinzi\u010dna, ali kako je osje\u0107aj puno bolji kada ne\u0161to napravimo zbog intrinzi\u010dne motivacije te je istaknula da je va\u017eno da upravo u sebi prona\u0111emo motivaciju. Zavr\u0161iv\u0161i s motivacijom dr. Aladrovi\u0107 Slova\u010dek progovorila je i o komunikaciji naglasiv\u0161i kako postoji nekoliko vrsta komunikacije kao \u0161to su jaka, slaba, jednosmjerna i dvosmjerna. Posvijestila je prisutne da na komunikacijske vje\u0161tine kod djece najvi\u0161e utje\u010du mediji, struktura obitelji, jezi\u010dno okru\u017eenje, obrazovanje roditelja, \u010ditala\u010dke navike i institucijski odgoj i obrazovanje. Naglasiv\u0161i kako je \u201cmoja komunikacija, moj otisak u svijetu\u201d te da je u\u010ditelj govorni, ali i svaki drugi \u201cmodel\u201d svojim u\u010denicima, dr. Aladrovi\u0107 Slova\u010dek zavr\u0161ila je svoje zanimljivo i iscrpno predavanje.<\/p>\n<p>Potom je uslijedio drugi dio susreta kada su ravnatelji, pod moderiranjem predstojnika \u017duljevi\u0107a, iznijeli aktualna pitanja i teku\u0107u problematiku, a spomenuti su i primjeri dobre prakse.<\/p>\n<p><a class=\"td-modal-image\" href=\"https:\/\/pozeska-biskupija.hr\/wp-content\/uploads\/2022\/01\/DSC_0387.jpg\"><img loading=\"lazy\" decoding=\"async\" class=\"size-medium wp-image-34042 alignleft td-animation-stack-type0-2\" src=\"https:\/\/pozeska-biskupija.hr\/wp-content\/uploads\/2022\/01\/DSC_0387-300x201.jpg\" sizes=\"auto, (max-width: 300px) 100vw, 300px\" srcset=\"https:\/\/pozeska-biskupija.hr\/wp-content\/uploads\/2022\/01\/DSC_0387-300x201.jpg 300w, https:\/\/pozeska-biskupija.hr\/wp-content\/uploads\/2022\/01\/DSC_0387-1024x685.jpg 1024w, https:\/\/pozeska-biskupija.hr\/wp-content\/uploads\/2022\/01\/DSC_0387-768x514.jpg 768w, https:\/\/pozeska-biskupija.hr\/wp-content\/uploads\/2022\/01\/DSC_0387-1536x1028.jpg 1536w, https:\/\/pozeska-biskupija.hr\/wp-content\/uploads\/2022\/01\/DSC_0387-696x466.jpg 696w, https:\/\/pozeska-biskupija.hr\/wp-content\/uploads\/2022\/01\/DSC_0387-1068x715.jpg 1068w, https:\/\/pozeska-biskupija.hr\/wp-content\/uploads\/2022\/01\/DSC_0387-627x420.jpg 627w, https:\/\/pozeska-biskupija.hr\/wp-content\/uploads\/2022\/01\/DSC_0387.jpg 1936w\" alt=\"\" width=\"300\" height=\"201\" \/><\/a>Na koncu duhovno-formacijskog susreta odr\u017eano je klanjanje pred Presvetim u katedrali sv. Terezije Avilske, koje je predvodio vjerou\u010ditelj u po\u017ee\u0161koj Katoli\u010dkoj gimnaziji Krunoslav Siroglavi\u0107.<\/p>\n<p>Susret je zavr\u0161io u blagovaonici Katoli\u010dke osnovne \u0161kole prigodnim domjenkom.<\/p>\n<p>Izvor: Po\u017ee\u0161ka biskupija<\/p>\n<\/div>\n","protected":false},"excerpt":{"rendered":"<p>Prije po\u010detka nastave drugoga polugodi\u0161ta, 7. sije\u010dnja 2022. u organizaciji Ureda za katoli\u010dke \u0161kole u Dvorani sv. Terezije Avilske u Po\u017eegi odr\u017ean je susret djelatnika katoli\u010dkih \u0161kola Po\u017ee\u0161ke biskupije, predvo\u0111enih ravnateljima iz Katoli\u010dke gimnazije i Katoli\u010dke osnovne \u0161kole u Po\u017eegi, Katoli\u010dke klasi\u010dne gimnazije i Katoli\u010dke osnovne \u0161kole u Virovitici te iz Katoli\u010dke osnovne \u0161kole u [&hellip;]<\/p>\n","protected":false},"author":1,"featured_media":24508,"comment_status":"closed","ping_status":"closed","sticky":false,"template":"","format":"standard","meta":{"footnotes":""},"categories":[207,211,2],"tags":[],"class_list":["post-24507","post","type-post","status-publish","format-standard","has-post-thumbnail","hentry","category-duhovno","category-predavanja","category-vijesti"],"_links":{"self":[{"href":"https:\/\/katolicka-gimnazija.hr\/index.php\/wp-json\/wp\/v2\/posts\/24507","targetHints":{"allow":["GET"]}}],"collection":[{"href":"https:\/\/katolicka-gimnazija.hr\/index.php\/wp-json\/wp\/v2\/posts"}],"about":[{"href":"https:\/\/katolicka-gimnazija.hr\/index.php\/wp-json\/wp\/v2\/types\/post"}],"author":[{"embeddable":true,"href":"https:\/\/katolicka-gimnazija.hr\/index.php\/wp-json\/wp\/v2\/users\/1"}],"replies":[{"embeddable":true,"href":"https:\/\/katolicka-gimnazija.hr\/index.php\/wp-json\/wp\/v2\/comments?post=24507"}],"version-history":[{"count":1,"href":"https:\/\/katolicka-gimnazija.hr\/index.php\/wp-json\/wp\/v2\/posts\/24507\/revisions"}],"predecessor-version":[{"id":24509,"href":"https:\/\/katolicka-gimnazija.hr\/index.php\/wp-json\/wp\/v2\/posts\/24507\/revisions\/24509"}],"wp:featuredmedia":[{"embeddable":true,"href":"https:\/\/katolicka-gimnazija.hr\/index.php\/wp-json\/wp\/v2\/media\/24508"}],"wp:attachment":[{"href":"https:\/\/katolicka-gimnazija.hr\/index.php\/wp-json\/wp\/v2\/media?parent=24507"}],"wp:term":[{"taxonomy":"category","embeddable":true,"href":"https:\/\/katolicka-gimnazija.hr\/index.php\/wp-json\/wp\/v2\/categories?post=24507"},{"taxonomy":"post_tag","embeddable":true,"href":"https:\/\/katolicka-gimnazija.hr\/index.php\/wp-json\/wp\/v2\/tags?post=24507"}],"curies":[{"name":"wp","href":"https:\/\/api.w.org\/{rel}","templated":true}]}}