{"id":25000,"date":"2022-03-18T11:52:14","date_gmt":"2022-03-18T11:52:14","guid":{"rendered":"http:\/\/katolicka-gimnazija.hr\/?p=25000"},"modified":"2022-03-21T06:35:51","modified_gmt":"2022-03-21T06:35:51","slug":"radionica-mentalno-zdravlje-mladih","status":"publish","type":"post","link":"https:\/\/katolicka-gimnazija.hr\/index.php\/2022\/03\/18\/radionica-mentalno-zdravlje-mladih\/","title":{"rendered":"Radionica Mentalno zdravlje mladih"},"content":{"rendered":"<p>U okviru projekta U zdravom tijelu zdrav duh \u2013 o\u010duvajmo tjelesno i mentalno zdravlje mladih psihologinja Nikolina Bodolovi\u0107 je uz pomo\u0107 stru\u010dne suradnice knji\u017eni\u010darke Manuele Polak i pedagoginje Ivane Zovko provela psiholo\u0161ke radionice o mentalnom zdravlju mladih. U\u010denicima 1. i 2. razreda obja\u0161njen je tako dvodimenzionalan koncept psihi\u010dkog zdravlja gdje lo\u0161e psihi\u010dko zdravlja ne zna\u010di automatski psihi\u010dki poreme\u0107aj, kao i da usprkos psihi\u010dkom poreme\u0107aju mo\u017eemo biti dobrog psihi\u010dkog zdravlja. U\u010denici su upoznali zna\u010dajke psihi\u010dki zdrave osobe, te zna\u010dajke neprilago\u0111enog pona\u0161anja. U\u010denici su pou\u010deni kako odr\u017eati psihi\u010dko zdravlje kroz pravilnu prehranu, dovoljnu koli\u010dinu sna, djelovanjem na svoje misli i kroz socijalnu podr\u0161ku. Koji su \u017eeljeli, podijelili su kroz mentimetar svoje negativne misli. Potaknuli smo u\u010denike da preoblikuju svoje negativne misli, kako bi promijenili svoje emocije i svoje pona\u0161anje. Na\u0161e misli nisu \u010dinjenice, ali silno utje\u010du na na\u0161e blagostanje. Kada nam na\u0161e misli \u0161tete i uzrokuju neugodne emocije, dobro je poraditi na njihovoj promjeni. Kao i o tjelesnom, trebamo brinuti o svom mentalnom zdravlju. Brini o sebi, budi (barem) OK.<\/p>\n<p><a href=\"http:\/\/katolicka-gimnazija.hr\/wp-content\/uploads\/2022\/03\/1-2.jpg\"><img loading=\"lazy\" decoding=\"async\" class=\"alignnone size-medium wp-image-25105\" src=\"http:\/\/katolicka-gimnazija.hr\/wp-content\/uploads\/2022\/03\/1-2-300x150.jpg\" alt=\"\" width=\"300\" height=\"150\" srcset=\"https:\/\/katolicka-gimnazija.hr\/wp-content\/uploads\/2022\/03\/1-2-300x150.jpg 300w, https:\/\/katolicka-gimnazija.hr\/wp-content\/uploads\/2022\/03\/1-2-1024x510.jpg 1024w, https:\/\/katolicka-gimnazija.hr\/wp-content\/uploads\/2022\/03\/1-2-768x383.jpg 768w, https:\/\/katolicka-gimnazija.hr\/wp-content\/uploads\/2022\/03\/1-2-400x199.jpg 400w, https:\/\/katolicka-gimnazija.hr\/wp-content\/uploads\/2022\/03\/1-2.jpg 1236w\" sizes=\"auto, (max-width: 300px) 100vw, 300px\" \/><\/a> <a href=\"http:\/\/katolicka-gimnazija.hr\/wp-content\/uploads\/2022\/03\/IMG-ae4067686fc4a2d44389015e612017cd-V.jpg\"><img loading=\"lazy\" decoding=\"async\" class=\"alignnone size-medium wp-image-25008\" src=\"http:\/\/katolicka-gimnazija.hr\/wp-content\/uploads\/2022\/03\/IMG-ae4067686fc4a2d44389015e612017cd-V-300x225.jpg\" alt=\"\" width=\"300\" height=\"225\" srcset=\"https:\/\/katolicka-gimnazija.hr\/wp-content\/uploads\/2022\/03\/IMG-ae4067686fc4a2d44389015e612017cd-V-300x225.jpg 300w, https:\/\/katolicka-gimnazija.hr\/wp-content\/uploads\/2022\/03\/IMG-ae4067686fc4a2d44389015e612017cd-V-1024x768.jpg 1024w, https:\/\/katolicka-gimnazija.hr\/wp-content\/uploads\/2022\/03\/IMG-ae4067686fc4a2d44389015e612017cd-V-768x576.jpg 768w, https:\/\/katolicka-gimnazija.hr\/wp-content\/uploads\/2022\/03\/IMG-ae4067686fc4a2d44389015e612017cd-V-1536x1152.jpg 1536w, https:\/\/katolicka-gimnazija.hr\/wp-content\/uploads\/2022\/03\/IMG-ae4067686fc4a2d44389015e612017cd-V-400x300.jpg 400w, https:\/\/katolicka-gimnazija.hr\/wp-content\/uploads\/2022\/03\/IMG-ae4067686fc4a2d44389015e612017cd-V.jpg 1600w\" sizes=\"auto, (max-width: 300px) 100vw, 300px\" \/><\/a> <a href=\"http:\/\/katolicka-gimnazija.hr\/wp-content\/uploads\/2022\/03\/IMG-60ce019f10abcdcaa86963154971ab9d-V.jpg\"><img loading=\"lazy\" decoding=\"async\" class=\"alignnone size-medium wp-image-25005\" src=\"http:\/\/katolicka-gimnazija.hr\/wp-content\/uploads\/2022\/03\/IMG-60ce019f10abcdcaa86963154971ab9d-V-225x300.jpg\" alt=\"\" width=\"225\" height=\"300\" srcset=\"https:\/\/katolicka-gimnazija.hr\/wp-content\/uploads\/2022\/03\/IMG-60ce019f10abcdcaa86963154971ab9d-V-225x300.jpg 225w, https:\/\/katolicka-gimnazija.hr\/wp-content\/uploads\/2022\/03\/IMG-60ce019f10abcdcaa86963154971ab9d-V-768x1024.jpg 768w, https:\/\/katolicka-gimnazija.hr\/wp-content\/uploads\/2022\/03\/IMG-60ce019f10abcdcaa86963154971ab9d-V-1152x1536.jpg 1152w, https:\/\/katolicka-gimnazija.hr\/wp-content\/uploads\/2022\/03\/IMG-60ce019f10abcdcaa86963154971ab9d-V.jpg 1200w\" sizes=\"auto, (max-width: 225px) 100vw, 225px\" \/><\/a> <a href=\"http:\/\/katolicka-gimnazija.hr\/wp-content\/uploads\/2022\/03\/IMG_20220317_112003-scaled.jpg\"><img loading=\"lazy\" decoding=\"async\" class=\"alignnone size-medium wp-image-25003\" src=\"http:\/\/katolicka-gimnazija.hr\/wp-content\/uploads\/2022\/03\/IMG_20220317_112003-300x225.jpg\" alt=\"\" width=\"300\" height=\"225\" srcset=\"https:\/\/katolicka-gimnazija.hr\/wp-content\/uploads\/2022\/03\/IMG_20220317_112003-300x225.jpg 300w, https:\/\/katolicka-gimnazija.hr\/wp-content\/uploads\/2022\/03\/IMG_20220317_112003-1024x768.jpg 1024w, https:\/\/katolicka-gimnazija.hr\/wp-content\/uploads\/2022\/03\/IMG_20220317_112003-768x576.jpg 768w, https:\/\/katolicka-gimnazija.hr\/wp-content\/uploads\/2022\/03\/IMG_20220317_112003-1536x1152.jpg 1536w, https:\/\/katolicka-gimnazija.hr\/wp-content\/uploads\/2022\/03\/IMG_20220317_112003-2048x1536.jpg 2048w, https:\/\/katolicka-gimnazija.hr\/wp-content\/uploads\/2022\/03\/IMG_20220317_112003-400x300.jpg 400w\" sizes=\"auto, (max-width: 300px) 100vw, 300px\" \/><\/a> <a href=\"http:\/\/katolicka-gimnazija.hr\/wp-content\/uploads\/2022\/03\/IMG_20220317_110928-scaled.jpg\"><img loading=\"lazy\" decoding=\"async\" class=\"alignnone size-medium wp-image-25001\" src=\"http:\/\/katolicka-gimnazija.hr\/wp-content\/uploads\/2022\/03\/IMG_20220317_110928-300x225.jpg\" alt=\"\" width=\"300\" height=\"225\" srcset=\"https:\/\/katolicka-gimnazija.hr\/wp-content\/uploads\/2022\/03\/IMG_20220317_110928-300x225.jpg 300w, https:\/\/katolicka-gimnazija.hr\/wp-content\/uploads\/2022\/03\/IMG_20220317_110928-1024x768.jpg 1024w, https:\/\/katolicka-gimnazija.hr\/wp-content\/uploads\/2022\/03\/IMG_20220317_110928-768x576.jpg 768w, https:\/\/katolicka-gimnazija.hr\/wp-content\/uploads\/2022\/03\/IMG_20220317_110928-1536x1152.jpg 1536w, https:\/\/katolicka-gimnazija.hr\/wp-content\/uploads\/2022\/03\/IMG_20220317_110928-2048x1536.jpg 2048w, https:\/\/katolicka-gimnazija.hr\/wp-content\/uploads\/2022\/03\/IMG_20220317_110928-400x300.jpg 400w\" sizes=\"auto, (max-width: 300px) 100vw, 300px\" \/><\/a> <a href=\"http:\/\/katolicka-gimnazija.hr\/wp-content\/uploads\/2022\/03\/IMG_20220317_110950-scaled.jpg\"><img loading=\"lazy\" decoding=\"async\" class=\"alignnone size-medium wp-image-25002\" src=\"http:\/\/katolicka-gimnazija.hr\/wp-content\/uploads\/2022\/03\/IMG_20220317_110950-225x300.jpg\" alt=\"\" width=\"225\" height=\"300\" srcset=\"https:\/\/katolicka-gimnazija.hr\/wp-content\/uploads\/2022\/03\/IMG_20220317_110950-225x300.jpg 225w, https:\/\/katolicka-gimnazija.hr\/wp-content\/uploads\/2022\/03\/IMG_20220317_110950-768x1024.jpg 768w, https:\/\/katolicka-gimnazija.hr\/wp-content\/uploads\/2022\/03\/IMG_20220317_110950-1152x1536.jpg 1152w, https:\/\/katolicka-gimnazija.hr\/wp-content\/uploads\/2022\/03\/IMG_20220317_110950-1536x2048.jpg 1536w, https:\/\/katolicka-gimnazija.hr\/wp-content\/uploads\/2022\/03\/IMG_20220317_110950-scaled.jpg 1920w\" sizes=\"auto, (max-width: 225px) 100vw, 225px\" \/><\/a> <a href=\"http:\/\/katolicka-gimnazija.hr\/wp-content\/uploads\/2022\/03\/IMG-1a67d334eb8d29534e3c404faee873cb-V.jpg\"><img loading=\"lazy\" decoding=\"async\" class=\"alignnone size-medium wp-image-25004\" src=\"http:\/\/katolicka-gimnazija.hr\/wp-content\/uploads\/2022\/03\/IMG-1a67d334eb8d29534e3c404faee873cb-V-300x225.jpg\" alt=\"\" width=\"300\" height=\"225\" srcset=\"https:\/\/katolicka-gimnazija.hr\/wp-content\/uploads\/2022\/03\/IMG-1a67d334eb8d29534e3c404faee873cb-V-300x225.jpg 300w, https:\/\/katolicka-gimnazija.hr\/wp-content\/uploads\/2022\/03\/IMG-1a67d334eb8d29534e3c404faee873cb-V-1024x768.jpg 1024w, https:\/\/katolicka-gimnazija.hr\/wp-content\/uploads\/2022\/03\/IMG-1a67d334eb8d29534e3c404faee873cb-V-768x576.jpg 768w, https:\/\/katolicka-gimnazija.hr\/wp-content\/uploads\/2022\/03\/IMG-1a67d334eb8d29534e3c404faee873cb-V-1536x1152.jpg 1536w, https:\/\/katolicka-gimnazija.hr\/wp-content\/uploads\/2022\/03\/IMG-1a67d334eb8d29534e3c404faee873cb-V-400x300.jpg 400w, https:\/\/katolicka-gimnazija.hr\/wp-content\/uploads\/2022\/03\/IMG-1a67d334eb8d29534e3c404faee873cb-V.jpg 1600w\" sizes=\"auto, (max-width: 300px) 100vw, 300px\" \/><\/a> <a href=\"http:\/\/katolicka-gimnazija.hr\/wp-content\/uploads\/2022\/03\/IMG-3234eb78119f8ac2a5732d09dd1623a4-V.jpg\"><img loading=\"lazy\" decoding=\"async\" class=\"alignnone size-medium wp-image-25006\" src=\"http:\/\/katolicka-gimnazija.hr\/wp-content\/uploads\/2022\/03\/IMG-3234eb78119f8ac2a5732d09dd1623a4-V-300x225.jpg\" alt=\"\" width=\"300\" height=\"225\" srcset=\"https:\/\/katolicka-gimnazija.hr\/wp-content\/uploads\/2022\/03\/IMG-3234eb78119f8ac2a5732d09dd1623a4-V-300x225.jpg 300w, https:\/\/katolicka-gimnazija.hr\/wp-content\/uploads\/2022\/03\/IMG-3234eb78119f8ac2a5732d09dd1623a4-V-1024x768.jpg 1024w, https:\/\/katolicka-gimnazija.hr\/wp-content\/uploads\/2022\/03\/IMG-3234eb78119f8ac2a5732d09dd1623a4-V-768x576.jpg 768w, https:\/\/katolicka-gimnazija.hr\/wp-content\/uploads\/2022\/03\/IMG-3234eb78119f8ac2a5732d09dd1623a4-V-1536x1152.jpg 1536w, https:\/\/katolicka-gimnazija.hr\/wp-content\/uploads\/2022\/03\/IMG-3234eb78119f8ac2a5732d09dd1623a4-V-400x300.jpg 400w, https:\/\/katolicka-gimnazija.hr\/wp-content\/uploads\/2022\/03\/IMG-3234eb78119f8ac2a5732d09dd1623a4-V.jpg 1600w\" sizes=\"auto, (max-width: 300px) 100vw, 300px\" \/><\/a><\/p>\n<p><a href=\"http:\/\/katolicka-gimnazija.hr\/wp-content\/uploads\/2022\/03\/IMG_20220317_110725-scaled.jpg\"><img loading=\"lazy\" decoding=\"async\" class=\"alignnone size-medium wp-image-25103\" src=\"http:\/\/katolicka-gimnazija.hr\/wp-content\/uploads\/2022\/03\/IMG_20220317_110725-225x300.jpg\" alt=\"\" width=\"225\" height=\"300\" srcset=\"https:\/\/katolicka-gimnazija.hr\/wp-content\/uploads\/2022\/03\/IMG_20220317_110725-225x300.jpg 225w, https:\/\/katolicka-gimnazija.hr\/wp-content\/uploads\/2022\/03\/IMG_20220317_110725-768x1024.jpg 768w, https:\/\/katolicka-gimnazija.hr\/wp-content\/uploads\/2022\/03\/IMG_20220317_110725-1152x1536.jpg 1152w, https:\/\/katolicka-gimnazija.hr\/wp-content\/uploads\/2022\/03\/IMG_20220317_110725-1536x2048.jpg 1536w, https:\/\/katolicka-gimnazija.hr\/wp-content\/uploads\/2022\/03\/IMG_20220317_110725-scaled.jpg 1920w\" sizes=\"auto, (max-width: 225px) 100vw, 225px\" \/><\/a><\/p>\n<p><a href=\"http:\/\/katolicka-gimnazija.hr\/wp-content\/uploads\/2022\/03\/IMG_20220310_110015-scaled.jpg\"><img loading=\"lazy\" decoding=\"async\" class=\"size-medium wp-image-25102\" src=\"http:\/\/katolicka-gimnazija.hr\/wp-content\/uploads\/2022\/03\/IMG_20220310_110015-225x300.jpg\" alt=\"\" width=\"225\" height=\"300\" srcset=\"https:\/\/katolicka-gimnazija.hr\/wp-content\/uploads\/2022\/03\/IMG_20220310_110015-225x300.jpg 225w, https:\/\/katolicka-gimnazija.hr\/wp-content\/uploads\/2022\/03\/IMG_20220310_110015-768x1024.jpg 768w, https:\/\/katolicka-gimnazija.hr\/wp-content\/uploads\/2022\/03\/IMG_20220310_110015-1152x1536.jpg 1152w, https:\/\/katolicka-gimnazija.hr\/wp-content\/uploads\/2022\/03\/IMG_20220310_110015-1536x2048.jpg 1536w, https:\/\/katolicka-gimnazija.hr\/wp-content\/uploads\/2022\/03\/IMG_20220310_110015-scaled.jpg 1920w\" sizes=\"auto, (max-width: 225px) 100vw, 225px\" \/><\/a><\/p>\n<p>&nbsp;<\/p>\n<p>&nbsp;<\/p>\n","protected":false},"excerpt":{"rendered":"<p>U okviru projekta U zdravom tijelu zdrav duh \u2013 o\u010duvajmo tjelesno i mentalno zdravlje mladih psihologinja Nikolina Bodolovi\u0107 je uz pomo\u0107 stru\u010dne suradnice knji\u017eni\u010darke Manuele Polak i pedagoginje Ivane Zovko provela psiholo\u0161ke radionice o mentalnom zdravlju mladih. U\u010denicima 1. i 2. razreda obja\u0161njen je tako dvodimenzionalan koncept psihi\u010dkog zdravlja gdje lo\u0161e psihi\u010dko zdravlja ne zna\u010di [&hellip;]<\/p>\n","protected":false},"author":78,"featured_media":25008,"comment_status":"closed","ping_status":"closed","sticky":false,"template":"","format":"standard","meta":{"footnotes":""},"categories":[2],"tags":[],"class_list":["post-25000","post","type-post","status-publish","format-standard","has-post-thumbnail","hentry","category-vijesti"],"_links":{"self":[{"href":"https:\/\/katolicka-gimnazija.hr\/index.php\/wp-json\/wp\/v2\/posts\/25000","targetHints":{"allow":["GET"]}}],"collection":[{"href":"https:\/\/katolicka-gimnazija.hr\/index.php\/wp-json\/wp\/v2\/posts"}],"about":[{"href":"https:\/\/katolicka-gimnazija.hr\/index.php\/wp-json\/wp\/v2\/types\/post"}],"author":[{"embeddable":true,"href":"https:\/\/katolicka-gimnazija.hr\/index.php\/wp-json\/wp\/v2\/users\/78"}],"replies":[{"embeddable":true,"href":"https:\/\/katolicka-gimnazija.hr\/index.php\/wp-json\/wp\/v2\/comments?post=25000"}],"version-history":[{"count":4,"href":"https:\/\/katolicka-gimnazija.hr\/index.php\/wp-json\/wp\/v2\/posts\/25000\/revisions"}],"predecessor-version":[{"id":25104,"href":"https:\/\/katolicka-gimnazija.hr\/index.php\/wp-json\/wp\/v2\/posts\/25000\/revisions\/25104"}],"wp:featuredmedia":[{"embeddable":true,"href":"https:\/\/katolicka-gimnazija.hr\/index.php\/wp-json\/wp\/v2\/media\/25008"}],"wp:attachment":[{"href":"https:\/\/katolicka-gimnazija.hr\/index.php\/wp-json\/wp\/v2\/media?parent=25000"}],"wp:term":[{"taxonomy":"category","embeddable":true,"href":"https:\/\/katolicka-gimnazija.hr\/index.php\/wp-json\/wp\/v2\/categories?post=25000"},{"taxonomy":"post_tag","embeddable":true,"href":"https:\/\/katolicka-gimnazija.hr\/index.php\/wp-json\/wp\/v2\/tags?post=25000"}],"curies":[{"name":"wp","href":"https:\/\/api.w.org\/{rel}","templated":true}]}}