{"id":25013,"date":"2022-03-17T16:12:41","date_gmt":"2022-03-17T16:12:41","guid":{"rendered":"http:\/\/katolicka-gimnazija.hr\/?p=25013"},"modified":"2022-03-19T16:15:30","modified_gmt":"2022-03-19T16:15:30","slug":"zupanijsko-natjecanje-iz-podrucja-vizualnih-umjetnosti-i-dizajna-lik-2022","status":"publish","type":"post","link":"https:\/\/katolicka-gimnazija.hr\/index.php\/2022\/03\/17\/zupanijsko-natjecanje-iz-podrucja-vizualnih-umjetnosti-i-dizajna-lik-2022\/","title":{"rendered":"\u017dupanijsko natjecanje iz podru\u010dja vizualnih umjetnosti i dizajna \u2013 LIK 2022."},"content":{"rendered":"<p style=\"font-style: inherit; font-weight: inherit;\"><span style=\"font-style: inherit; font-weight: inherit;\">U utorak, 15. o\u017eujka odr\u017eano je \u017dupanijsko natjecanje LIK na koje je je upu\u0107eno troje u\u010denika Katoli\u010dke gimnazije, Jurja Mautner (3.a), Klara Bogadi (3.b) i Ana \u0160ain (3.b). Tre\u0107e mjesto na \u017eupanijskoj razini osvojila je Ana \u0160ain te je tako predlo\u017eena za dr\u017eavnu razinu. <\/span><\/p>\n<p style=\"font-style: inherit; font-weight: inherit;\"><span style=\"font-style: inherit; font-weight: inherit;\">Radove svih u\u010denika koji su sudjelovali na \u017dupanijskom natjecanju LIK 2022. mo\u0107i \u0107ete vidjeti na izlo\u017ebi u Gradskoj knji\u017enici Po\u017eega od 22. o\u017eujka 2022. kada \u0107e biti i slu\u017ebeno otvorenje te uru\u010divanje zahvalnica pobjednicima.<\/span><\/p>\n<p>&nbsp;<\/p>\n","protected":false},"excerpt":{"rendered":"<p>U utorak, 15. o\u017eujka odr\u017eano je \u017dupanijsko natjecanje LIK na koje je je upu\u0107eno troje u\u010denika Katoli\u010dke gimnazije, Jurja Mautner (3.a), Klara Bogadi (3.b) i Ana \u0160ain (3.b). Tre\u0107e mjesto na \u017eupanijskoj razini osvojila je Ana \u0160ain te je tako predlo\u017eena za dr\u017eavnu razinu. Radove svih u\u010denika koji su sudjelovali na \u017dupanijskom natjecanju LIK 2022. [&hellip;]<\/p>\n","protected":false},"author":17,"featured_media":25014,"comment_status":"closed","ping_status":"closed","sticky":false,"template":"","format":"standard","meta":{"footnotes":""},"categories":[209,2],"tags":[],"class_list":["post-25013","post","type-post","status-publish","format-standard","has-post-thumbnail","hentry","category-natjecanja","category-vijesti"],"_links":{"self":[{"href":"https:\/\/katolicka-gimnazija.hr\/index.php\/wp-json\/wp\/v2\/posts\/25013","targetHints":{"allow":["GET"]}}],"collection":[{"href":"https:\/\/katolicka-gimnazija.hr\/index.php\/wp-json\/wp\/v2\/posts"}],"about":[{"href":"https:\/\/katolicka-gimnazija.hr\/index.php\/wp-json\/wp\/v2\/types\/post"}],"author":[{"embeddable":true,"href":"https:\/\/katolicka-gimnazija.hr\/index.php\/wp-json\/wp\/v2\/users\/17"}],"replies":[{"embeddable":true,"href":"https:\/\/katolicka-gimnazija.hr\/index.php\/wp-json\/wp\/v2\/comments?post=25013"}],"version-history":[{"count":1,"href":"https:\/\/katolicka-gimnazija.hr\/index.php\/wp-json\/wp\/v2\/posts\/25013\/revisions"}],"predecessor-version":[{"id":25015,"href":"https:\/\/katolicka-gimnazija.hr\/index.php\/wp-json\/wp\/v2\/posts\/25013\/revisions\/25015"}],"wp:featuredmedia":[{"embeddable":true,"href":"https:\/\/katolicka-gimnazija.hr\/index.php\/wp-json\/wp\/v2\/media\/25014"}],"wp:attachment":[{"href":"https:\/\/katolicka-gimnazija.hr\/index.php\/wp-json\/wp\/v2\/media?parent=25013"}],"wp:term":[{"taxonomy":"category","embeddable":true,"href":"https:\/\/katolicka-gimnazija.hr\/index.php\/wp-json\/wp\/v2\/categories?post=25013"},{"taxonomy":"post_tag","embeddable":true,"href":"https:\/\/katolicka-gimnazija.hr\/index.php\/wp-json\/wp\/v2\/tags?post=25013"}],"curies":[{"name":"wp","href":"https:\/\/api.w.org\/{rel}","templated":true}]}}