{"id":25113,"date":"2022-03-23T06:42:01","date_gmt":"2022-03-23T06:42:01","guid":{"rendered":"http:\/\/katolicka-gimnazija.hr\/?p=25113"},"modified":"2022-03-23T10:19:23","modified_gmt":"2022-03-23T10:19:23","slug":"fotonatjecaj-knjiga-kao-prostor-slobode","status":"publish","type":"post","link":"https:\/\/katolicka-gimnazija.hr\/index.php\/2022\/03\/23\/fotonatjecaj-knjiga-kao-prostor-slobode\/","title":{"rendered":"Foto natje\u010daj: Knjiga kao prostor slobode"},"content":{"rendered":"<p><strong>U sklopu obilje\u017eavanja No\u0107i knjige, Katoli\u010dka gimnazija s pravom javnosti organizira 3. nagradni fotografski natje\u010daj pod nazivom \u201eKnjiga kao prostor slobode\u201d koji \u0107e 25. travnja zavr\u0161iti izlo\u017ebom fotografija.<\/strong><\/p>\n<p><strong>Natje\u010daj traje od 23. o\u017eujka do 20. travnja 2022. godine, a na natje\u010daj se mogu prijaviti svi u\u010denici \u0160kole.<\/strong><\/p>\n<p><strong>PROPOZICIJE NATJE\u010cAJA:<\/strong><\/p>\n<ol>\n<li>Tema natje\u010daja: pozivamo vas da okviru teme \u201eKnjiga kao prostor slobode\u201c istra\u017eite pojam <em>slobode,\u00a0<\/em>u \u010ditavoj lepezi njezinih mogu\u0107ih zna\u010denja i manifestacija (pravo na slobodu samoodre\u0111enja, mi\u0161ljenja,\u00a0izra\u017eavanja, kretanja&#8230;\u00a0i u kona\u010dnici \u017eivljenja na na\u010din koji odabiremo). Poka\u017eite nam i kako nam knjige poma\u017eu pro\u0161iriti granice na\u0161eg unutarnjeg i vanjskog svijeta, odnosno kako \u0161ire prostor slobode u nama.<\/li>\n<li>Autor daje naziv svojoj fotografiji\/svojim fotografijama<\/li>\n<li>Fotografije mogu biti crno-bijele ili u boji<\/li>\n<li>Fotografije trebaju biti u digitalnom obliku<\/li>\n<li>Fotografije po\u0161aljite na e-mail adresu: <u>manuelapolak14@gmail.com<\/u><\/li>\n<li>Autorska i srodna prava pripadaju autoru fotografija, a Organizator natje\u010daja stje\u010de pravo kori\u0161tenja fotografija u svrhu natje\u010daja i izlo\u017ebe te njihove promid\u017ebe<\/li>\n<li>Organizatori natje\u010daja izradit \u0107e fotografije za izlo\u017ebu o svom tro\u0161ku koje \u0107e time postati vlasni\u0161tvo Organizatora<\/li>\n<li>Otvorenje izlo\u017ebe i dodjela nagrada za najbolje fotografije odr\u017eat \u0107e se 25. travnja 2022. godine u \u0160koli, a u sklopu obilje\u017eavanja No\u0107i knjige.<\/li>\n<\/ol>\n","protected":false},"excerpt":{"rendered":"<p>U sklopu obilje\u017eavanja No\u0107i knjige, Katoli\u010dka gimnazija s pravom javnosti organizira 3. nagradni fotografski natje\u010daj pod nazivom \u201eKnjiga kao prostor slobode\u201d koji \u0107e 25. travnja zavr\u0161iti izlo\u017ebom fotografija. Natje\u010daj traje od 23. o\u017eujka do 20. travnja 2022. godine, a na natje\u010daj se mogu prijaviti svi u\u010denici \u0160kole. PROPOZICIJE NATJE\u010cAJA: Tema natje\u010daja: pozivamo vas da okviru [&hellip;]<\/p>\n","protected":false},"author":78,"featured_media":25114,"comment_status":"closed","ping_status":"closed","sticky":false,"template":"","format":"standard","meta":{"footnotes":""},"categories":[3,2],"tags":[],"class_list":["post-25113","post","type-post","status-publish","format-standard","has-post-thumbnail","hentry","category-obavijesti","category-vijesti"],"_links":{"self":[{"href":"https:\/\/katolicka-gimnazija.hr\/index.php\/wp-json\/wp\/v2\/posts\/25113","targetHints":{"allow":["GET"]}}],"collection":[{"href":"https:\/\/katolicka-gimnazija.hr\/index.php\/wp-json\/wp\/v2\/posts"}],"about":[{"href":"https:\/\/katolicka-gimnazija.hr\/index.php\/wp-json\/wp\/v2\/types\/post"}],"author":[{"embeddable":true,"href":"https:\/\/katolicka-gimnazija.hr\/index.php\/wp-json\/wp\/v2\/users\/78"}],"replies":[{"embeddable":true,"href":"https:\/\/katolicka-gimnazija.hr\/index.php\/wp-json\/wp\/v2\/comments?post=25113"}],"version-history":[{"count":2,"href":"https:\/\/katolicka-gimnazija.hr\/index.php\/wp-json\/wp\/v2\/posts\/25113\/revisions"}],"predecessor-version":[{"id":25120,"href":"https:\/\/katolicka-gimnazija.hr\/index.php\/wp-json\/wp\/v2\/posts\/25113\/revisions\/25120"}],"wp:featuredmedia":[{"embeddable":true,"href":"https:\/\/katolicka-gimnazija.hr\/index.php\/wp-json\/wp\/v2\/media\/25114"}],"wp:attachment":[{"href":"https:\/\/katolicka-gimnazija.hr\/index.php\/wp-json\/wp\/v2\/media?parent=25113"}],"wp:term":[{"taxonomy":"category","embeddable":true,"href":"https:\/\/katolicka-gimnazija.hr\/index.php\/wp-json\/wp\/v2\/categories?post=25113"},{"taxonomy":"post_tag","embeddable":true,"href":"https:\/\/katolicka-gimnazija.hr\/index.php\/wp-json\/wp\/v2\/tags?post=25113"}],"curies":[{"name":"wp","href":"https:\/\/api.w.org\/{rel}","templated":true}]}}