{"id":25167,"date":"2022-04-06T09:04:19","date_gmt":"2022-04-06T09:04:19","guid":{"rendered":"http:\/\/katolicka-gimnazija.hr\/?p=25167"},"modified":"2022-04-06T09:04:19","modified_gmt":"2022-04-06T09:04:19","slug":"i-skolski-list-i-radijska-emisija-i-samostalni-novinarski-rad-pozvani-na-drzavnu-smotru","status":"publish","type":"post","link":"https:\/\/katolicka-gimnazija.hr\/index.php\/2022\/04\/06\/i-skolski-list-i-radijska-emisija-i-samostalni-novinarski-rad-pozvani-na-drzavnu-smotru\/","title":{"rendered":"I \u0161kolski list i radijska emisija i samostalni novinarski rad pozvani na dr\u017eavnu smotru!"},"content":{"rendered":"<p>Ju\u010der i danas stigle su sjajne vijesti za Katoli\u010dku gimnaziju! Naime, nakon \u0161to su \u0161kolski list &#8220;Nautes&#8221;, radijska emisija &#8220;Opleti po jeziku&#8221; i prikaz Oskarom nagra\u0111enog filma &#8220;Zemlja nomada&#8221; Rahele Klesinger na \u017eupanijskoj razini predlo\u017eeni za dr\u017eavnu razinu, ju\u010der i danas je kona\u010dno stigla potvrda da su sva tri rada i pozvana na dr\u017eavnu smotru.<\/p>\n<p><a href=\"http:\/\/katolicka-gimnazija.hr\/wp-content\/uploads\/2022\/03\/DSC_9593-scaled.jpg\"><img loading=\"lazy\" decoding=\"async\" class=\"alignleft size-medium wp-image-25024\" src=\"http:\/\/katolicka-gimnazija.hr\/wp-content\/uploads\/2022\/03\/DSC_9593-200x300.jpg\" alt=\"\" width=\"200\" height=\"300\" srcset=\"https:\/\/katolicka-gimnazija.hr\/wp-content\/uploads\/2022\/03\/DSC_9593-200x300.jpg 200w, https:\/\/katolicka-gimnazija.hr\/wp-content\/uploads\/2022\/03\/DSC_9593-683x1024.jpg 683w, https:\/\/katolicka-gimnazija.hr\/wp-content\/uploads\/2022\/03\/DSC_9593-768x1152.jpg 768w, https:\/\/katolicka-gimnazija.hr\/wp-content\/uploads\/2022\/03\/DSC_9593-1024x1536.jpg 1024w, https:\/\/katolicka-gimnazija.hr\/wp-content\/uploads\/2022\/03\/DSC_9593-1365x2048.jpg 1365w, https:\/\/katolicka-gimnazija.hr\/wp-content\/uploads\/2022\/03\/DSC_9593-scaled.jpg 1707w\" sizes=\"auto, (max-width: 200px) 100vw, 200px\" \/><\/a> <a href=\"http:\/\/katolicka-gimnazija.hr\/wp-content\/uploads\/2022\/03\/DSC_9587-scaled.jpg\"><img loading=\"lazy\" decoding=\"async\" class=\"alignleft size-medium wp-image-25027\" src=\"http:\/\/katolicka-gimnazija.hr\/wp-content\/uploads\/2022\/03\/DSC_9587-200x300.jpg\" alt=\"\" width=\"200\" height=\"300\" srcset=\"https:\/\/katolicka-gimnazija.hr\/wp-content\/uploads\/2022\/03\/DSC_9587-200x300.jpg 200w, https:\/\/katolicka-gimnazija.hr\/wp-content\/uploads\/2022\/03\/DSC_9587-683x1024.jpg 683w, https:\/\/katolicka-gimnazija.hr\/wp-content\/uploads\/2022\/03\/DSC_9587-768x1152.jpg 768w, https:\/\/katolicka-gimnazija.hr\/wp-content\/uploads\/2022\/03\/DSC_9587-1024x1536.jpg 1024w, https:\/\/katolicka-gimnazija.hr\/wp-content\/uploads\/2022\/03\/DSC_9587-1365x2048.jpg 1365w, https:\/\/katolicka-gimnazija.hr\/wp-content\/uploads\/2022\/03\/DSC_9587-scaled.jpg 1707w\" sizes=\"auto, (max-width: 200px) 100vw, 200px\" \/><\/a> <a href=\"http:\/\/katolicka-gimnazija.hr\/wp-content\/uploads\/2022\/03\/DSC_9598-scaled.jpg\"><img loading=\"lazy\" decoding=\"async\" class=\"alignleft size-medium wp-image-25021\" src=\"http:\/\/katolicka-gimnazija.hr\/wp-content\/uploads\/2022\/03\/DSC_9598-200x300.jpg\" alt=\"\" width=\"200\" height=\"300\" srcset=\"https:\/\/katolicka-gimnazija.hr\/wp-content\/uploads\/2022\/03\/DSC_9598-200x300.jpg 200w, https:\/\/katolicka-gimnazija.hr\/wp-content\/uploads\/2022\/03\/DSC_9598-683x1024.jpg 683w, https:\/\/katolicka-gimnazija.hr\/wp-content\/uploads\/2022\/03\/DSC_9598-768x1152.jpg 768w, https:\/\/katolicka-gimnazija.hr\/wp-content\/uploads\/2022\/03\/DSC_9598-1024x1536.jpg 1024w, https:\/\/katolicka-gimnazija.hr\/wp-content\/uploads\/2022\/03\/DSC_9598-1365x2048.jpg 1365w, https:\/\/katolicka-gimnazija.hr\/wp-content\/uploads\/2022\/03\/DSC_9598-scaled.jpg 1707w\" sizes=\"auto, (max-width: 200px) 100vw, 200px\" \/><\/a><\/p>\n","protected":false},"excerpt":{"rendered":"<p>Ju\u010der i danas stigle su sjajne vijesti za Katoli\u010dku gimnaziju! Naime, nakon \u0161to su \u0161kolski list &#8220;Nautes&#8221;, radijska emisija &#8220;Opleti po jeziku&#8221; i prikaz Oskarom nagra\u0111enog filma &#8220;Zemlja nomada&#8221; Rahele Klesinger na \u017eupanijskoj razini predlo\u017eeni za dr\u017eavnu razinu, ju\u010der i danas je kona\u010dno stigla potvrda da su sva tri rada i pozvana na dr\u017eavnu smotru.<\/p>\n","protected":false},"author":2,"featured_media":25168,"comment_status":"closed","ping_status":"closed","sticky":false,"template":"","format":"standard","meta":{"footnotes":""},"categories":[209,2],"tags":[],"class_list":["post-25167","post","type-post","status-publish","format-standard","has-post-thumbnail","hentry","category-natjecanja","category-vijesti"],"_links":{"self":[{"href":"https:\/\/katolicka-gimnazija.hr\/index.php\/wp-json\/wp\/v2\/posts\/25167","targetHints":{"allow":["GET"]}}],"collection":[{"href":"https:\/\/katolicka-gimnazija.hr\/index.php\/wp-json\/wp\/v2\/posts"}],"about":[{"href":"https:\/\/katolicka-gimnazija.hr\/index.php\/wp-json\/wp\/v2\/types\/post"}],"author":[{"embeddable":true,"href":"https:\/\/katolicka-gimnazija.hr\/index.php\/wp-json\/wp\/v2\/users\/2"}],"replies":[{"embeddable":true,"href":"https:\/\/katolicka-gimnazija.hr\/index.php\/wp-json\/wp\/v2\/comments?post=25167"}],"version-history":[{"count":1,"href":"https:\/\/katolicka-gimnazija.hr\/index.php\/wp-json\/wp\/v2\/posts\/25167\/revisions"}],"predecessor-version":[{"id":25169,"href":"https:\/\/katolicka-gimnazija.hr\/index.php\/wp-json\/wp\/v2\/posts\/25167\/revisions\/25169"}],"wp:featuredmedia":[{"embeddable":true,"href":"https:\/\/katolicka-gimnazija.hr\/index.php\/wp-json\/wp\/v2\/media\/25168"}],"wp:attachment":[{"href":"https:\/\/katolicka-gimnazija.hr\/index.php\/wp-json\/wp\/v2\/media?parent=25167"}],"wp:term":[{"taxonomy":"category","embeddable":true,"href":"https:\/\/katolicka-gimnazija.hr\/index.php\/wp-json\/wp\/v2\/categories?post=25167"},{"taxonomy":"post_tag","embeddable":true,"href":"https:\/\/katolicka-gimnazija.hr\/index.php\/wp-json\/wp\/v2\/tags?post=25167"}],"curies":[{"name":"wp","href":"https:\/\/api.w.org\/{rel}","templated":true}]}}