{"id":25232,"date":"2022-04-21T10:09:33","date_gmt":"2022-04-21T10:09:33","guid":{"rendered":"http:\/\/katolicka-gimnazija.hr\/?p=25232"},"modified":"2022-04-21T10:09:33","modified_gmt":"2022-04-21T10:09:33","slug":"razgovor-intervju-za-poslove-nastavnika-grckog-jezika","status":"publish","type":"post","link":"https:\/\/katolicka-gimnazija.hr\/index.php\/2022\/04\/21\/razgovor-intervju-za-poslove-nastavnika-grckog-jezika\/","title":{"rendered":"Razgovor (intervju) \u2013 za poslove nastavnika gr\u010dkog jezika"},"content":{"rendered":"<p class=\"x_MsoNormal\">Na razgovor (intervju) za poslove NASTAVNIKA GR\u010cKOG JEZIKA, koji \u0107e se provesti u utorak 26. travnja 2022. godine u sjedi\u0161tu Katoli\u010dke gimnazije s pravom javnosti u Po\u017eegi u Ulici pape Ivana Pavla II. 6 u sobi ravnatelja \u0161kole, upu\u0107uju se kandidati, poredani po abecednom redoslijedu prezimena:<\/p>\n<p class=\"x_MsoListParagraphCxSpFirst\">1.\u00a0\u00a0\u00a0\u00a0MATI\u010cEVI\u0106, IVAN u 10:00 sati<\/p>\n<p class=\"x_MsoListParagraphCxSpMiddle\">2.\u00a0\u00a0\u00a0\u00a0PLASKUR, MATIJA u 10:15 sati.<\/p>\n<p class=\"x_MsoListParagraphCxSpLast\" aria-hidden=\"true\">\n<p class=\"x_MsoNormal\">Kandidat koji ne pristupi razgovoru (intervjuu) vi\u0161e se ne smatra kandidatom.<\/p>\n<p class=\"x_MsoNormal\" aria-hidden=\"true\">\n<p class=\"x_MsoNormal\">Povjerenstvo za procjenu i vrednovanje<\/p>\n<p class=\"x_MsoNormal\">kandidata prijavljenih na natje\u010daj<\/p>\n<p class=\"x_MsoNormal\">koje provodi razgovor (intervju)<\/p>\n","protected":false},"excerpt":{"rendered":"<p>Na razgovor (intervju) za poslove NASTAVNIKA GR\u010cKOG JEZIKA, koji \u0107e se provesti u utorak 26. travnja 2022. godine u sjedi\u0161tu Katoli\u010dke gimnazije s pravom javnosti u Po\u017eegi u Ulici pape Ivana Pavla II. 6 u sobi ravnatelja \u0161kole, upu\u0107uju se kandidati, poredani po abecednom redoslijedu prezimena: 1.\u00a0\u00a0\u00a0\u00a0MATI\u010cEVI\u0106, IVAN u 10:00 sati 2.\u00a0\u00a0\u00a0\u00a0PLASKUR, MATIJA u 10:15 [&hellip;]<\/p>\n","protected":false},"author":78,"featured_media":0,"comment_status":"closed","ping_status":"closed","sticky":false,"template":"","format":"standard","meta":{"footnotes":""},"categories":[192],"tags":[],"class_list":["post-25232","post","type-post","status-publish","format-standard","hentry","category-natjecaji"],"_links":{"self":[{"href":"https:\/\/katolicka-gimnazija.hr\/index.php\/wp-json\/wp\/v2\/posts\/25232","targetHints":{"allow":["GET"]}}],"collection":[{"href":"https:\/\/katolicka-gimnazija.hr\/index.php\/wp-json\/wp\/v2\/posts"}],"about":[{"href":"https:\/\/katolicka-gimnazija.hr\/index.php\/wp-json\/wp\/v2\/types\/post"}],"author":[{"embeddable":true,"href":"https:\/\/katolicka-gimnazija.hr\/index.php\/wp-json\/wp\/v2\/users\/78"}],"replies":[{"embeddable":true,"href":"https:\/\/katolicka-gimnazija.hr\/index.php\/wp-json\/wp\/v2\/comments?post=25232"}],"version-history":[{"count":1,"href":"https:\/\/katolicka-gimnazija.hr\/index.php\/wp-json\/wp\/v2\/posts\/25232\/revisions"}],"predecessor-version":[{"id":25233,"href":"https:\/\/katolicka-gimnazija.hr\/index.php\/wp-json\/wp\/v2\/posts\/25232\/revisions\/25233"}],"wp:attachment":[{"href":"https:\/\/katolicka-gimnazija.hr\/index.php\/wp-json\/wp\/v2\/media?parent=25232"}],"wp:term":[{"taxonomy":"category","embeddable":true,"href":"https:\/\/katolicka-gimnazija.hr\/index.php\/wp-json\/wp\/v2\/categories?post=25232"},{"taxonomy":"post_tag","embeddable":true,"href":"https:\/\/katolicka-gimnazija.hr\/index.php\/wp-json\/wp\/v2\/tags?post=25232"}],"curies":[{"name":"wp","href":"https:\/\/api.w.org\/{rel}","templated":true}]}}