{"id":25491,"date":"2022-05-11T06:41:27","date_gmt":"2022-05-11T06:41:27","guid":{"rendered":"http:\/\/katolicka-gimnazija.hr\/?p=25491"},"modified":"2022-05-11T06:41:27","modified_gmt":"2022-05-11T06:41:27","slug":"11-humanitarni-malonogometni-turnir-nisi-sam","status":"publish","type":"post","link":"https:\/\/katolicka-gimnazija.hr\/index.php\/2022\/05\/11\/11-humanitarni-malonogometni-turnir-nisi-sam\/","title":{"rendered":"11. Humanitarni malonogometni turnir &#8220;Nisi sam&#8221;"},"content":{"rendered":"<p>Na Spor<a href=\"http:\/\/katolicka-gimnazija.hr\/wp-content\/uploads\/2022\/05\/IMG-20220511-WA0001.jpg\"><img loading=\"lazy\" decoding=\"async\" class=\"size-medium wp-image-25492 alignright\" src=\"http:\/\/katolicka-gimnazija.hr\/wp-content\/uploads\/2022\/05\/IMG-20220511-WA0001-214x300.jpg\" alt=\"\" width=\"214\" height=\"300\" srcset=\"https:\/\/katolicka-gimnazija.hr\/wp-content\/uploads\/2022\/05\/IMG-20220511-WA0001-214x300.jpg 214w, https:\/\/katolicka-gimnazija.hr\/wp-content\/uploads\/2022\/05\/IMG-20220511-WA0001.jpg 714w\" sizes=\"auto, (max-width: 214px) 100vw, 214px\" \/><\/a>tskom rekreacijskom centru u Po\u017eegi 4. lipnja odr\u017eat \u0107e se 11. humanitarni malonogometni turnir &#8220;Nisi sam&#8221; na kojem \u0107e se prikupljati sredstva za nabavku pomagala u nastavi slijepih u\u010denika Katoli\u010dke osnovne \u0161kole u Po\u017eegi.<\/p>\n<p>Organizatori, Katoli\u010dka gimnazija i Caritas Po\u017ee\u0161ke biskupije, pozivaju sve ljude dobre volje da im se pridru\u017ee od 9 do 16 sati na SRC-u Po\u017eega gdje \u0107e se odr\u017eati malonogometni turnir za male nogometa\u0161e godi\u0161ta 2014.<\/p>\n<p>Ukoliko ste u mogu\u0107nosti, svoj nov\u010dani prilog mo\u017eete uplatiti i na donacijski broj (IBAN): HR4223860021130011296<\/p>\n","protected":false},"excerpt":{"rendered":"<p>Na Sportskom rekreacijskom centru u Po\u017eegi 4. lipnja odr\u017eat \u0107e se 11. humanitarni malonogometni turnir &#8220;Nisi sam&#8221; na kojem \u0107e se prikupljati sredstva za nabavku pomagala u nastavi slijepih u\u010denika Katoli\u010dke osnovne \u0161kole u Po\u017eegi. Organizatori, Katoli\u010dka gimnazija i Caritas Po\u017ee\u0161ke biskupije, pozivaju sve ljude dobre volje da im se pridru\u017ee od 9 do 16 [&hellip;]<\/p>\n","protected":false},"author":2,"featured_media":0,"comment_status":"closed","ping_status":"closed","sticky":false,"template":"","format":"standard","meta":{"footnotes":""},"categories":[3],"tags":[],"class_list":["post-25491","post","type-post","status-publish","format-standard","hentry","category-obavijesti"],"_links":{"self":[{"href":"https:\/\/katolicka-gimnazija.hr\/index.php\/wp-json\/wp\/v2\/posts\/25491","targetHints":{"allow":["GET"]}}],"collection":[{"href":"https:\/\/katolicka-gimnazija.hr\/index.php\/wp-json\/wp\/v2\/posts"}],"about":[{"href":"https:\/\/katolicka-gimnazija.hr\/index.php\/wp-json\/wp\/v2\/types\/post"}],"author":[{"embeddable":true,"href":"https:\/\/katolicka-gimnazija.hr\/index.php\/wp-json\/wp\/v2\/users\/2"}],"replies":[{"embeddable":true,"href":"https:\/\/katolicka-gimnazija.hr\/index.php\/wp-json\/wp\/v2\/comments?post=25491"}],"version-history":[{"count":1,"href":"https:\/\/katolicka-gimnazija.hr\/index.php\/wp-json\/wp\/v2\/posts\/25491\/revisions"}],"predecessor-version":[{"id":25493,"href":"https:\/\/katolicka-gimnazija.hr\/index.php\/wp-json\/wp\/v2\/posts\/25491\/revisions\/25493"}],"wp:attachment":[{"href":"https:\/\/katolicka-gimnazija.hr\/index.php\/wp-json\/wp\/v2\/media?parent=25491"}],"wp:term":[{"taxonomy":"category","embeddable":true,"href":"https:\/\/katolicka-gimnazija.hr\/index.php\/wp-json\/wp\/v2\/categories?post=25491"},{"taxonomy":"post_tag","embeddable":true,"href":"https:\/\/katolicka-gimnazija.hr\/index.php\/wp-json\/wp\/v2\/tags?post=25491"}],"curies":[{"name":"wp","href":"https:\/\/api.w.org\/{rel}","templated":true}]}}