{"id":25743,"date":"2022-05-23T14:42:31","date_gmt":"2022-05-23T14:42:31","guid":{"rendered":"http:\/\/katolicka-gimnazija.hr\/?p=25743"},"modified":"2022-05-23T14:42:31","modified_gmt":"2022-05-23T14:42:31","slug":"maturalna-4-b","status":"publish","type":"post","link":"https:\/\/katolicka-gimnazija.hr\/index.php\/2022\/05\/23\/maturalna-4-b\/","title":{"rendered":"Maturalna 4.b"},"content":{"rendered":"<p>Dana 6. svibnja 2022. godine generacija maturanata 2018.\/2022. na\u0161e Katoli\u010dke op\u0107e gimnazije okrunila je svoje srednjo\u0161kolsko obrazovanje maturalnom zabavom u restoranu Sch<em>\u00f6n <\/em>blick. Program je zapo\u010deo u 19 sati, a zajedno s maturantima slavili su roditelji i profesori. Ravnatelj \u0161kole nije mogao sudjelovati u ve\u010deri, ali je prenio svoje \u010destitke preko profesora. Nakon sve\u010danog ulaska i \u0161aljivih prozivki maturanata u salu, razrednica profesorica Sanja Pr\u0161a odr\u017eala je govor upu\u0107en ponajprije maturantima, a zatim i profesorima i roditeljima. Zahvalila se svima i po\u017eeljela sre\u0107u u daljnjem \u0161kolovanju. Nakon nje je predsjednica razreda Katarina Balti\u0107 odr\u017eala govor upu\u0107en svima prisutnima. Zatim je uslijedila \u0161aljiva prozivka profesora, a maturanti su im zahvalnost za protekle \u010detiri godine iskazali poklon\u010di\u0107ima. Profesor Krunoslav Siroglavi\u0107 predvodio je molitvu za blagoslov jela. Maturantica Marta Grgi\u0107 na harmonici, u pratnji profesora Krunoslava\u00a0 Siroglavi\u0107a i Kre\u0161imira Mandi\u0107a na gitarama, odsvirala je nekoliko pjesama te tako jo\u0161 vi\u0161e uljep\u0161ala tu ve\u010der. Nakon sve\u010dane ve\u010dere i kratke zabave roditelji su po\u0161li ku\u0107ama, a njihova su mjesta zauzeli prijatelji i poznanici maturanata. Ples, pjesma i zabava trajali su do ranih jutarnjih sati. \u010cestitamo i mi maturantima na zavr\u0161enom \u0161kolovanju i \u017eelimo im sre\u0107u i Bo\u017eji blagoslov na daljnjim \u017eivotnim putevima!<\/p>\n","protected":false},"excerpt":{"rendered":"<p>Dana 6. svibnja 2022. godine generacija maturanata 2018.\/2022. na\u0161e Katoli\u010dke op\u0107e gimnazije okrunila je svoje srednjo\u0161kolsko obrazovanje maturalnom zabavom u restoranu Sch\u00f6n blick. Program je zapo\u010deo u 19 sati, a zajedno s maturantima slavili su roditelji i profesori. Ravnatelj \u0161kole nije mogao sudjelovati u ve\u010deri, ali je prenio svoje \u010destitke preko profesora. Nakon sve\u010danog ulaska [&hellip;]<\/p>\n","protected":false},"author":67,"featured_media":25811,"comment_status":"closed","ping_status":"closed","sticky":false,"template":"","format":"standard","meta":{"footnotes":""},"categories":[2],"tags":[],"class_list":["post-25743","post","type-post","status-publish","format-standard","has-post-thumbnail","hentry","category-vijesti"],"_links":{"self":[{"href":"https:\/\/katolicka-gimnazija.hr\/index.php\/wp-json\/wp\/v2\/posts\/25743","targetHints":{"allow":["GET"]}}],"collection":[{"href":"https:\/\/katolicka-gimnazija.hr\/index.php\/wp-json\/wp\/v2\/posts"}],"about":[{"href":"https:\/\/katolicka-gimnazija.hr\/index.php\/wp-json\/wp\/v2\/types\/post"}],"author":[{"embeddable":true,"href":"https:\/\/katolicka-gimnazija.hr\/index.php\/wp-json\/wp\/v2\/users\/67"}],"replies":[{"embeddable":true,"href":"https:\/\/katolicka-gimnazija.hr\/index.php\/wp-json\/wp\/v2\/comments?post=25743"}],"version-history":[{"count":1,"href":"https:\/\/katolicka-gimnazija.hr\/index.php\/wp-json\/wp\/v2\/posts\/25743\/revisions"}],"predecessor-version":[{"id":25812,"href":"https:\/\/katolicka-gimnazija.hr\/index.php\/wp-json\/wp\/v2\/posts\/25743\/revisions\/25812"}],"wp:featuredmedia":[{"embeddable":true,"href":"https:\/\/katolicka-gimnazija.hr\/index.php\/wp-json\/wp\/v2\/media\/25811"}],"wp:attachment":[{"href":"https:\/\/katolicka-gimnazija.hr\/index.php\/wp-json\/wp\/v2\/media?parent=25743"}],"wp:term":[{"taxonomy":"category","embeddable":true,"href":"https:\/\/katolicka-gimnazija.hr\/index.php\/wp-json\/wp\/v2\/categories?post=25743"},{"taxonomy":"post_tag","embeddable":true,"href":"https:\/\/katolicka-gimnazija.hr\/index.php\/wp-json\/wp\/v2\/tags?post=25743"}],"curies":[{"name":"wp","href":"https:\/\/api.w.org\/{rel}","templated":true}]}}