{"id":26265,"date":"2022-08-26T11:24:06","date_gmt":"2022-08-26T11:24:06","guid":{"rendered":"http:\/\/katolicka-gimnazija.hr\/?p=26265"},"modified":"2022-08-29T07:19:24","modified_gmt":"2022-08-29T07:19:24","slug":"poziv-na-hodocasce-u-pleternicu","status":"publish","type":"post","link":"https:\/\/katolicka-gimnazija.hr\/index.php\/2022\/08\/26\/poziv-na-hodocasce-u-pleternicu\/","title":{"rendered":"Poziv na hodo\u010da\u0161\u0107e u Pleternicu"},"content":{"rendered":"<div dir=\"auto\">Po\u0161tovani u\u010denici, dragi kolege i prijatelji,<\/div>\n<div dir=\"auto\">vjerujemo kako ste se ve\u0107 do sada uklju\u010dili u hodo\u010da\u0161\u0107e Gospi od Suza u Pleternicu u devetnici koja je u tijeku.<\/div>\n<div dir=\"auto\">Mi vas ipak pozivamo da nam se pridru\u017eite na na\u0161em tradicionalnom hodo\u010da\u0161\u0107u u organizaciji KG-a koje \u0107e se odr\u017eati 30.8. s polaskom u 12h ispred zgrade Katoli\u010dke gimnazije.<\/div>\n<div dir=\"auto\">Pje\u0161a\u010dit \u0107emo gotovo 16km kao i do sada Po\u017ee\u0161kom gorom u miru i ljepoti prirode.<\/div>\n<div dir=\"auto\">Putem \u0107emo moliti krunicu, dru\u017eiti se, upoznavati se, a mo\u017eda i ispovjediti kod novog duhovnika i vjerou\u010ditelja u KG-u.<\/div>\n<div dir=\"auto\">Po dolasku u Pleternicu imat \u0107emo priliku (za sve one koji to \u017eele) presvu\u0107i se i okrijepiti kod jedne divne obitelji koja \u0107e nam otvoriti vrata svoga doma.<\/div>\n<div dir=\"auto\">Povratak je ili u vlastitom aran\u017emanu ili vlakom s pleterni\u010dkog kolodvora.<\/div>\n<div dir=\"auto\">U nadi da se vidimo u \u0161to ve\u0107em broju, duc in altum!<\/div>\n<div dir=\"auto\"><span class=\"fxk3tzhb b2rh1bv3 gh55jysx m8h3af8h ewco64xe kjdc1dyq ms56khn7 bq6c9xl4 eohcrkr5 akh3l2rg\"><img loading=\"lazy\" decoding=\"async\" src=\"https:\/\/static.xx.fbcdn.net\/images\/emoji.php\/v9\/taa\/1.5\/16\/1f603.png\" alt=\"&#x1f603;\" width=\"16\" height=\"16\" \/><\/span><\/div>\n","protected":false},"excerpt":{"rendered":"<p>Po\u0161tovani u\u010denici, dragi kolege i prijatelji, vjerujemo kako ste se ve\u0107 do sada uklju\u010dili u hodo\u010da\u0161\u0107e Gospi od Suza u Pleternicu u devetnici koja je u tijeku. Mi vas ipak pozivamo da nam se pridru\u017eite na na\u0161em tradicionalnom hodo\u010da\u0161\u0107u u organizaciji KG-a koje \u0107e se odr\u017eati 30.8. s polaskom u 12h ispred zgrade Katoli\u010dke gimnazije. [&hellip;]<\/p>\n","protected":false},"author":2,"featured_media":0,"comment_status":"closed","ping_status":"closed","sticky":false,"template":"","format":"standard","meta":{"footnotes":""},"categories":[3],"tags":[],"class_list":["post-26265","post","type-post","status-publish","format-standard","hentry","category-obavijesti"],"_links":{"self":[{"href":"https:\/\/katolicka-gimnazija.hr\/index.php\/wp-json\/wp\/v2\/posts\/26265","targetHints":{"allow":["GET"]}}],"collection":[{"href":"https:\/\/katolicka-gimnazija.hr\/index.php\/wp-json\/wp\/v2\/posts"}],"about":[{"href":"https:\/\/katolicka-gimnazija.hr\/index.php\/wp-json\/wp\/v2\/types\/post"}],"author":[{"embeddable":true,"href":"https:\/\/katolicka-gimnazija.hr\/index.php\/wp-json\/wp\/v2\/users\/2"}],"replies":[{"embeddable":true,"href":"https:\/\/katolicka-gimnazija.hr\/index.php\/wp-json\/wp\/v2\/comments?post=26265"}],"version-history":[{"count":2,"href":"https:\/\/katolicka-gimnazija.hr\/index.php\/wp-json\/wp\/v2\/posts\/26265\/revisions"}],"predecessor-version":[{"id":26267,"href":"https:\/\/katolicka-gimnazija.hr\/index.php\/wp-json\/wp\/v2\/posts\/26265\/revisions\/26267"}],"wp:attachment":[{"href":"https:\/\/katolicka-gimnazija.hr\/index.php\/wp-json\/wp\/v2\/media?parent=26265"}],"wp:term":[{"taxonomy":"category","embeddable":true,"href":"https:\/\/katolicka-gimnazija.hr\/index.php\/wp-json\/wp\/v2\/categories?post=26265"},{"taxonomy":"post_tag","embeddable":true,"href":"https:\/\/katolicka-gimnazija.hr\/index.php\/wp-json\/wp\/v2\/tags?post=26265"}],"curies":[{"name":"wp","href":"https:\/\/api.w.org\/{rel}","templated":true}]}}