{"id":26308,"date":"2022-09-02T12:18:28","date_gmt":"2022-09-02T12:18:28","guid":{"rendered":"http:\/\/katolicka-gimnazija.hr\/?p=26308"},"modified":"2022-09-02T12:19:35","modified_gmt":"2022-09-02T12:19:35","slug":"raspored-za-prvi-dan-nastave","status":"publish","type":"post","link":"https:\/\/katolicka-gimnazija.hr\/index.php\/2022\/09\/02\/raspored-za-prvi-dan-nastave\/","title":{"rendered":"Raspored za prvi dan nastave"},"content":{"rendered":"<p>Po\u0161tovani u\u010denici,<\/p>\n<p>u nastavku se nalazi raspored za prvi dan nastave. Cjeloviti raspored dobit \u0107ete od svojih razrednika na prvim satima razrednika.<\/p>\n<p>Vidimo se! Sretno! \ud83d\ude00<\/p>\n<table width=\"595\">\n<tbody>\n<tr>\n<td width=\"75\">Razredni<\/p>\n<p>odjeli<\/td>\n<td width=\"66\">1. sat<\/p>\n<p>8:00 \u2013 8:45<\/td>\n<td width=\"66\">2. sat<\/p>\n<p>8:50 \u2013 9:35<\/td>\n<td width=\"85\">3. sat<\/p>\n<p>9:40 \u2013 10:40<\/td>\n<td width=\"76\">4. sat<\/p>\n<p>10:55 \u2013 11:30<\/td>\n<td width=\"76\">5. sat<\/p>\n<p>11:35 \u2013 12:10<\/p>\n<p>&nbsp;<\/td>\n<td width=\"76\">6. sat<\/p>\n<p>12:15 \u2013 12:50<\/td>\n<td width=\"76\">7. sat<\/p>\n<p>12:55 \u2013 13:30<\/td>\n<\/tr>\n<tr>\n<td width=\"75\">1. A<\/td>\n<td width=\"66\">SRZ<\/td>\n<td width=\"66\">SRZ<\/td>\n<td rowspan=\"8\" width=\"85\">DVORANA<\/p>\n<p>SVETE<\/p>\n<p>TEREZIJE<\/p>\n<p>AVILSKE<\/p>\n<p>&nbsp;<\/p>\n<p>(1 h)<\/p>\n<p>&nbsp;<\/p>\n<p>SRZ<\/td>\n<td width=\"76\">ENG\/NJE<\/td>\n<td width=\"76\">POV<\/td>\n<td width=\"76\">HRV<\/td>\n<td width=\"76\">BIO<\/td>\n<\/tr>\n<tr>\n<td width=\"75\">1. B<\/td>\n<td width=\"66\">SRZ<\/td>\n<td width=\"66\">SRZ<\/td>\n<td width=\"76\">HRV<\/td>\n<td width=\"76\">ENG\/NJE<\/td>\n<td width=\"76\">FIZ<\/td>\n<td width=\"76\">FIZ<\/td>\n<\/tr>\n<tr>\n<td width=\"75\">2. A<\/td>\n<td width=\"66\">SRZ<\/td>\n<td width=\"66\">SRZ<\/td>\n<td width=\"76\">MAT<\/td>\n<td width=\"76\">GEO<\/td>\n<td width=\"76\">LAT<\/td>\n<td width=\"76\">KEM<\/td>\n<\/tr>\n<tr>\n<td width=\"75\">2. B<\/td>\n<td width=\"66\">SRZ<\/td>\n<td width=\"66\">SRZ<\/td>\n<td width=\"76\">TZK<\/td>\n<td width=\"76\">MAT<\/td>\n<td width=\"76\">KEM<\/td>\n<td width=\"76\">ENG<\/td>\n<\/tr>\n<tr>\n<td width=\"75\">3. A<\/td>\n<td width=\"66\">SRZ<\/td>\n<td width=\"66\">SRZ<\/td>\n<td width=\"76\">HRV<\/td>\n<td width=\"76\">GR\u010c<\/td>\n<td width=\"76\">BIO<\/td>\n<td width=\"76\">LOG<\/td>\n<\/tr>\n<tr>\n<td width=\"75\">3. B<\/td>\n<td width=\"66\">SRZ<\/td>\n<td width=\"66\">SRZ<\/td>\n<td width=\"76\">POV<\/td>\n<td width=\"76\">LOG<\/td>\n<td width=\"76\">TZK<\/td>\n<td width=\"76\">MAT<\/td>\n<\/tr>\n<tr>\n<td width=\"75\">4. A<\/td>\n<td width=\"66\">SRZ<\/td>\n<td width=\"66\">SRZ<\/td>\n<td width=\"76\">LAT<\/td>\n<td width=\"76\">HRV<\/td>\n<td width=\"76\">FIL<\/td>\n<td width=\"76\">GR\u010c<\/td>\n<\/tr>\n<tr>\n<td width=\"75\">4. B<\/td>\n<td width=\"66\">SRZ<\/td>\n<td width=\"66\">SRZ<\/td>\n<td width=\"76\">MAT<\/td>\n<td width=\"76\">MAT<\/td>\n<td width=\"76\">ENG<\/td>\n<td width=\"76\">TZK<\/td>\n<\/tr>\n<\/tbody>\n<\/table>\n","protected":false},"excerpt":{"rendered":"<p>Po\u0161tovani u\u010denici, u nastavku se nalazi raspored za prvi dan nastave. Cjeloviti raspored dobit \u0107ete od svojih razrednika na prvim satima razrednika. Vidimo se! Sretno! \ud83d\ude00 Razredni odjeli 1. sat 8:00 \u2013 8:45 2. sat 8:50 \u2013 9:35 3. sat 9:40 \u2013 10:40 4. sat 10:55 \u2013 11:30 5. sat 11:35 \u2013 12:10 &nbsp; 6. [&hellip;]<\/p>\n","protected":false},"author":2,"featured_media":26309,"comment_status":"closed","ping_status":"closed","sticky":false,"template":"","format":"standard","meta":{"footnotes":""},"categories":[2],"tags":[],"class_list":["post-26308","post","type-post","status-publish","format-standard","has-post-thumbnail","hentry","category-vijesti"],"_links":{"self":[{"href":"https:\/\/katolicka-gimnazija.hr\/index.php\/wp-json\/wp\/v2\/posts\/26308","targetHints":{"allow":["GET"]}}],"collection":[{"href":"https:\/\/katolicka-gimnazija.hr\/index.php\/wp-json\/wp\/v2\/posts"}],"about":[{"href":"https:\/\/katolicka-gimnazija.hr\/index.php\/wp-json\/wp\/v2\/types\/post"}],"author":[{"embeddable":true,"href":"https:\/\/katolicka-gimnazija.hr\/index.php\/wp-json\/wp\/v2\/users\/2"}],"replies":[{"embeddable":true,"href":"https:\/\/katolicka-gimnazija.hr\/index.php\/wp-json\/wp\/v2\/comments?post=26308"}],"version-history":[{"count":3,"href":"https:\/\/katolicka-gimnazija.hr\/index.php\/wp-json\/wp\/v2\/posts\/26308\/revisions"}],"predecessor-version":[{"id":26312,"href":"https:\/\/katolicka-gimnazija.hr\/index.php\/wp-json\/wp\/v2\/posts\/26308\/revisions\/26312"}],"wp:featuredmedia":[{"embeddable":true,"href":"https:\/\/katolicka-gimnazija.hr\/index.php\/wp-json\/wp\/v2\/media\/26309"}],"wp:attachment":[{"href":"https:\/\/katolicka-gimnazija.hr\/index.php\/wp-json\/wp\/v2\/media?parent=26308"}],"wp:term":[{"taxonomy":"category","embeddable":true,"href":"https:\/\/katolicka-gimnazija.hr\/index.php\/wp-json\/wp\/v2\/categories?post=26308"},{"taxonomy":"post_tag","embeddable":true,"href":"https:\/\/katolicka-gimnazija.hr\/index.php\/wp-json\/wp\/v2\/tags?post=26308"}],"curies":[{"name":"wp","href":"https:\/\/api.w.org\/{rel}","templated":true}]}}