{"id":26452,"date":"2022-09-19T06:02:57","date_gmt":"2022-09-19T06:02:57","guid":{"rendered":"http:\/\/katolicka-gimnazija.hr\/?p=26452"},"modified":"2022-09-19T06:03:17","modified_gmt":"2022-09-19T06:03:17","slug":"biskupijski-dan","status":"publish","type":"post","link":"https:\/\/katolicka-gimnazija.hr\/index.php\/2022\/09\/19\/biskupijski-dan\/","title":{"rendered":"Biskupijski dan"},"content":{"rendered":"<p>24. rujna proslavit \u0107emo Biskupijski dan koji je ujedno i Dan katoli\u010dkih \u0161kola Po\u017ee\u0161ke biskupije. Taj dan uprili\u010dit \u0107e se brojna doga\u0111anja kako za u\u010denike i djelatnike na\u0161ih \u0161kola, tako i za sve ostale vjernike aktivne u pojedinim podru\u010djima \u017eupskoga ili biskupijskog \u017eivota.<\/p>\n<p style=\"text-align: center;\"><a href=\"http:\/\/katolicka-gimnazija.hr\/wp-content\/uploads\/2022\/09\/IMG-20220916-WA0001-1.jpg\"><img loading=\"lazy\" decoding=\"async\" class=\"alignnone size-medium wp-image-26453\" src=\"http:\/\/katolicka-gimnazija.hr\/wp-content\/uploads\/2022\/09\/IMG-20220916-WA0001-1-212x300.jpg\" alt=\"\" width=\"212\" height=\"300\" srcset=\"https:\/\/katolicka-gimnazija.hr\/wp-content\/uploads\/2022\/09\/IMG-20220916-WA0001-1-212x300.jpg 212w, https:\/\/katolicka-gimnazija.hr\/wp-content\/uploads\/2022\/09\/IMG-20220916-WA0001-1-724x1024.jpg 724w, https:\/\/katolicka-gimnazija.hr\/wp-content\/uploads\/2022\/09\/IMG-20220916-WA0001-1-768x1086.jpg 768w, https:\/\/katolicka-gimnazija.hr\/wp-content\/uploads\/2022\/09\/IMG-20220916-WA0001-1-1086x1536.jpg 1086w, https:\/\/katolicka-gimnazija.hr\/wp-content\/uploads\/2022\/09\/IMG-20220916-WA0001-1.jpg 1131w\" sizes=\"auto, (max-width: 212px) 100vw, 212px\" \/><\/a><\/p>\n","protected":false},"excerpt":{"rendered":"<p>24. rujna proslavit \u0107emo Biskupijski dan koji je ujedno i Dan katoli\u010dkih \u0161kola Po\u017ee\u0161ke biskupije. Taj dan uprili\u010dit \u0107e se brojna doga\u0111anja kako za u\u010denike i djelatnike na\u0161ih \u0161kola, tako i za sve ostale vjernike aktivne u pojedinim podru\u010djima \u017eupskoga ili biskupijskog \u017eivota.<\/p>\n","protected":false},"author":2,"featured_media":0,"comment_status":"closed","ping_status":"closed","sticky":false,"template":"","format":"standard","meta":{"footnotes":""},"categories":[3],"tags":[],"class_list":["post-26452","post","type-post","status-publish","format-standard","hentry","category-obavijesti"],"_links":{"self":[{"href":"https:\/\/katolicka-gimnazija.hr\/index.php\/wp-json\/wp\/v2\/posts\/26452","targetHints":{"allow":["GET"]}}],"collection":[{"href":"https:\/\/katolicka-gimnazija.hr\/index.php\/wp-json\/wp\/v2\/posts"}],"about":[{"href":"https:\/\/katolicka-gimnazija.hr\/index.php\/wp-json\/wp\/v2\/types\/post"}],"author":[{"embeddable":true,"href":"https:\/\/katolicka-gimnazija.hr\/index.php\/wp-json\/wp\/v2\/users\/2"}],"replies":[{"embeddable":true,"href":"https:\/\/katolicka-gimnazija.hr\/index.php\/wp-json\/wp\/v2\/comments?post=26452"}],"version-history":[{"count":1,"href":"https:\/\/katolicka-gimnazija.hr\/index.php\/wp-json\/wp\/v2\/posts\/26452\/revisions"}],"predecessor-version":[{"id":26454,"href":"https:\/\/katolicka-gimnazija.hr\/index.php\/wp-json\/wp\/v2\/posts\/26452\/revisions\/26454"}],"wp:attachment":[{"href":"https:\/\/katolicka-gimnazija.hr\/index.php\/wp-json\/wp\/v2\/media?parent=26452"}],"wp:term":[{"taxonomy":"category","embeddable":true,"href":"https:\/\/katolicka-gimnazija.hr\/index.php\/wp-json\/wp\/v2\/categories?post=26452"},{"taxonomy":"post_tag","embeddable":true,"href":"https:\/\/katolicka-gimnazija.hr\/index.php\/wp-json\/wp\/v2\/tags?post=26452"}],"curies":[{"name":"wp","href":"https:\/\/api.w.org\/{rel}","templated":true}]}}